
{"id":6842,"date":"2013-11-15T13:00:08","date_gmt":"2013-11-15T13:00:08","guid":{"rendered":"https:\/\/sport.luiss.it\/?p=6842"},"modified":"2013-11-15T13:00:08","modified_gmt":"2013-11-15T13:00:08","slug":"basket-al-palaluiss-va-in-scena-il-derby-con-la-petriana","status":"publish","type":"post","link":"https:\/\/sport.luiss.it\/en\/2013\/11\/15\/basket-al-palaluiss-va-in-scena-il-derby-con-la-petriana\/","title":{"rendered":"Basket: al PalaLUISS va in scena il derby con la Petriana"},"content":{"rendered":"<p><a href=\"https:\/\/sport.luiss.it\/wp-content\/uploads\/2013\/11\/GiovanniMori.jpg\"><img loading=\"lazy\" decoding=\"async\" class=\"alignleft size-full wp-image-6843\" alt=\"GiovanniMori\" src=\"https:\/\/sport.luiss.it\/wp-content\/uploads\/2013\/11\/GiovanniMori.jpg\" width=\"300\" height=\"397\" \/><\/a>Dopo aver espugnato il non facile campo di Valmontone, torna sul parquet di casa l\u2019ASD LUISS militante nel campionato DNC, che sabato 16 novembre alle 18 ospiter\u00e0 al PalaLUISS di Piazza Mancini la <strong>Petriana Roma<\/strong> per il 7\u00b0 turno stagionale.<\/p>\n<p>Un match che ovviamente non sar\u00e0 facile per i ragazzi di Briscese, chiamati ad un\u2019altra prestazione fatta di concentrazione ed attenzione contro una squadra che affronter\u00e0 la prima della classe senza nulla da perdere e con la voglia di farle uno sgambetto dopo sei successi consecutivi. La formazione guidata da Marco Martiri ha sinora ottenuto due vittorie, con l\u2019ultima sconfitta rimediata la settimana scorsa in casa proprio contro la seconda capolista del girone E, l\u2019Olimpia Cagliari, che ha espugnato il Pala Petriana con il risultato di 55-49. I gialloblu, che hanno affrontato l\u2019ultimo match con qualche defezione importante, possono comunque contare su un roster importante con i vari <strong>Franz\u00e8, Martongello, Nero, Ferrarese<\/strong>, che sono i leader di una squadra fondamentalmente giovane.<\/p>\n<p>A presentare la settima partita della stagione \u00e8<strong> Coach Max Briscese<\/strong>: \u201c<em>Sappiamo che sar\u00e0 una partita difficile, d\u2019altronde abbiamo avuto dimostrazione che tutte le squadre, anche quelle che sono un po\u2019 pi\u00f9 in basso in classifica, possono mettere in difficolt\u00e0 chiunque, e la dimostrazione \u00e8 il successo sfiorato proprio dai nostri prossimi avversari contro Cagliari lo scorso sabato. La Petriana verr\u00e0 in casa nostra per fare una prestazione sopra le righe, d\u2019altronde sono ragazzi giovani che possono contare su qualche elemento pi\u00f9 esperto di questa categoria e quindi possono creare problemi a tutti. Sar\u00e0 una gara insidiosa, quelle che abbiamo giocato e altri scontri del girone E hanno dimostrato che non bisogna sottovalutare nessuno, ma questo noi lo sappiamo ed \u00e8 ormai questione di mentalit\u00e0 per i miei ragazzi affrontare tutte le partite con attenzione, perch\u00e9 sappiamo che ogni minimo rilassamento pu\u00f2 costare caro. Difficilmente guardiamo al nome o alla posizione in classifica della nostra avversaria settimanale, semplicemente ci prepariamo per affrontarla con grande attenzione, allenandoci nel migliore dei modi, e consapevoli che per continuare il nostro cammino positivamente abbiamo bisogno di una grande forza mentale che poi \u00e8 ci\u00f2 che serve per produrre buone prestazioni, soprattutto adesso che stiamo prendendo continuit\u00e0 di risultato. Non mi stancher\u00f2 mai di ripeter<\/em>e \u2013 conclude l\u2019allenatore luissino \u2013 <em>che abbiamo tanti aspetti da migliorare e che i margini per farlo ci sono tutti, a partire gi\u00e0 dalla partita di sabato dove affronteremo un avversario ostico che metter\u00e0 alla prova la nostra concentrazione che, come successo nelle gare sinora giocate, dovr\u00e0 essere ai massimi livelli.\u201d<\/em><\/p>\n<p><strong>Giovanni Mori<\/strong>, uno tra i senior della formazione biancoblu, si esprime cos\u00ec sull\u2019andamento della squadra in questi primi mesi di lavoro e su quello che sar\u00e0 l\u2019impegno nel derby con la Petriana: \u201c<em>Stiamo facendo tutto nel migliore dei modi, lavorando bene di settimana in settimana e i risultati ci stanno dando ragione. Credo che se riusciamo a trovare la quadratura perfetta e a migliorare ulteriormente l\u2019organizzazione di squadra riusciremo a rispettare le aspettative, perch\u00e9 siamo consapevoli comunque di essere una delle favorite del girone e che il nostro pi\u00f9 grande avversario siamo noi stessi perch\u00e9 una distrazione pu\u00f2 costare cara ed \u00e8 questo che dobbiamo evitare accada. Per quanto riguarda la gara di domani non sar\u00e0 sicuramente facile perch\u00e9 ogni partita fa storia a s\u00e9, ma noi in casa riusciamo a dare quel qualcosa in pi\u00f9 che poi ci porta a sfoderare sempre ottime prestazioni, che ovviamente speriamo di ripetere contro la Petriana, squadra che ha alcuni giocatori pericolosi e per questo motivo non dobbiamo assolutamente commettere l\u2019errore di sottovalutarli semplicemente per la posizione in classifica che occupano attualmente.\u201d<\/em><\/p>\n<p>Il derby tra ASD LUISS e Petriana Roma si giocher\u00e0 <strong>sabato 16 alle 18 al Pala LUISS<\/strong> di Piazza Mancini di Roma, dove ad arbitrare sono chiamati i Signori Eugenio Roberti e Ciro Marzullo, entrambi provenienti dalla Capitale.<\/p>\n<p><strong>Danila Di Biase<\/strong><br \/>\n<strong>ASD LUISS<\/strong><\/p>\n","protected":false},"excerpt":{"rendered":"<p>Dopo aver espugnato il non facile campo di Valmontone, torna sul parquet di casa l\u2019ASD LUISS militante nel campionato DNC, che sabato 16 novembre alle 18 ospiter\u00e0 al PalaLUISS di [&hellip;]<\/p>\n","protected":false},"author":441,"featured_media":6843,"comment_status":"closed","ping_status":"closed","sticky":false,"template":"","format":"standard","meta":{"_monsterinsights_skip_tracking":false,"_monsterinsights_sitenote_active":false,"_monsterinsights_sitenote_note":"","_monsterinsights_sitenote_category":0,"footnotes":""},"categories":[114],"tags":[],"class_list":["post-6842","post","type-post","status-publish","format-standard","has-post-thumbnail","hentry","category-news-basket-c"],"yoast_head":"<!-- This site is optimized with the Yoast SEO plugin v26.5 - https:\/\/yoast.com\/wordpress\/plugins\/seo\/ -->\n<title>Basket: al PalaLUISS va in scena il derby con la Petriana - Luiss Sport - Luiss Guido Carli<\/title>\n<meta name=\"robots\" content=\"index, follow, max-snippet:-1, max-image-preview:large, max-video-preview:-1\" \/>\n<link rel=\"canonical\" href=\"https:\/\/sport.luiss.it\/2013\/11\/15\/basket-al-palaluiss-va-in-scena-il-derby-con-la-petriana\/\" \/>\n<meta property=\"og:locale\" content=\"en_US\" \/>\n<meta property=\"og:type\" content=\"article\" \/>\n<meta property=\"og:title\" content=\"Basket: al PalaLUISS va in scena il derby con la Petriana - Luiss Sport - Luiss Guido Carli\" \/>\n<meta property=\"og:description\" content=\"Dopo aver espugnato il non facile campo di Valmontone, torna sul parquet di casa l\u2019ASD LUISS militante nel campionato DNC, che sabato 16 novembre alle 18 ospiter\u00e0 al PalaLUISS di [&hellip;]\" \/>\n<meta property=\"og:url\" content=\"https:\/\/sport.luiss.it\/2013\/11\/15\/basket-al-palaluiss-va-in-scena-il-derby-con-la-petriana\/\" \/>\n<meta property=\"og:site_name\" content=\"Luiss Sport - Luiss Guido Carli\" \/>\n<meta property=\"article:publisher\" content=\"https:\/\/www.facebook.com\/sportluiss\/\" \/>\n<meta property=\"article:published_time\" content=\"2013-11-15T13:00:08+00:00\" \/>\n<meta name=\"twitter:card\" content=\"summary_large_image\" \/>\n<meta name=\"twitter:label1\" content=\"Written by\" \/>\n\t<meta name=\"twitter:data1\" content=\"\" \/>\n\t<meta name=\"twitter:label2\" content=\"Est. reading time\" \/>\n\t<meta name=\"twitter:data2\" content=\"3 minutes\" \/>\n<script type=\"application\/ld+json\" class=\"yoast-schema-graph\">{\"@context\":\"https:\/\/schema.org\",\"@graph\":[{\"@type\":\"WebPage\",\"@id\":\"https:\/\/sport.luiss.it\/2013\/11\/15\/basket-al-palaluiss-va-in-scena-il-derby-con-la-petriana\/\",\"url\":\"https:\/\/sport.luiss.it\/2013\/11\/15\/basket-al-palaluiss-va-in-scena-il-derby-con-la-petriana\/\",\"name\":\"Basket: al PalaLUISS va in scena il derby con la Petriana - Luiss Sport - Luiss Guido Carli\",\"isPartOf\":{\"@id\":\"https:\/\/sport.luiss.it\/#website\"},\"primaryImageOfPage\":{\"@id\":\"https:\/\/sport.luiss.it\/2013\/11\/15\/basket-al-palaluiss-va-in-scena-il-derby-con-la-petriana\/#primaryimage\"},\"image\":{\"@id\":\"https:\/\/sport.luiss.it\/2013\/11\/15\/basket-al-palaluiss-va-in-scena-il-derby-con-la-petriana\/#primaryimage\"},\"thumbnailUrl\":\"\",\"datePublished\":\"2013-11-15T13:00:08+00:00\",\"author\":{\"@id\":\"\"},\"breadcrumb\":{\"@id\":\"https:\/\/sport.luiss.it\/2013\/11\/15\/basket-al-palaluiss-va-in-scena-il-derby-con-la-petriana\/#breadcrumb\"},\"inLanguage\":\"en-US\",\"potentialAction\":[{\"@type\":\"ReadAction\",\"target\":[\"https:\/\/sport.luiss.it\/2013\/11\/15\/basket-al-palaluiss-va-in-scena-il-derby-con-la-petriana\/\"]}]},{\"@type\":\"ImageObject\",\"inLanguage\":\"en-US\",\"@id\":\"https:\/\/sport.luiss.it\/2013\/11\/15\/basket-al-palaluiss-va-in-scena-il-derby-con-la-petriana\/#primaryimage\",\"url\":\"\",\"contentUrl\":\"\"},{\"@type\":\"BreadcrumbList\",\"@id\":\"https:\/\/sport.luiss.it\/2013\/11\/15\/basket-al-palaluiss-va-in-scena-il-derby-con-la-petriana\/#breadcrumb\",\"itemListElement\":[{\"@type\":\"ListItem\",\"position\":1,\"name\":\"Home\",\"item\":\"https:\/\/sport.luiss.it\/en\/\"},{\"@type\":\"ListItem\",\"position\":2,\"name\":\"Basket: al PalaLUISS va in scena il derby con la Petriana\"}]},{\"@type\":\"WebSite\",\"@id\":\"https:\/\/sport.luiss.it\/#website\",\"url\":\"https:\/\/sport.luiss.it\/\",\"name\":\"Luiss Sport - Luiss Guido Carli\",\"description\":\"Luiss Sport\",\"potentialAction\":[{\"@type\":\"SearchAction\",\"target\":{\"@type\":\"EntryPoint\",\"urlTemplate\":\"https:\/\/sport.luiss.it\/?s={search_term_string}\"},\"query-input\":{\"@type\":\"PropertyValueSpecification\",\"valueRequired\":true,\"valueName\":\"search_term_string\"}}],\"inLanguage\":\"en-US\"},{\"@type\":\"Person\",\"@id\":\"\"}]}<\/script>\n<!-- \/ Yoast SEO plugin. -->","yoast_head_json":{"title":"Basket: al PalaLUISS va in scena il derby con la Petriana - Luiss Sport - Luiss Guido Carli","robots":{"index":"index","follow":"follow","max-snippet":"max-snippet:-1","max-image-preview":"max-image-preview:large","max-video-preview":"max-video-preview:-1"},"canonical":"https:\/\/sport.luiss.it\/2013\/11\/15\/basket-al-palaluiss-va-in-scena-il-derby-con-la-petriana\/","og_locale":"en_US","og_type":"article","og_title":"Basket: al PalaLUISS va in scena il derby con la Petriana - Luiss Sport - Luiss Guido Carli","og_description":"Dopo aver espugnato il non facile campo di Valmontone, torna sul parquet di casa l\u2019ASD LUISS militante nel campionato DNC, che sabato 16 novembre alle 18 ospiter\u00e0 al PalaLUISS di [&hellip;]","og_url":"https:\/\/sport.luiss.it\/2013\/11\/15\/basket-al-palaluiss-va-in-scena-il-derby-con-la-petriana\/","og_site_name":"Luiss Sport - Luiss Guido Carli","article_publisher":"https:\/\/www.facebook.com\/sportluiss\/","article_published_time":"2013-11-15T13:00:08+00:00","twitter_card":"summary_large_image","twitter_misc":{"Written by":"","Est. reading time":"3 minutes"},"schema":{"@context":"https:\/\/schema.org","@graph":[{"@type":"WebPage","@id":"https:\/\/sport.luiss.it\/2013\/11\/15\/basket-al-palaluiss-va-in-scena-il-derby-con-la-petriana\/","url":"https:\/\/sport.luiss.it\/2013\/11\/15\/basket-al-palaluiss-va-in-scena-il-derby-con-la-petriana\/","name":"Basket: al PalaLUISS va in scena il derby con la Petriana - Luiss Sport - Luiss Guido Carli","isPartOf":{"@id":"https:\/\/sport.luiss.it\/#website"},"primaryImageOfPage":{"@id":"https:\/\/sport.luiss.it\/2013\/11\/15\/basket-al-palaluiss-va-in-scena-il-derby-con-la-petriana\/#primaryimage"},"image":{"@id":"https:\/\/sport.luiss.it\/2013\/11\/15\/basket-al-palaluiss-va-in-scena-il-derby-con-la-petriana\/#primaryimage"},"thumbnailUrl":"","datePublished":"2013-11-15T13:00:08+00:00","author":{"@id":""},"breadcrumb":{"@id":"https:\/\/sport.luiss.it\/2013\/11\/15\/basket-al-palaluiss-va-in-scena-il-derby-con-la-petriana\/#breadcrumb"},"inLanguage":"en-US","potentialAction":[{"@type":"ReadAction","target":["https:\/\/sport.luiss.it\/2013\/11\/15\/basket-al-palaluiss-va-in-scena-il-derby-con-la-petriana\/"]}]},{"@type":"ImageObject","inLanguage":"en-US","@id":"https:\/\/sport.luiss.it\/2013\/11\/15\/basket-al-palaluiss-va-in-scena-il-derby-con-la-petriana\/#primaryimage","url":"","contentUrl":""},{"@type":"BreadcrumbList","@id":"https:\/\/sport.luiss.it\/2013\/11\/15\/basket-al-palaluiss-va-in-scena-il-derby-con-la-petriana\/#breadcrumb","itemListElement":[{"@type":"ListItem","position":1,"name":"Home","item":"https:\/\/sport.luiss.it\/en\/"},{"@type":"ListItem","position":2,"name":"Basket: al PalaLUISS va in scena il derby con la Petriana"}]},{"@type":"WebSite","@id":"https:\/\/sport.luiss.it\/#website","url":"https:\/\/sport.luiss.it\/","name":"Luiss Sport - Luiss Guido Carli","description":"Luiss Sport","potentialAction":[{"@type":"SearchAction","target":{"@type":"EntryPoint","urlTemplate":"https:\/\/sport.luiss.it\/?s={search_term_string}"},"query-input":{"@type":"PropertyValueSpecification","valueRequired":true,"valueName":"search_term_string"}}],"inLanguage":"en-US"},{"@type":"Person","@id":""}]}},"_links":{"self":[{"href":"https:\/\/sport.luiss.it\/en\/wp-json\/wp\/v2\/posts\/6842","targetHints":{"allow":["GET"]}}],"collection":[{"href":"https:\/\/sport.luiss.it\/en\/wp-json\/wp\/v2\/posts"}],"about":[{"href":"https:\/\/sport.luiss.it\/en\/wp-json\/wp\/v2\/types\/post"}],"author":[{"embeddable":true,"href":"https:\/\/sport.luiss.it\/en\/wp-json\/wp\/v2\/users\/441"}],"replies":[{"embeddable":true,"href":"https:\/\/sport.luiss.it\/en\/wp-json\/wp\/v2\/comments?post=6842"}],"version-history":[{"count":0,"href":"https:\/\/sport.luiss.it\/en\/wp-json\/wp\/v2\/posts\/6842\/revisions"}],"wp:featuredmedia":[{"embeddable":true,"href":"https:\/\/sport.luiss.it\/en\/wp-json\/"}],"wp:attachment":[{"href":"https:\/\/sport.luiss.it\/en\/wp-json\/wp\/v2\/media?parent=6842"}],"wp:term":[{"taxonomy":"category","embeddable":true,"href":"https:\/\/sport.luiss.it\/en\/wp-json\/wp\/v2\/categories?post=6842"},{"taxonomy":"post_tag","embeddable":true,"href":"https:\/\/sport.luiss.it\/en\/wp-json\/wp\/v2\/tags?post=6842"}],"curies":[{"name":"wp","href":"https:\/\/api.w.org\/{rel}","templated":true}]}}