
{"id":7035,"date":"2013-12-20T13:46:08","date_gmt":"2013-12-20T13:46:08","guid":{"rendered":"https:\/\/sport.luiss.it\/?p=7035"},"modified":"2013-12-20T13:46:08","modified_gmt":"2013-12-20T13:46:08","slug":"basket-la-luiss-e-pronta-per-il-derby","status":"publish","type":"post","link":"https:\/\/sport.luiss.it\/en\/2013\/12\/20\/basket-la-luiss-e-pronta-per-il-derby\/","title":{"rendered":"Basket: la LUISS \u00e8 pronta per il derby"},"content":{"rendered":"<p><a href=\"https:\/\/sport.luiss.it\/wp-content\/uploads\/2013\/12\/Luca-Anselmi.jpg\"><img loading=\"lazy\" decoding=\"async\" class=\"alignleft size-full wp-image-7036\" alt=\"Luca Anselmi\" src=\"https:\/\/sport.luiss.it\/wp-content\/uploads\/2013\/12\/Luca-Anselmi.jpg\" width=\"300\" height=\"407\" \/><\/a>Ultima partita del 2013 per l\u2019ASD LUISS militante in DNC che sabato 21 dicembre affronter\u00e0 al PalaLUISS la<strong> Tiber Roma<\/strong>, nell\u2019ormai classico derby di fine anno.<\/p>\n<p>La partita che chiuder\u00e0 l\u2019anno solare si prospetta entusiasmante ed avvincente, con due squadre che vi arrivano dopo due successi molto importanti ottenuti contro Viterbo e Cagliari, che hanno confermato per la LUISS il primato in classifica, mentre per la Tiber sono stati due punti molto importanti ottenuti contro una delle prime della classe e che confermano le ambizioni della squadra di Trabalza di puntare ad un buon piazzamento nei prossimi play-off di maggio. La formazione tiberina ha sinora conquistato 6 vittorie, portandosi quindi al quinto posto in classifica in coabitazione con il S. Orsola Sassari e l\u2019Accademia Basket Sestu, e pu\u00f2 contare su elementi molto esperti della categoria come Capitan Padovani e Daniele Ricciardi che sono le chiocce di un gruppo composto da tanti under, di cui la gran parte cresciuti proprio nel settore giovanile della Tiber.<\/p>\n<p>Adesso per\u00f2 \u00e8 tempo di pensare solo al derby, e alle insidie che una gara come questa pu\u00f2 nascondere, proprio come dichiara il Coach luissino <strong>Max Briscese<\/strong>: \u201c<em>Siamo molto contenti e soddisfatti della partita di domenica come \u00e8 ovvio che sia, ma non vogliamo cadere nell\u2019errore della sindrome d\u2019appagamento, ma questo credo che non succeder\u00e0 perch\u00e9 penso che stiamo acquisendo una maturit\u00e0 dal punto di vista mentale che ci fa ben pesare i momenti di questo campionato, e ci fa restare con i piedi per terra consci che ogni gara \u00e8 importante, e sono tutti passi da compiere con grande attenzione. A maggior ragione quando si gioca contro una squadra come la Tiber che in questo momento sta probabilmente esprimendo il suo massimo, quindi siamo molto concentrati e vogliamo assolutamente esserlo per tutta la gara che disputeremo domani. Sappiamo che sar\u00e0 una partita rognosa e difficile, non solo in virt\u00f9 delle qualit\u00e0 della squadra, ma anche perch\u00e9 provengono da un momento molto positivo e dalla vittoria con Cagliari, quindi ci apprestiamo a giocare questa partita sapendo di dover dare il massimo per poter portare a casa i due punti.\u201d<\/em><\/p>\n<p>Un ex molto importante del match, invece, sar\u00e0 <strong>Luca Anselmi<\/strong>, che con la Tiber nel 2008 si \u00e8 laureato Campione d\u2019Italia Under 21 per poi esordire anche in B2, che alla vigilia del derby si esprime cos\u00ec: \u201c<em>Sicuramente sar\u00e0 una partita ostica, loro vengono da un ottimo periodo di forma, quindi non sar\u00e0 sicuramente facile, ma noi dobbiamo confermare quanto di buono abbiamo gi\u00e0 fatto nelle prime 11 partite, per continuare a far bene. In settimana abbiamo avuto qualche piccolo problema fisico, ma comunque ci siamo allenati come al solito, con la massima concentrazione per cercare di confermare nel derby di domani l\u2019ottima prestazione fatta a Viterbo, quindi senza cullarci assolutamente sugli allori per la vittoria conquistata contro la Stella Azzurra. Comunque come nostra forma mentis pensiamo gara dopo gara, senza guardare al big-match contro Cassino, anche perch\u00e9 affrontiamo la Tiber che \u00e8 una squadra che come sua abitudine scende sempre in campo per vincere, e riesce sempre a tirar fuori una grande determinazione, quindi non sar\u00e0 assolutamente una partita scontata, anzi sar\u00e0 molto difficile<\/em>\u201d.<br \/>\nPer quanto riguarda il suo approdo alla LUISS dopo le esperienze a Reggio Emilia, Trento, Omegna, Rieti e Tortona, il numero 13 luissino dichiara: \u201c<em>Sono molto contento di aver scelto quest\u2019Universit\u00e0 e quindi questa squadra, mi trovo molto bene con i compagni, con lo staff tecnico e con tutto l\u2019ambiente, anche se ovviamente dal punto di vista mentale coniugare studio e sport ad altissimo livello non \u00e8 facile, ma anche questa \u00e8 una grande sfida e sono felice di averla intrapresa.\u201d<\/em><br \/>\nIl match tra ASD LUISS Roma e Tiber Roma si disputer\u00e0<strong> sabato 21 dicembre alle 18 al PalaLUISS<\/strong> di via Martino Longhi 2, dove ad arbitrare sono chiamati i Signori Lino Laveneziana di Chieti ed Eugenio Roberti di Roma.<\/p>\n<p><strong>Danila Di Biase<\/strong><br \/>\n<strong>ASD LUISS<\/strong><\/p>\n","protected":false},"excerpt":{"rendered":"<p>Ultima partita del 2013 per l\u2019ASD LUISS militante in DNC che sabato 21 dicembre affronter\u00e0 al PalaLUISS la Tiber Roma, nell\u2019ormai classico derby di fine anno. La partita che chiuder\u00e0 [&hellip;]<\/p>\n","protected":false},"author":441,"featured_media":7036,"comment_status":"closed","ping_status":"closed","sticky":false,"template":"","format":"standard","meta":{"_monsterinsights_skip_tracking":false,"_monsterinsights_sitenote_active":false,"_monsterinsights_sitenote_note":"","_monsterinsights_sitenote_category":0,"footnotes":""},"categories":[114],"tags":[],"class_list":["post-7035","post","type-post","status-publish","format-standard","has-post-thumbnail","hentry","category-news-basket-c"],"yoast_head":"<!-- This site is optimized with the Yoast SEO plugin v26.5 - https:\/\/yoast.com\/wordpress\/plugins\/seo\/ -->\n<title>Basket: la LUISS \u00e8 pronta per il derby - Luiss Sport - Luiss Guido Carli<\/title>\n<meta name=\"robots\" content=\"index, follow, max-snippet:-1, max-image-preview:large, max-video-preview:-1\" \/>\n<link rel=\"canonical\" href=\"https:\/\/sport.luiss.it\/2013\/12\/20\/basket-la-luiss-e-pronta-per-il-derby\/\" \/>\n<meta property=\"og:locale\" content=\"en_US\" \/>\n<meta property=\"og:type\" content=\"article\" \/>\n<meta property=\"og:title\" content=\"Basket: la LUISS \u00e8 pronta per il derby - Luiss Sport - Luiss Guido Carli\" \/>\n<meta property=\"og:description\" content=\"Ultima partita del 2013 per l\u2019ASD LUISS militante in DNC che sabato 21 dicembre affronter\u00e0 al PalaLUISS la Tiber Roma, nell\u2019ormai classico derby di fine anno. La partita che chiuder\u00e0 [&hellip;]\" \/>\n<meta property=\"og:url\" content=\"https:\/\/sport.luiss.it\/2013\/12\/20\/basket-la-luiss-e-pronta-per-il-derby\/\" \/>\n<meta property=\"og:site_name\" content=\"Luiss Sport - Luiss Guido Carli\" \/>\n<meta property=\"article:publisher\" content=\"https:\/\/www.facebook.com\/sportluiss\/\" \/>\n<meta property=\"article:published_time\" content=\"2013-12-20T13:46:08+00:00\" \/>\n<meta name=\"twitter:card\" content=\"summary_large_image\" \/>\n<meta name=\"twitter:label1\" content=\"Written by\" \/>\n\t<meta name=\"twitter:data1\" content=\"\" \/>\n\t<meta name=\"twitter:label2\" content=\"Est. reading time\" \/>\n\t<meta name=\"twitter:data2\" content=\"3 minutes\" \/>\n<script type=\"application\/ld+json\" class=\"yoast-schema-graph\">{\"@context\":\"https:\/\/schema.org\",\"@graph\":[{\"@type\":\"WebPage\",\"@id\":\"https:\/\/sport.luiss.it\/2013\/12\/20\/basket-la-luiss-e-pronta-per-il-derby\/\",\"url\":\"https:\/\/sport.luiss.it\/2013\/12\/20\/basket-la-luiss-e-pronta-per-il-derby\/\",\"name\":\"Basket: la LUISS \u00e8 pronta per il derby - Luiss Sport - Luiss Guido Carli\",\"isPartOf\":{\"@id\":\"https:\/\/sport.luiss.it\/#website\"},\"primaryImageOfPage\":{\"@id\":\"https:\/\/sport.luiss.it\/2013\/12\/20\/basket-la-luiss-e-pronta-per-il-derby\/#primaryimage\"},\"image\":{\"@id\":\"https:\/\/sport.luiss.it\/2013\/12\/20\/basket-la-luiss-e-pronta-per-il-derby\/#primaryimage\"},\"thumbnailUrl\":\"\",\"datePublished\":\"2013-12-20T13:46:08+00:00\",\"author\":{\"@id\":\"\"},\"breadcrumb\":{\"@id\":\"https:\/\/sport.luiss.it\/2013\/12\/20\/basket-la-luiss-e-pronta-per-il-derby\/#breadcrumb\"},\"inLanguage\":\"en-US\",\"potentialAction\":[{\"@type\":\"ReadAction\",\"target\":[\"https:\/\/sport.luiss.it\/2013\/12\/20\/basket-la-luiss-e-pronta-per-il-derby\/\"]}]},{\"@type\":\"ImageObject\",\"inLanguage\":\"en-US\",\"@id\":\"https:\/\/sport.luiss.it\/2013\/12\/20\/basket-la-luiss-e-pronta-per-il-derby\/#primaryimage\",\"url\":\"\",\"contentUrl\":\"\"},{\"@type\":\"BreadcrumbList\",\"@id\":\"https:\/\/sport.luiss.it\/2013\/12\/20\/basket-la-luiss-e-pronta-per-il-derby\/#breadcrumb\",\"itemListElement\":[{\"@type\":\"ListItem\",\"position\":1,\"name\":\"Home\",\"item\":\"https:\/\/sport.luiss.it\/en\/\"},{\"@type\":\"ListItem\",\"position\":2,\"name\":\"Basket: la LUISS \u00e8 pronta per il derby\"}]},{\"@type\":\"WebSite\",\"@id\":\"https:\/\/sport.luiss.it\/#website\",\"url\":\"https:\/\/sport.luiss.it\/\",\"name\":\"Luiss Sport - Luiss Guido Carli\",\"description\":\"Luiss Sport\",\"potentialAction\":[{\"@type\":\"SearchAction\",\"target\":{\"@type\":\"EntryPoint\",\"urlTemplate\":\"https:\/\/sport.luiss.it\/?s={search_term_string}\"},\"query-input\":{\"@type\":\"PropertyValueSpecification\",\"valueRequired\":true,\"valueName\":\"search_term_string\"}}],\"inLanguage\":\"en-US\"},{\"@type\":\"Person\",\"@id\":\"\"}]}<\/script>\n<!-- \/ Yoast SEO plugin. -->","yoast_head_json":{"title":"Basket: la LUISS \u00e8 pronta per il derby - Luiss Sport - Luiss Guido Carli","robots":{"index":"index","follow":"follow","max-snippet":"max-snippet:-1","max-image-preview":"max-image-preview:large","max-video-preview":"max-video-preview:-1"},"canonical":"https:\/\/sport.luiss.it\/2013\/12\/20\/basket-la-luiss-e-pronta-per-il-derby\/","og_locale":"en_US","og_type":"article","og_title":"Basket: la LUISS \u00e8 pronta per il derby - Luiss Sport - Luiss Guido Carli","og_description":"Ultima partita del 2013 per l\u2019ASD LUISS militante in DNC che sabato 21 dicembre affronter\u00e0 al PalaLUISS la Tiber Roma, nell\u2019ormai classico derby di fine anno. La partita che chiuder\u00e0 [&hellip;]","og_url":"https:\/\/sport.luiss.it\/2013\/12\/20\/basket-la-luiss-e-pronta-per-il-derby\/","og_site_name":"Luiss Sport - Luiss Guido Carli","article_publisher":"https:\/\/www.facebook.com\/sportluiss\/","article_published_time":"2013-12-20T13:46:08+00:00","twitter_card":"summary_large_image","twitter_misc":{"Written by":"","Est. reading time":"3 minutes"},"schema":{"@context":"https:\/\/schema.org","@graph":[{"@type":"WebPage","@id":"https:\/\/sport.luiss.it\/2013\/12\/20\/basket-la-luiss-e-pronta-per-il-derby\/","url":"https:\/\/sport.luiss.it\/2013\/12\/20\/basket-la-luiss-e-pronta-per-il-derby\/","name":"Basket: la LUISS \u00e8 pronta per il derby - Luiss Sport - Luiss Guido Carli","isPartOf":{"@id":"https:\/\/sport.luiss.it\/#website"},"primaryImageOfPage":{"@id":"https:\/\/sport.luiss.it\/2013\/12\/20\/basket-la-luiss-e-pronta-per-il-derby\/#primaryimage"},"image":{"@id":"https:\/\/sport.luiss.it\/2013\/12\/20\/basket-la-luiss-e-pronta-per-il-derby\/#primaryimage"},"thumbnailUrl":"","datePublished":"2013-12-20T13:46:08+00:00","author":{"@id":""},"breadcrumb":{"@id":"https:\/\/sport.luiss.it\/2013\/12\/20\/basket-la-luiss-e-pronta-per-il-derby\/#breadcrumb"},"inLanguage":"en-US","potentialAction":[{"@type":"ReadAction","target":["https:\/\/sport.luiss.it\/2013\/12\/20\/basket-la-luiss-e-pronta-per-il-derby\/"]}]},{"@type":"ImageObject","inLanguage":"en-US","@id":"https:\/\/sport.luiss.it\/2013\/12\/20\/basket-la-luiss-e-pronta-per-il-derby\/#primaryimage","url":"","contentUrl":""},{"@type":"BreadcrumbList","@id":"https:\/\/sport.luiss.it\/2013\/12\/20\/basket-la-luiss-e-pronta-per-il-derby\/#breadcrumb","itemListElement":[{"@type":"ListItem","position":1,"name":"Home","item":"https:\/\/sport.luiss.it\/en\/"},{"@type":"ListItem","position":2,"name":"Basket: la LUISS \u00e8 pronta per il derby"}]},{"@type":"WebSite","@id":"https:\/\/sport.luiss.it\/#website","url":"https:\/\/sport.luiss.it\/","name":"Luiss Sport - Luiss Guido Carli","description":"Luiss Sport","potentialAction":[{"@type":"SearchAction","target":{"@type":"EntryPoint","urlTemplate":"https:\/\/sport.luiss.it\/?s={search_term_string}"},"query-input":{"@type":"PropertyValueSpecification","valueRequired":true,"valueName":"search_term_string"}}],"inLanguage":"en-US"},{"@type":"Person","@id":""}]}},"_links":{"self":[{"href":"https:\/\/sport.luiss.it\/en\/wp-json\/wp\/v2\/posts\/7035","targetHints":{"allow":["GET"]}}],"collection":[{"href":"https:\/\/sport.luiss.it\/en\/wp-json\/wp\/v2\/posts"}],"about":[{"href":"https:\/\/sport.luiss.it\/en\/wp-json\/wp\/v2\/types\/post"}],"author":[{"embeddable":true,"href":"https:\/\/sport.luiss.it\/en\/wp-json\/wp\/v2\/users\/441"}],"replies":[{"embeddable":true,"href":"https:\/\/sport.luiss.it\/en\/wp-json\/wp\/v2\/comments?post=7035"}],"version-history":[{"count":0,"href":"https:\/\/sport.luiss.it\/en\/wp-json\/wp\/v2\/posts\/7035\/revisions"}],"wp:featuredmedia":[{"embeddable":true,"href":"https:\/\/sport.luiss.it\/en\/wp-json\/"}],"wp:attachment":[{"href":"https:\/\/sport.luiss.it\/en\/wp-json\/wp\/v2\/media?parent=7035"}],"wp:term":[{"taxonomy":"category","embeddable":true,"href":"https:\/\/sport.luiss.it\/en\/wp-json\/wp\/v2\/categories?post=7035"},{"taxonomy":"post_tag","embeddable":true,"href":"https:\/\/sport.luiss.it\/en\/wp-json\/wp\/v2\/tags?post=7035"}],"curies":[{"name":"wp","href":"https:\/\/api.w.org\/{rel}","templated":true}]}}