
{"id":7203,"date":"2014-01-10T12:32:16","date_gmt":"2014-01-10T12:32:16","guid":{"rendered":"https:\/\/sport.luiss.it\/?p=7203"},"modified":"2014-01-10T12:32:16","modified_gmt":"2014-01-10T12:32:16","slug":"basket-la-luiss-in-sardegna-per-tornare-alla-vittoria","status":"publish","type":"post","link":"https:\/\/sport.luiss.it\/en\/2014\/01\/10\/basket-la-luiss-in-sardegna-per-tornare-alla-vittoria\/","title":{"rendered":"Basket: la LUISS in Sardegna per tornare alla vittoria"},"content":{"rendered":"<p>Dopo la sconfitta nello scontro diretto contro la Virtus Cassino della scorsa settimana e la storica qualificazione alle Final Eight di Coppa Italia che si disputeranno a Rimini dal 7 al 9 marzo, \u00e8 attesa dalla seconda trasferta consecutiva (quarta nelle ultime cinque gare, nda) l\u2019ASD LUISS militante nel campionato DNC che domenica 12 dicembre sar\u00e0 ospite dell\u2019Accademia Basket Sestu per la prima giornata del girone di ritorno.<\/p>\n<p>La formazione guidata da Sassaro, battuta lo scorso ottobre con un netto 95-60 che vide grande protagonista Giulio Di Fabio autore di 26 punti, \u00e8 reduce dal successo nel derby contro l\u2019Olimpia Cagliari sconfitta nell\u2019ultimo turno con il risultato di 63-57 raggiunto dopo un overtime. I sardi, che hanno vinto le ultime cinque partite, vorranno continuare la loro striscia positiva ma sulla loro strada troveranno la LUISS che vuole riscattare la sconfitta arrivata solo nel finale contro una grande Virtus Cassino e tornare a macinare punti dopo lo stop della prima giornata del 2014 per agganciare i ciociari o, comunque, per restare a sole due lunghezze di distanza, proprio come dichiara Coach Max Briscese: \u201cNon dobbiamo assolutamente far riferimento alla partita d\u2019andata che, come sempre succede, nascondeva tante insidie sia per noi che per loro, che arrivarono all\u2019appuntamento con qualche problema fisico e di organizzazione in campo, quindi non dobbiamo assolutamente commettere l\u2019errore di ripensare a quel +35 e azzerare invece tutto quello che \u00e8 successo finora, affrontando le prossime 13 partite pensando come sempre ad una gara per volta. Sappiamo che i sardi in casa sono molto efficaci, che vengono da una striscia positiva di 5 successi consecutivi, e che hanno un organico che pu\u00f2 dar fastidio a tutte le squadre del girone, quindi siamo ben consapevoli di andare a disputare una partita che richieder\u00e0 il massimo sforzo dal punto di vista dell\u2019impegno e della concentrazione. La partita di Cassino ci ha dato delle indicazioni importanti per impostare il lavoro del prossimo futuro, e al primo allenamento dopo la sconfitta ho trovato i ragazzi sicuramente molto entusiasti e soddisfatti per la qualificazione alle Final Eight di Coppa Italia, ma anche e soprattutto con il dente avvelenato per la gara contro la Virtus che per\u00f2, come ho gi\u00e0 detto, ha avuto sconfitta a parte tanti aspetti positivi, d\u2019altronde ce la siamo giocata alla pari, pur con qualche assenza importante e in un ambiente caloroso che ha sostenuto la squadra di casa fino all\u2019ultimo secondo, contro una formazione molto forte che sar\u00e0 per tutta la stagione grande protagonista. Comunque \u2013 conclude l\u2019allenatore capitolino \u2013 i ragazzi mi dimostrano quotidianamente il loro grande impegno per tornare alla vittoria gi\u00e0 da domenica e per fare sempre meglio in questo girone di ritorno che sar\u00e0 sicuramente difficile, ma siamo pronti per affrontarlo\u201d.<\/p>\n<p>\u00c8 poi Alessandro Di Pasquale, partito in quintetto nell\u2019impegno in terra cassinate, a parlare della sfida che vedr\u00e0 gli universitari protagonisti in terra sarda: \u201cAndiamo l\u00ec sulle ali dell\u2019entusiasmo per la qualificazione in Coppa ma anche con tutte le intenzioni di riscattare la sconfitta che ha aperto questo nuovo anno e quindi di iniziare nel migliore dei modi il girone di ritorno che sar\u00e0 complicato, com\u2019\u00e8 ovvio che sia. Domenica affrontiamo una squadra che attraversa un ottimo periodo di forma, tra l\u2019altro in casa loro, e questo rende sicuramente la partita molto tosta e difficile, ma in settimana abbiamo lavorato duramente per affrontarla nel migliore dei modi. Abbiamo tutte le intenzioni di dare il massimo sia in campionato che nella tre giorni di Rimini, perch\u00e9 comunque siamo consapevoli del nostro potenziale che \u00e8 sicuramente molto alto e, per quanto mi riguarda, anche se \u00e8 stata finora una stagione un po\u2019 particolare, cerco sempre di farmi trovare pronto quando chiamato in causa e sono contento delle ultime prestazioni anche se voglio fare sempre meglio a partire dalla prossima gara in Sardegna.\u201d<\/p>\n<p>Il match tra Accademia Basket Sestu e ASD LUISS Roma si giocher\u00e0 nella palestra della Scuola Anna Frank di Sestu (Cagliari) domenica 12 gennaio alle 15.30, dove ad arbitrare sono chiamati i Signori Andrea Zaccarelli di Sermoneta (LT) e Emanuele Desideri di Viterbo.<\/p>\n<p>Danila Di Biase<br \/>\nASD LUISS<\/p>\n","protected":false},"excerpt":{"rendered":"<p>Dopo la sconfitta nello scontro diretto contro la Virtus Cassino della scorsa settimana e la storica qualificazione alle Final Eight di Coppa Italia che si disputeranno a Rimini dal 7 [&hellip;]<\/p>\n","protected":false},"author":441,"featured_media":0,"comment_status":"closed","ping_status":"closed","sticky":false,"template":"","format":"standard","meta":{"_monsterinsights_skip_tracking":false,"_monsterinsights_sitenote_active":false,"_monsterinsights_sitenote_note":"","_monsterinsights_sitenote_category":0,"footnotes":""},"categories":[114],"tags":[],"class_list":["post-7203","post","type-post","status-publish","format-standard","hentry","category-news-basket-c"],"yoast_head":"<!-- This site is optimized with the Yoast SEO plugin v26.5 - https:\/\/yoast.com\/wordpress\/plugins\/seo\/ -->\n<title>Basket: la LUISS in Sardegna per tornare alla vittoria - Luiss Sport - Luiss Guido Carli<\/title>\n<meta name=\"robots\" content=\"index, follow, max-snippet:-1, max-image-preview:large, max-video-preview:-1\" \/>\n<link rel=\"canonical\" href=\"https:\/\/sport.luiss.it\/2014\/01\/10\/basket-la-luiss-in-sardegna-per-tornare-alla-vittoria\/\" \/>\n<meta property=\"og:locale\" content=\"en_US\" \/>\n<meta property=\"og:type\" content=\"article\" \/>\n<meta property=\"og:title\" content=\"Basket: la LUISS in Sardegna per tornare alla vittoria - Luiss Sport - Luiss Guido Carli\" \/>\n<meta property=\"og:description\" content=\"Dopo la sconfitta nello scontro diretto contro la Virtus Cassino della scorsa settimana e la storica qualificazione alle Final Eight di Coppa Italia che si disputeranno a Rimini dal 7 [&hellip;]\" \/>\n<meta property=\"og:url\" content=\"https:\/\/sport.luiss.it\/2014\/01\/10\/basket-la-luiss-in-sardegna-per-tornare-alla-vittoria\/\" \/>\n<meta property=\"og:site_name\" content=\"Luiss Sport - Luiss Guido Carli\" \/>\n<meta property=\"article:publisher\" content=\"https:\/\/www.facebook.com\/sportluiss\/\" \/>\n<meta property=\"article:published_time\" content=\"2014-01-10T12:32:16+00:00\" \/>\n<meta name=\"twitter:card\" content=\"summary_large_image\" \/>\n<meta name=\"twitter:label1\" content=\"Written by\" \/>\n\t<meta name=\"twitter:data1\" content=\"\" \/>\n\t<meta name=\"twitter:label2\" content=\"Est. reading time\" \/>\n\t<meta name=\"twitter:data2\" content=\"3 minutes\" \/>\n<script type=\"application\/ld+json\" class=\"yoast-schema-graph\">{\"@context\":\"https:\/\/schema.org\",\"@graph\":[{\"@type\":\"WebPage\",\"@id\":\"https:\/\/sport.luiss.it\/2014\/01\/10\/basket-la-luiss-in-sardegna-per-tornare-alla-vittoria\/\",\"url\":\"https:\/\/sport.luiss.it\/2014\/01\/10\/basket-la-luiss-in-sardegna-per-tornare-alla-vittoria\/\",\"name\":\"Basket: la LUISS in Sardegna per tornare alla vittoria - Luiss Sport - Luiss Guido Carli\",\"isPartOf\":{\"@id\":\"https:\/\/sport.luiss.it\/#website\"},\"datePublished\":\"2014-01-10T12:32:16+00:00\",\"author\":{\"@id\":\"\"},\"breadcrumb\":{\"@id\":\"https:\/\/sport.luiss.it\/2014\/01\/10\/basket-la-luiss-in-sardegna-per-tornare-alla-vittoria\/#breadcrumb\"},\"inLanguage\":\"en-US\",\"potentialAction\":[{\"@type\":\"ReadAction\",\"target\":[\"https:\/\/sport.luiss.it\/2014\/01\/10\/basket-la-luiss-in-sardegna-per-tornare-alla-vittoria\/\"]}]},{\"@type\":\"BreadcrumbList\",\"@id\":\"https:\/\/sport.luiss.it\/2014\/01\/10\/basket-la-luiss-in-sardegna-per-tornare-alla-vittoria\/#breadcrumb\",\"itemListElement\":[{\"@type\":\"ListItem\",\"position\":1,\"name\":\"Home\",\"item\":\"https:\/\/sport.luiss.it\/en\/\"},{\"@type\":\"ListItem\",\"position\":2,\"name\":\"Basket: la LUISS in Sardegna per tornare alla vittoria\"}]},{\"@type\":\"WebSite\",\"@id\":\"https:\/\/sport.luiss.it\/#website\",\"url\":\"https:\/\/sport.luiss.it\/\",\"name\":\"Luiss Sport - Luiss Guido Carli\",\"description\":\"Luiss Sport\",\"potentialAction\":[{\"@type\":\"SearchAction\",\"target\":{\"@type\":\"EntryPoint\",\"urlTemplate\":\"https:\/\/sport.luiss.it\/?s={search_term_string}\"},\"query-input\":{\"@type\":\"PropertyValueSpecification\",\"valueRequired\":true,\"valueName\":\"search_term_string\"}}],\"inLanguage\":\"en-US\"},{\"@type\":\"Person\",\"@id\":\"\"}]}<\/script>\n<!-- \/ Yoast SEO plugin. -->","yoast_head_json":{"title":"Basket: la LUISS in Sardegna per tornare alla vittoria - Luiss Sport - Luiss Guido Carli","robots":{"index":"index","follow":"follow","max-snippet":"max-snippet:-1","max-image-preview":"max-image-preview:large","max-video-preview":"max-video-preview:-1"},"canonical":"https:\/\/sport.luiss.it\/2014\/01\/10\/basket-la-luiss-in-sardegna-per-tornare-alla-vittoria\/","og_locale":"en_US","og_type":"article","og_title":"Basket: la LUISS in Sardegna per tornare alla vittoria - Luiss Sport - Luiss Guido Carli","og_description":"Dopo la sconfitta nello scontro diretto contro la Virtus Cassino della scorsa settimana e la storica qualificazione alle Final Eight di Coppa Italia che si disputeranno a Rimini dal 7 [&hellip;]","og_url":"https:\/\/sport.luiss.it\/2014\/01\/10\/basket-la-luiss-in-sardegna-per-tornare-alla-vittoria\/","og_site_name":"Luiss Sport - Luiss Guido Carli","article_publisher":"https:\/\/www.facebook.com\/sportluiss\/","article_published_time":"2014-01-10T12:32:16+00:00","twitter_card":"summary_large_image","twitter_misc":{"Written by":"","Est. reading time":"3 minutes"},"schema":{"@context":"https:\/\/schema.org","@graph":[{"@type":"WebPage","@id":"https:\/\/sport.luiss.it\/2014\/01\/10\/basket-la-luiss-in-sardegna-per-tornare-alla-vittoria\/","url":"https:\/\/sport.luiss.it\/2014\/01\/10\/basket-la-luiss-in-sardegna-per-tornare-alla-vittoria\/","name":"Basket: la LUISS in Sardegna per tornare alla vittoria - Luiss Sport - Luiss Guido Carli","isPartOf":{"@id":"https:\/\/sport.luiss.it\/#website"},"datePublished":"2014-01-10T12:32:16+00:00","author":{"@id":""},"breadcrumb":{"@id":"https:\/\/sport.luiss.it\/2014\/01\/10\/basket-la-luiss-in-sardegna-per-tornare-alla-vittoria\/#breadcrumb"},"inLanguage":"en-US","potentialAction":[{"@type":"ReadAction","target":["https:\/\/sport.luiss.it\/2014\/01\/10\/basket-la-luiss-in-sardegna-per-tornare-alla-vittoria\/"]}]},{"@type":"BreadcrumbList","@id":"https:\/\/sport.luiss.it\/2014\/01\/10\/basket-la-luiss-in-sardegna-per-tornare-alla-vittoria\/#breadcrumb","itemListElement":[{"@type":"ListItem","position":1,"name":"Home","item":"https:\/\/sport.luiss.it\/en\/"},{"@type":"ListItem","position":2,"name":"Basket: la LUISS in Sardegna per tornare alla vittoria"}]},{"@type":"WebSite","@id":"https:\/\/sport.luiss.it\/#website","url":"https:\/\/sport.luiss.it\/","name":"Luiss Sport - Luiss Guido Carli","description":"Luiss Sport","potentialAction":[{"@type":"SearchAction","target":{"@type":"EntryPoint","urlTemplate":"https:\/\/sport.luiss.it\/?s={search_term_string}"},"query-input":{"@type":"PropertyValueSpecification","valueRequired":true,"valueName":"search_term_string"}}],"inLanguage":"en-US"},{"@type":"Person","@id":""}]}},"_links":{"self":[{"href":"https:\/\/sport.luiss.it\/en\/wp-json\/wp\/v2\/posts\/7203","targetHints":{"allow":["GET"]}}],"collection":[{"href":"https:\/\/sport.luiss.it\/en\/wp-json\/wp\/v2\/posts"}],"about":[{"href":"https:\/\/sport.luiss.it\/en\/wp-json\/wp\/v2\/types\/post"}],"author":[{"embeddable":true,"href":"https:\/\/sport.luiss.it\/en\/wp-json\/wp\/v2\/users\/441"}],"replies":[{"embeddable":true,"href":"https:\/\/sport.luiss.it\/en\/wp-json\/wp\/v2\/comments?post=7203"}],"version-history":[{"count":0,"href":"https:\/\/sport.luiss.it\/en\/wp-json\/wp\/v2\/posts\/7203\/revisions"}],"wp:attachment":[{"href":"https:\/\/sport.luiss.it\/en\/wp-json\/wp\/v2\/media?parent=7203"}],"wp:term":[{"taxonomy":"category","embeddable":true,"href":"https:\/\/sport.luiss.it\/en\/wp-json\/wp\/v2\/categories?post=7203"},{"taxonomy":"post_tag","embeddable":true,"href":"https:\/\/sport.luiss.it\/en\/wp-json\/wp\/v2\/tags?post=7203"}],"curies":[{"name":"wp","href":"https:\/\/api.w.org\/{rel}","templated":true}]}}