
{"id":7363,"date":"2014-02-28T12:01:58","date_gmt":"2014-02-28T12:01:58","guid":{"rendered":"https:\/\/sport.luiss.it\/?p=7363"},"modified":"2014-02-28T12:01:58","modified_gmt":"2014-02-28T12:01:58","slug":"basket-la-luiss-ospita-la-virtus-aprilia-al-palaluiss","status":"publish","type":"post","link":"https:\/\/sport.luiss.it\/en\/2014\/02\/28\/basket-la-luiss-ospita-la-virtus-aprilia-al-palaluiss\/","title":{"rendered":"Basket: la LUISS ospita la Virtus Aprilia al PalaLUISS"},"content":{"rendered":"<p>&nbsp;<\/p>\n<p><a href=\"https:\/\/sport.luiss.it\/wp-content\/uploads\/2014\/02\/Massimiliano-Briscese.jpg\"><img loading=\"lazy\" decoding=\"async\" class=\"size-full wp-image-7364 alignleft\" alt=\"Massimiliano Briscese\" src=\"https:\/\/sport.luiss.it\/wp-content\/uploads\/2014\/02\/Massimiliano-Briscese.jpg\" width=\"250\" height=\"340\" \/><\/a>Smaltita la soddisfazione per la vittoria al cardiopalma (75-74) in casa della Petriana Roma ottenuta la scorsa settimana, torna al PalaLUISS l\u2019ASD LUISS militante nel girone E della DNC che sabato 1 marzo ospiter\u00e0 la <strong>Virtus Aprilia<\/strong> in occasione del 21\u00b0 turno stagionale.<\/p>\n<p>&nbsp;<\/p>\n<p>Una sfida che, in passato, ha sempre visto i protagonisti in campo dare vita a partite avvincenti ed entusiasmanti alla presenza di un pubblico numeroso e caloroso, a dimostrazione di quanto il match sia sempre stato molto sentito soprattutto in virt\u00f9 delle gare che si sono giocate nelle ultime post-season. Quest\u2019anno, per\u00f2, i percorsi e le ambizioni delle due squadre sono diametralmente opposti, con la LUISS che insieme a Cassino sta dominando il campionato con 18 vittorie ottenute sulle 20 gare giocate sinora, mentre la Virtus Aprilia naviga nelle posizioni pi\u00f9 basse della classifica, con soli 6 successi acquisiti che la portano ad essere quindi a 2 punti di distanza dai play-off ma anche a 2 punti dalla retrocessione. La squadra di Andrea Sardo, per\u00f2, pu\u00f2 contare su elementi di sicuro valore come William Rhodes, classe \u201975, <strong>Alessandro Coppa<\/strong>, Capitano dei biancorossi, Fabio Michieletto, il giovane Mirko Gentili e tutti gli altri ragazzi che rendono i biancorossi un avversario temibile che quindi verr\u00e0 a Roma per fare un autentico colpo e regalarsi un successo che, anche in virt\u00f9 degli impegni delle dirette concorrenti, potrebbe permettere ai pontini di fare un passo in avanti per agganciare la nona posizione.<\/p>\n<p>&nbsp;<\/p>\n<p>L\u2019ASD LUISS, per\u00f2, non vuole assolutamente lasciare punti per strada ma ha la ferma intenzione di proseguire sul cammino intrapreso che la vede arrivare a quest\u2019appuntamento con 7 successi consecutivi e sempre a 2 lunghezze di distanza dalla Virtus Cassino, prima della classe. Il match, che si disputer\u00e0 nel fortino degli universitari, dovr\u00e0 servire per continuare a vincere e per arrivare al massimo della forma mentale alla sfida con il Basket Mestre valida per i quarti di finale della Coppa Italia che andr\u00e0 in scena venerd\u00ec 7 a Rimini, ma <strong>Coach Max Briscese<\/strong> non vuole sentir parlar di altro che non sia la sfida con la Virtus Aprilia, proprio come dichiara alla vigilia: <em>\u201cQuella di domani \u00e8 una partita che ricorda sicuramente vecchie sfide, ma chiaramente \u00e8 anche e soprattutto uno degli steps che ci siamo prefissati di superare per arrivare alla fine del girone di ritorno con il massimo dei punti, come abbiamo pi\u00f9 volte dichiarato. Non c\u2019\u00e8 nessuna certezza di partite facili, ogni gara nasconde delle insidie considerando che queste squadre stanno lottando in senso metaforico tra la vita o la morte, per ottenere posizioni in classifica che possano permettere di viaggiare in maniera tranquilla fino alla fine della stagione e di ottenere magari risultati gratificanti come la qualificazione ai play-off. Conosco il valore di Aprilia che \u00e8 sicuramente diverso rispetto agli ultimi anni, ma \u00e8 una squadra comunque composta da giocatori che possono metterci in difficolt\u00e0 in ogni momento e abbiamo lavorato intensamente per prepararci a questa sfida. La partita con la Petriana ci ha fatto capire ulteriormente che non bisogna mai avere cali di concentrazione, e proprio in virt\u00f9 del match di sabato scorso vorremmo che la partita con la Virtus possa essere una conferma delle nostre qualit\u00e0 tecniche e morali, perch\u00e9 nel derby abbiamo dimostrato di avere grandi capacit\u00e0 di reazione anche nei momenti di difficolt\u00e0. E\u2019 indubbio che viviamo un momento positivo perch\u00e9 veniamo da un ottimo periodo e perch\u00e8 ci avviciniamo a gare entusiasmanti ed avvincenti, per\u00f2 dobbiamo assolutamente avere la capacit\u00e0 di pensare ad una partita alla volta ed \u00e8 chiaro che attualmente quella che ci interessa \u00e8 necessariamente quella giocheremo contro gli apriliani.\u201d<\/em><\/p>\n<p>&nbsp;<\/p>\n<p>Il match tra ASD LUISS e Virtus Aprilia si giocher\u00e0 <strong>sabato 1 marzo alle ore 18.00 al PalaLUISS<\/strong> di via Martino Longhi di Roma, dove ad arbitrare sono chiamati i Signori Francesco Cattani di Cittaducale (RI) e Federico Marinelli di Rieti.<\/p>\n<p>&nbsp;<\/p>\n<p><strong>Danila Di Biase<\/strong><br \/>\n<strong>ASD LUISS<\/strong><\/p>\n<p>&nbsp;<\/p>\n","protected":false},"excerpt":{"rendered":"<p>&nbsp; Smaltita la soddisfazione per la vittoria al cardiopalma (75-74) in casa della Petriana Roma ottenuta la scorsa settimana, torna al PalaLUISS l\u2019ASD LUISS militante nel girone E della DNC [&hellip;]<\/p>\n","protected":false},"author":441,"featured_media":7364,"comment_status":"closed","ping_status":"closed","sticky":false,"template":"","format":"standard","meta":{"_monsterinsights_skip_tracking":false,"_monsterinsights_sitenote_active":false,"_monsterinsights_sitenote_note":"","_monsterinsights_sitenote_category":0,"footnotes":""},"categories":[114],"tags":[],"class_list":["post-7363","post","type-post","status-publish","format-standard","has-post-thumbnail","hentry","category-news-basket-c"],"yoast_head":"<!-- This site is optimized with the Yoast SEO plugin v26.5 - https:\/\/yoast.com\/wordpress\/plugins\/seo\/ -->\n<title>Basket: la LUISS ospita la Virtus Aprilia al PalaLUISS - Luiss Sport - Luiss Guido Carli<\/title>\n<meta name=\"robots\" content=\"index, follow, max-snippet:-1, max-image-preview:large, max-video-preview:-1\" \/>\n<link rel=\"canonical\" href=\"https:\/\/sport.luiss.it\/2014\/02\/28\/basket-la-luiss-ospita-la-virtus-aprilia-al-palaluiss\/\" \/>\n<meta property=\"og:locale\" content=\"en_US\" \/>\n<meta property=\"og:type\" content=\"article\" \/>\n<meta property=\"og:title\" content=\"Basket: la LUISS ospita la Virtus Aprilia al PalaLUISS - Luiss Sport - Luiss Guido Carli\" \/>\n<meta property=\"og:description\" content=\"&nbsp; Smaltita la soddisfazione per la vittoria al cardiopalma (75-74) in casa della Petriana Roma ottenuta la scorsa settimana, torna al PalaLUISS l\u2019ASD LUISS militante nel girone E della DNC [&hellip;]\" \/>\n<meta property=\"og:url\" content=\"https:\/\/sport.luiss.it\/2014\/02\/28\/basket-la-luiss-ospita-la-virtus-aprilia-al-palaluiss\/\" \/>\n<meta property=\"og:site_name\" content=\"Luiss Sport - Luiss Guido Carli\" \/>\n<meta property=\"article:publisher\" content=\"https:\/\/www.facebook.com\/sportluiss\/\" \/>\n<meta property=\"article:published_time\" content=\"2014-02-28T12:01:58+00:00\" \/>\n<meta name=\"twitter:card\" content=\"summary_large_image\" \/>\n<meta name=\"twitter:label1\" content=\"Written by\" \/>\n\t<meta name=\"twitter:data1\" content=\"\" \/>\n\t<meta name=\"twitter:label2\" content=\"Est. reading time\" \/>\n\t<meta name=\"twitter:data2\" content=\"3 minutes\" \/>\n<script type=\"application\/ld+json\" class=\"yoast-schema-graph\">{\"@context\":\"https:\/\/schema.org\",\"@graph\":[{\"@type\":\"WebPage\",\"@id\":\"https:\/\/sport.luiss.it\/2014\/02\/28\/basket-la-luiss-ospita-la-virtus-aprilia-al-palaluiss\/\",\"url\":\"https:\/\/sport.luiss.it\/2014\/02\/28\/basket-la-luiss-ospita-la-virtus-aprilia-al-palaluiss\/\",\"name\":\"Basket: la LUISS ospita la Virtus Aprilia al PalaLUISS - Luiss Sport - Luiss Guido Carli\",\"isPartOf\":{\"@id\":\"https:\/\/sport.luiss.it\/#website\"},\"primaryImageOfPage\":{\"@id\":\"https:\/\/sport.luiss.it\/2014\/02\/28\/basket-la-luiss-ospita-la-virtus-aprilia-al-palaluiss\/#primaryimage\"},\"image\":{\"@id\":\"https:\/\/sport.luiss.it\/2014\/02\/28\/basket-la-luiss-ospita-la-virtus-aprilia-al-palaluiss\/#primaryimage\"},\"thumbnailUrl\":\"\",\"datePublished\":\"2014-02-28T12:01:58+00:00\",\"author\":{\"@id\":\"\"},\"breadcrumb\":{\"@id\":\"https:\/\/sport.luiss.it\/2014\/02\/28\/basket-la-luiss-ospita-la-virtus-aprilia-al-palaluiss\/#breadcrumb\"},\"inLanguage\":\"en-US\",\"potentialAction\":[{\"@type\":\"ReadAction\",\"target\":[\"https:\/\/sport.luiss.it\/2014\/02\/28\/basket-la-luiss-ospita-la-virtus-aprilia-al-palaluiss\/\"]}]},{\"@type\":\"ImageObject\",\"inLanguage\":\"en-US\",\"@id\":\"https:\/\/sport.luiss.it\/2014\/02\/28\/basket-la-luiss-ospita-la-virtus-aprilia-al-palaluiss\/#primaryimage\",\"url\":\"\",\"contentUrl\":\"\"},{\"@type\":\"BreadcrumbList\",\"@id\":\"https:\/\/sport.luiss.it\/2014\/02\/28\/basket-la-luiss-ospita-la-virtus-aprilia-al-palaluiss\/#breadcrumb\",\"itemListElement\":[{\"@type\":\"ListItem\",\"position\":1,\"name\":\"Home\",\"item\":\"https:\/\/sport.luiss.it\/en\/\"},{\"@type\":\"ListItem\",\"position\":2,\"name\":\"Basket: la LUISS ospita la Virtus Aprilia al PalaLUISS\"}]},{\"@type\":\"WebSite\",\"@id\":\"https:\/\/sport.luiss.it\/#website\",\"url\":\"https:\/\/sport.luiss.it\/\",\"name\":\"Luiss Sport - Luiss Guido Carli\",\"description\":\"Luiss Sport\",\"potentialAction\":[{\"@type\":\"SearchAction\",\"target\":{\"@type\":\"EntryPoint\",\"urlTemplate\":\"https:\/\/sport.luiss.it\/?s={search_term_string}\"},\"query-input\":{\"@type\":\"PropertyValueSpecification\",\"valueRequired\":true,\"valueName\":\"search_term_string\"}}],\"inLanguage\":\"en-US\"},{\"@type\":\"Person\",\"@id\":\"\"}]}<\/script>\n<!-- \/ Yoast SEO plugin. -->","yoast_head_json":{"title":"Basket: la LUISS ospita la Virtus Aprilia al PalaLUISS - Luiss Sport - Luiss Guido Carli","robots":{"index":"index","follow":"follow","max-snippet":"max-snippet:-1","max-image-preview":"max-image-preview:large","max-video-preview":"max-video-preview:-1"},"canonical":"https:\/\/sport.luiss.it\/2014\/02\/28\/basket-la-luiss-ospita-la-virtus-aprilia-al-palaluiss\/","og_locale":"en_US","og_type":"article","og_title":"Basket: la LUISS ospita la Virtus Aprilia al PalaLUISS - Luiss Sport - Luiss Guido Carli","og_description":"&nbsp; Smaltita la soddisfazione per la vittoria al cardiopalma (75-74) in casa della Petriana Roma ottenuta la scorsa settimana, torna al PalaLUISS l\u2019ASD LUISS militante nel girone E della DNC [&hellip;]","og_url":"https:\/\/sport.luiss.it\/2014\/02\/28\/basket-la-luiss-ospita-la-virtus-aprilia-al-palaluiss\/","og_site_name":"Luiss Sport - Luiss Guido Carli","article_publisher":"https:\/\/www.facebook.com\/sportluiss\/","article_published_time":"2014-02-28T12:01:58+00:00","twitter_card":"summary_large_image","twitter_misc":{"Written by":"","Est. reading time":"3 minutes"},"schema":{"@context":"https:\/\/schema.org","@graph":[{"@type":"WebPage","@id":"https:\/\/sport.luiss.it\/2014\/02\/28\/basket-la-luiss-ospita-la-virtus-aprilia-al-palaluiss\/","url":"https:\/\/sport.luiss.it\/2014\/02\/28\/basket-la-luiss-ospita-la-virtus-aprilia-al-palaluiss\/","name":"Basket: la LUISS ospita la Virtus Aprilia al PalaLUISS - Luiss Sport - Luiss Guido Carli","isPartOf":{"@id":"https:\/\/sport.luiss.it\/#website"},"primaryImageOfPage":{"@id":"https:\/\/sport.luiss.it\/2014\/02\/28\/basket-la-luiss-ospita-la-virtus-aprilia-al-palaluiss\/#primaryimage"},"image":{"@id":"https:\/\/sport.luiss.it\/2014\/02\/28\/basket-la-luiss-ospita-la-virtus-aprilia-al-palaluiss\/#primaryimage"},"thumbnailUrl":"","datePublished":"2014-02-28T12:01:58+00:00","author":{"@id":""},"breadcrumb":{"@id":"https:\/\/sport.luiss.it\/2014\/02\/28\/basket-la-luiss-ospita-la-virtus-aprilia-al-palaluiss\/#breadcrumb"},"inLanguage":"en-US","potentialAction":[{"@type":"ReadAction","target":["https:\/\/sport.luiss.it\/2014\/02\/28\/basket-la-luiss-ospita-la-virtus-aprilia-al-palaluiss\/"]}]},{"@type":"ImageObject","inLanguage":"en-US","@id":"https:\/\/sport.luiss.it\/2014\/02\/28\/basket-la-luiss-ospita-la-virtus-aprilia-al-palaluiss\/#primaryimage","url":"","contentUrl":""},{"@type":"BreadcrumbList","@id":"https:\/\/sport.luiss.it\/2014\/02\/28\/basket-la-luiss-ospita-la-virtus-aprilia-al-palaluiss\/#breadcrumb","itemListElement":[{"@type":"ListItem","position":1,"name":"Home","item":"https:\/\/sport.luiss.it\/en\/"},{"@type":"ListItem","position":2,"name":"Basket: la LUISS ospita la Virtus Aprilia al PalaLUISS"}]},{"@type":"WebSite","@id":"https:\/\/sport.luiss.it\/#website","url":"https:\/\/sport.luiss.it\/","name":"Luiss Sport - Luiss Guido Carli","description":"Luiss Sport","potentialAction":[{"@type":"SearchAction","target":{"@type":"EntryPoint","urlTemplate":"https:\/\/sport.luiss.it\/?s={search_term_string}"},"query-input":{"@type":"PropertyValueSpecification","valueRequired":true,"valueName":"search_term_string"}}],"inLanguage":"en-US"},{"@type":"Person","@id":""}]}},"_links":{"self":[{"href":"https:\/\/sport.luiss.it\/en\/wp-json\/wp\/v2\/posts\/7363","targetHints":{"allow":["GET"]}}],"collection":[{"href":"https:\/\/sport.luiss.it\/en\/wp-json\/wp\/v2\/posts"}],"about":[{"href":"https:\/\/sport.luiss.it\/en\/wp-json\/wp\/v2\/types\/post"}],"author":[{"embeddable":true,"href":"https:\/\/sport.luiss.it\/en\/wp-json\/wp\/v2\/users\/441"}],"replies":[{"embeddable":true,"href":"https:\/\/sport.luiss.it\/en\/wp-json\/wp\/v2\/comments?post=7363"}],"version-history":[{"count":0,"href":"https:\/\/sport.luiss.it\/en\/wp-json\/wp\/v2\/posts\/7363\/revisions"}],"wp:featuredmedia":[{"embeddable":true,"href":"https:\/\/sport.luiss.it\/en\/wp-json\/"}],"wp:attachment":[{"href":"https:\/\/sport.luiss.it\/en\/wp-json\/wp\/v2\/media?parent=7363"}],"wp:term":[{"taxonomy":"category","embeddable":true,"href":"https:\/\/sport.luiss.it\/en\/wp-json\/wp\/v2\/categories?post=7363"},{"taxonomy":"post_tag","embeddable":true,"href":"https:\/\/sport.luiss.it\/en\/wp-json\/wp\/v2\/tags?post=7363"}],"curies":[{"name":"wp","href":"https:\/\/api.w.org\/{rel}","templated":true}]}}