
{"id":7475,"date":"2014-03-28T11:30:54","date_gmt":"2014-03-28T11:30:54","guid":{"rendered":"https:\/\/sport.luiss.it\/?p=7475"},"modified":"2014-03-28T11:30:54","modified_gmt":"2014-03-28T11:30:54","slug":"big-match-al-palaluiss-arriva-viterbo","status":"publish","type":"post","link":"https:\/\/sport.luiss.it\/en\/2014\/03\/28\/big-match-al-palaluiss-arriva-viterbo\/","title":{"rendered":"Big-match al PalaLUISS: arriva Viterbo!"},"content":{"rendered":"<p><a href=\"https:\/\/sport.luiss.it\/wp-content\/uploads\/2014\/03\/rikisito.png\"><img loading=\"lazy\" decoding=\"async\" class=\"size-full wp-image-7476 alignleft\" alt=\"rikisito\" src=\"https:\/\/sport.luiss.it\/wp-content\/uploads\/2014\/03\/rikisito.png\" width=\"250\" height=\"349\" \/><\/a>\u00c8 di nuovo tempo di big-match per l\u2019ASD LUISS militante nel girone E del campionato DNC, che sabato 29 marzo ospiter\u00e0 al PalaLUISS di Roma la <strong>Stella Azzurra Viterbo<\/strong> in occasione del 24\u00b0 turno stagionale.<\/p>\n<p>Un\u2019altra gara delicatissima e fondamentale per la formazione universitaria che dopo aver battuto nettamente Cagliari (86-62), dovr\u00e0 vedersela con la terza forza del campionato, uscita ulteriormente rinforzata dalla sessione di mercato che si \u00e8 chiusa a febbraio e che per questo risulta essere un\u2019avversaria di assoluto livello, distante attualmente 4 lunghezze da Polselli e compagni. La squadra viterbese, reduce dal successo casalingo contro Sora (88-75), ha vinto le ultime sei partite disputate, con l\u2019ultima sconfitta che risale alla sfida tra le mura amiche contro l\u2019Accademia Basket Sestu del 1\u00b0 febbraio. Coach Pasqualini pu\u00f2 contare su giocatori di esperienza e talento con importanti trascorsi in categorie superiori, come l\u2019ultimo arrivato<strong> Fulvio Candido,<\/strong> che \u00e8 stato protagonista per tante stagioni in DNA e che \u00e8 approdato in maglia stellata a fine febbraio, come Tommaso Rossetti, Marco Ottocento e Giacomo Chiatti che, insieme ai vari Basili, Gori, Giganti, rendono la Stella Azzurra una formazione di primissima fascia. All\u2019andata la LUISS si impose al Pala Mal\u00e8 con il risultato finale di 83-79, trascinata dai 20 punti di Marzoli e dai 18 di Smorto, protagonisti in una gara che vide la LUISS determinata a portare a casa due punti fondamentali a due giornate dalla fine della prima fase e dopo il primo ko stagionale sub\u00ecto la settimana precedente in casa dell\u2019Olimpia Cagliari. Tutte le attenzioni sono quindi focalizzate sulla Stella Azzurra Viterbo, che arriver\u00e0 a Roma con tutte le intenzioni di vincere per fare uno sgambetto ai Campioni d\u2019Italia DNC e per provare anche a tenere vive le flebili speranze di scalzarli proprio dal secondo posto del girone.<\/p>\n<p>Ci pensa come al solito <strong>Max Briscese<\/strong> a caricare i suoi e allo stesso tempo a placare le agitazioni che possono derivare da partite cos\u00ec decisive: <em>\u201cAffrontiamo quest\u2019appuntamento con determinazione e contestualmente con serenit\u00e0 perch\u00e9 stiamo continuando questo processo di crescita come abbiamo evidenziato pi\u00f9 volte in passato, e per questo siamo pronti, siamo in carreggiata, tutti stiamo facendo il massimo per far s\u00ec che questa squadra e questo gruppo rendano al meglio. Siamo sull\u2019onda dell\u2019entusiasmo per i successi ottenuti e vogliamo assolutamente prolungare questo momento positivo. La partita con Viterbo \u00e8 la terz\u2019ultima del girone di ritorno ed \u00e8 chiaro che per la situazione che si \u00e8 venuta a verificare \u00e8 una gara importante, e noi siamo contenti che lo sia perch\u00e9 ci siamo guadagnati il diritto di disputare queste partite cos\u00ec decisive. Abbiamo voglia di ottenere i due punti in palio, sappiamo che \u00e8 una sfida che nasconde molte insidie, perch\u00e9 la Stella Azzurra \u00e8 squadra con roster importante che si \u00e8 ulteriormente rinforzato con l\u2019arrivo di Candido, ma noi vogliamo giocare questo match con la giusta tigna, con l\u2019orgoglio e contemporaneamente con umilt\u00e0 e rispetto nei confronti dell\u2019avversario, sapendo che un successo potrebbe essere un altro passo in avanti per provare a raggiungere subito un grande traguardo.\u201d<\/em><\/p>\n<p>Anche <strong>Riccardo Marzoli,<\/strong> protagonista come gi\u00e0 detto nella gara che si \u00e8 giocata lo scorso dicembre a Viterbo, parla alla vigilia di questo big-match: \u201c<em>Quella di domani \u00e8 la prima delle tre finali che mancano alla fine della regular season, e anche se capisco che tutti gli occhi e i riflettori siano gi\u00f9 puntati sulla partita contro Cassino, siamo ben consci del fatto che se non vinciamo queste due che la precedono quella non sar\u00e0 decisiva. Siamo totalmente concentrati su Viterbo, che non ha nulla da invidiare a Cassino perch\u00e9 \u00e8 probabilmente insieme a noi e a loro la squadra che gioca meglio e che ha il roster migliore. L\u2019aggiunta di Candido, con cui ho giocato in passato, \u00e8 un fattore in pi\u00f9 determinante per la Stella, perch\u00e9 \u00e8 un giocatore con qualit\u00e0 tecniche e fisiche molto importanti, \u00e8 stato per anni il miglior difensore in DNA e quindi \u00e8 normale che in questa categoria faccia ancor di pi\u00f9 la differenza, senza nulla togliere a Rossetti, Ottocento e Chiatti che sono giocatori esperti e di sicura qualit\u00e0. Noi<\/em> \u2013 continua la guardia biancoblu \u2013<em> siamo sereni, l\u2019esperienza in Coppa Italia ci ha dato conferma del fatto che se giochiamo insieme come sappiamo non ce n\u2019\u00e8 per nessuno, ma quella \u00e8 una parentesi gi\u00e0 ampiamente alle spalle perch\u00e9 anche se ci ha dato un ulteriore spinta dal punto di vista delle motivazioni e della consapevolezza, ci siamo rituffati sin da subito nel campionato che \u00e8 un\u2019altra storia e che dobbiamo affrontare restando sereni e continuando a lavorare come abbiamo sempre fatto in tutti questi mesi. Domani giocheremo contro una squadra veramente forte, sar\u00e0 una gara delicata e per questo spero che tutto l\u2019ambiente LUISS, i nostri colleghi universitari e i nostri amici possano rispondere presente all\u2019appello che gli facciamo per venire a sostenerci in casa<\/em> nostra.\u201d<\/p>\n<p>La sfida tra ASD LUISS Roma e Stella Azzurra Viterbo andr\u00e0 in scena <strong>sabato 29 marzo alle 18.00 al PalaLUISS<\/strong> di via Martino Longhi di Roma, dove ad arbitrare sono chiamati i Signori Francesco Cattani di Cittaducale (RI) e Federico Marinelli di Rieti.<\/p>\n<p><strong>Danila Di Biase<\/strong><br \/>\n<strong>ASD LUISS<\/strong><\/p>\n<p><em>(foto di Claudio Devizzi Grassi)<\/em><\/p>\n","protected":false},"excerpt":{"rendered":"<p>\u00c8 di nuovo tempo di big-match per l\u2019ASD LUISS militante nel girone E del campionato DNC, che sabato 29 marzo ospiter\u00e0 al PalaLUISS di Roma la Stella Azzurra Viterbo in [&hellip;]<\/p>\n","protected":false},"author":441,"featured_media":7476,"comment_status":"closed","ping_status":"closed","sticky":false,"template":"","format":"standard","meta":{"_monsterinsights_skip_tracking":false,"_monsterinsights_sitenote_active":false,"_monsterinsights_sitenote_note":"","_monsterinsights_sitenote_category":0,"footnotes":""},"categories":[114],"tags":[],"class_list":["post-7475","post","type-post","status-publish","format-standard","has-post-thumbnail","hentry","category-news-basket-c"],"yoast_head":"<!-- This site is optimized with the Yoast SEO plugin v26.5 - https:\/\/yoast.com\/wordpress\/plugins\/seo\/ -->\n<title>Big-match al PalaLUISS: arriva Viterbo! - Luiss Sport - Luiss Guido Carli<\/title>\n<meta name=\"robots\" content=\"index, follow, max-snippet:-1, max-image-preview:large, max-video-preview:-1\" \/>\n<link rel=\"canonical\" href=\"https:\/\/sport.luiss.it\/2014\/03\/28\/big-match-al-palaluiss-arriva-viterbo\/\" \/>\n<meta property=\"og:locale\" content=\"en_US\" \/>\n<meta property=\"og:type\" content=\"article\" \/>\n<meta property=\"og:title\" content=\"Big-match al PalaLUISS: arriva Viterbo! - Luiss Sport - Luiss Guido Carli\" \/>\n<meta property=\"og:description\" content=\"\u00c8 di nuovo tempo di big-match per l\u2019ASD LUISS militante nel girone E del campionato DNC, che sabato 29 marzo ospiter\u00e0 al PalaLUISS di Roma la Stella Azzurra Viterbo in [&hellip;]\" \/>\n<meta property=\"og:url\" content=\"https:\/\/sport.luiss.it\/2014\/03\/28\/big-match-al-palaluiss-arriva-viterbo\/\" \/>\n<meta property=\"og:site_name\" content=\"Luiss Sport - Luiss Guido Carli\" \/>\n<meta property=\"article:publisher\" content=\"https:\/\/www.facebook.com\/sportluiss\/\" \/>\n<meta property=\"article:published_time\" content=\"2014-03-28T11:30:54+00:00\" \/>\n<meta name=\"twitter:card\" content=\"summary_large_image\" \/>\n<meta name=\"twitter:label1\" content=\"Written by\" \/>\n\t<meta name=\"twitter:data1\" content=\"\" \/>\n\t<meta name=\"twitter:label2\" content=\"Est. reading time\" \/>\n\t<meta name=\"twitter:data2\" content=\"4 minutes\" \/>\n<script type=\"application\/ld+json\" class=\"yoast-schema-graph\">{\"@context\":\"https:\/\/schema.org\",\"@graph\":[{\"@type\":\"WebPage\",\"@id\":\"https:\/\/sport.luiss.it\/2014\/03\/28\/big-match-al-palaluiss-arriva-viterbo\/\",\"url\":\"https:\/\/sport.luiss.it\/2014\/03\/28\/big-match-al-palaluiss-arriva-viterbo\/\",\"name\":\"Big-match al PalaLUISS: arriva Viterbo! - Luiss Sport - Luiss Guido Carli\",\"isPartOf\":{\"@id\":\"https:\/\/sport.luiss.it\/#website\"},\"primaryImageOfPage\":{\"@id\":\"https:\/\/sport.luiss.it\/2014\/03\/28\/big-match-al-palaluiss-arriva-viterbo\/#primaryimage\"},\"image\":{\"@id\":\"https:\/\/sport.luiss.it\/2014\/03\/28\/big-match-al-palaluiss-arriva-viterbo\/#primaryimage\"},\"thumbnailUrl\":\"\",\"datePublished\":\"2014-03-28T11:30:54+00:00\",\"author\":{\"@id\":\"\"},\"breadcrumb\":{\"@id\":\"https:\/\/sport.luiss.it\/2014\/03\/28\/big-match-al-palaluiss-arriva-viterbo\/#breadcrumb\"},\"inLanguage\":\"en-US\",\"potentialAction\":[{\"@type\":\"ReadAction\",\"target\":[\"https:\/\/sport.luiss.it\/2014\/03\/28\/big-match-al-palaluiss-arriva-viterbo\/\"]}]},{\"@type\":\"ImageObject\",\"inLanguage\":\"en-US\",\"@id\":\"https:\/\/sport.luiss.it\/2014\/03\/28\/big-match-al-palaluiss-arriva-viterbo\/#primaryimage\",\"url\":\"\",\"contentUrl\":\"\"},{\"@type\":\"BreadcrumbList\",\"@id\":\"https:\/\/sport.luiss.it\/2014\/03\/28\/big-match-al-palaluiss-arriva-viterbo\/#breadcrumb\",\"itemListElement\":[{\"@type\":\"ListItem\",\"position\":1,\"name\":\"Home\",\"item\":\"https:\/\/sport.luiss.it\/en\/\"},{\"@type\":\"ListItem\",\"position\":2,\"name\":\"Big-match al PalaLUISS: arriva Viterbo!\"}]},{\"@type\":\"WebSite\",\"@id\":\"https:\/\/sport.luiss.it\/#website\",\"url\":\"https:\/\/sport.luiss.it\/\",\"name\":\"Luiss Sport - Luiss Guido Carli\",\"description\":\"Luiss Sport\",\"potentialAction\":[{\"@type\":\"SearchAction\",\"target\":{\"@type\":\"EntryPoint\",\"urlTemplate\":\"https:\/\/sport.luiss.it\/?s={search_term_string}\"},\"query-input\":{\"@type\":\"PropertyValueSpecification\",\"valueRequired\":true,\"valueName\":\"search_term_string\"}}],\"inLanguage\":\"en-US\"},{\"@type\":\"Person\",\"@id\":\"\"}]}<\/script>\n<!-- \/ Yoast SEO plugin. -->","yoast_head_json":{"title":"Big-match al PalaLUISS: arriva Viterbo! - Luiss Sport - Luiss Guido Carli","robots":{"index":"index","follow":"follow","max-snippet":"max-snippet:-1","max-image-preview":"max-image-preview:large","max-video-preview":"max-video-preview:-1"},"canonical":"https:\/\/sport.luiss.it\/2014\/03\/28\/big-match-al-palaluiss-arriva-viterbo\/","og_locale":"en_US","og_type":"article","og_title":"Big-match al PalaLUISS: arriva Viterbo! - Luiss Sport - Luiss Guido Carli","og_description":"\u00c8 di nuovo tempo di big-match per l\u2019ASD LUISS militante nel girone E del campionato DNC, che sabato 29 marzo ospiter\u00e0 al PalaLUISS di Roma la Stella Azzurra Viterbo in [&hellip;]","og_url":"https:\/\/sport.luiss.it\/2014\/03\/28\/big-match-al-palaluiss-arriva-viterbo\/","og_site_name":"Luiss Sport - Luiss Guido Carli","article_publisher":"https:\/\/www.facebook.com\/sportluiss\/","article_published_time":"2014-03-28T11:30:54+00:00","twitter_card":"summary_large_image","twitter_misc":{"Written by":"","Est. reading time":"4 minutes"},"schema":{"@context":"https:\/\/schema.org","@graph":[{"@type":"WebPage","@id":"https:\/\/sport.luiss.it\/2014\/03\/28\/big-match-al-palaluiss-arriva-viterbo\/","url":"https:\/\/sport.luiss.it\/2014\/03\/28\/big-match-al-palaluiss-arriva-viterbo\/","name":"Big-match al PalaLUISS: arriva Viterbo! - Luiss Sport - Luiss Guido Carli","isPartOf":{"@id":"https:\/\/sport.luiss.it\/#website"},"primaryImageOfPage":{"@id":"https:\/\/sport.luiss.it\/2014\/03\/28\/big-match-al-palaluiss-arriva-viterbo\/#primaryimage"},"image":{"@id":"https:\/\/sport.luiss.it\/2014\/03\/28\/big-match-al-palaluiss-arriva-viterbo\/#primaryimage"},"thumbnailUrl":"","datePublished":"2014-03-28T11:30:54+00:00","author":{"@id":""},"breadcrumb":{"@id":"https:\/\/sport.luiss.it\/2014\/03\/28\/big-match-al-palaluiss-arriva-viterbo\/#breadcrumb"},"inLanguage":"en-US","potentialAction":[{"@type":"ReadAction","target":["https:\/\/sport.luiss.it\/2014\/03\/28\/big-match-al-palaluiss-arriva-viterbo\/"]}]},{"@type":"ImageObject","inLanguage":"en-US","@id":"https:\/\/sport.luiss.it\/2014\/03\/28\/big-match-al-palaluiss-arriva-viterbo\/#primaryimage","url":"","contentUrl":""},{"@type":"BreadcrumbList","@id":"https:\/\/sport.luiss.it\/2014\/03\/28\/big-match-al-palaluiss-arriva-viterbo\/#breadcrumb","itemListElement":[{"@type":"ListItem","position":1,"name":"Home","item":"https:\/\/sport.luiss.it\/en\/"},{"@type":"ListItem","position":2,"name":"Big-match al PalaLUISS: arriva Viterbo!"}]},{"@type":"WebSite","@id":"https:\/\/sport.luiss.it\/#website","url":"https:\/\/sport.luiss.it\/","name":"Luiss Sport - Luiss Guido Carli","description":"Luiss Sport","potentialAction":[{"@type":"SearchAction","target":{"@type":"EntryPoint","urlTemplate":"https:\/\/sport.luiss.it\/?s={search_term_string}"},"query-input":{"@type":"PropertyValueSpecification","valueRequired":true,"valueName":"search_term_string"}}],"inLanguage":"en-US"},{"@type":"Person","@id":""}]}},"_links":{"self":[{"href":"https:\/\/sport.luiss.it\/en\/wp-json\/wp\/v2\/posts\/7475","targetHints":{"allow":["GET"]}}],"collection":[{"href":"https:\/\/sport.luiss.it\/en\/wp-json\/wp\/v2\/posts"}],"about":[{"href":"https:\/\/sport.luiss.it\/en\/wp-json\/wp\/v2\/types\/post"}],"author":[{"embeddable":true,"href":"https:\/\/sport.luiss.it\/en\/wp-json\/wp\/v2\/users\/441"}],"replies":[{"embeddable":true,"href":"https:\/\/sport.luiss.it\/en\/wp-json\/wp\/v2\/comments?post=7475"}],"version-history":[{"count":0,"href":"https:\/\/sport.luiss.it\/en\/wp-json\/wp\/v2\/posts\/7475\/revisions"}],"wp:featuredmedia":[{"embeddable":true,"href":"https:\/\/sport.luiss.it\/en\/wp-json\/"}],"wp:attachment":[{"href":"https:\/\/sport.luiss.it\/en\/wp-json\/wp\/v2\/media?parent=7475"}],"wp:term":[{"taxonomy":"category","embeddable":true,"href":"https:\/\/sport.luiss.it\/en\/wp-json\/wp\/v2\/categories?post=7475"},{"taxonomy":"post_tag","embeddable":true,"href":"https:\/\/sport.luiss.it\/en\/wp-json\/wp\/v2\/tags?post=7475"}],"curies":[{"name":"wp","href":"https:\/\/api.w.org\/{rel}","templated":true}]}}