
{"id":7656,"date":"2014-05-31T13:39:27","date_gmt":"2014-05-31T13:39:27","guid":{"rendered":"https:\/\/sport.luiss.it\/?p=7656"},"modified":"2014-05-31T13:39:27","modified_gmt":"2014-05-31T13:39:27","slug":"basket-la-luiss-e-pronta-per-la-finale","status":"publish","type":"post","link":"https:\/\/sport.luiss.it\/en\/2014\/05\/31\/basket-la-luiss-e-pronta-per-la-finale\/","title":{"rendered":"Basket: la LUISS \u00e8 pronta per la finale!"},"content":{"rendered":"<p><a href=\"https:\/\/sport.luiss.it\/wp-content\/uploads\/2014\/05\/Briscese-e-Stijepovic-Copia.jpg\"><img loading=\"lazy\" decoding=\"async\" class=\"size-full wp-image-7657 alignleft\" alt=\"ADECCO CUP - FINAL EIGHT DNC - LUISS ROMA - CATANZARO\" src=\"https:\/\/sport.luiss.it\/wp-content\/uploads\/2014\/05\/Briscese-e-Stijepovic-Copia.jpg\" width=\"526\" height=\"350\" \/><\/a>23 vittorie (<em>e 3 sconfitte, nda<\/em>) in regular season, 3 in Coppa Italia, 4 nei primi due turni play-off. Questi i numeri dell\u2019ASD LUISS Roma che si appresta a vivere da protagonista la serie finale per la promozione in DNB contro la<em> Stella Azzurra Viterbo<\/em>, che inizier\u00e0 il<strong> 2 giugno alle 20.30 al PalaLUISS<\/strong>.<\/p>\n<p>Una finale pronosticata quella che prender\u00e0 il via nel giorno della Festa della Repubblica, tra due formazioni che hanno chiuso la stagione regolare rispettivamente al secondo e al terzo posto, alle spalle quindi della sola Virtus Cassino, promossa automaticamente nella serie superiore. <strong>La LUISS e la Stella Azzurra si sfideranno al meglio delle tre gare<\/strong>, in una serie che si preannuncia entusiasmante e combattuta sino alla fine, dove ad avere la meglio sar\u00e0 la squadra che avr\u00e0 la forza di giocare con lucidit\u00e0 gli ultimi 80 (o 120) minuti di una stagione lunga ed intensa, che terminer\u00e0 solo il 5 (o il 7) giugno, ovvero dopo nove mesi di battaglie sportive che hanno reso avvincente ed incerto il campionato fino alla fine, con tanti verdetti giunti solo all\u2019ultima giornata. Ma adesso non c\u2019\u00e8 tempo di pensare a quanto di eccezionale \u00e8 successo finora, perch\u00e9 se gi\u00e0 i play-off fanno storia a parte, una finale \u00e8 qualcosa che va oltre, \u00e8 adrenalina, concentrazione massima, ed anche \u201cansia\u201d di voler scendere in campo per <strong>dimostrare di essere i migliori<\/strong>, di battere gli avversari e festeggiare un traguardo tanto atteso quanto inseguito e voluto fortemente dall\u2019inizio dell\u2019anno.<\/p>\n<p>La LUISS arriva a quest\u2019appuntamento dopo aver battuto nei quarti di finale il Calasetta per 2-0, e in semifinale con lo stesso risultato il Sant\u2019Orsola Sassari, conquistando cos\u00ec il passaggio del turno che la vedr\u00e0 opposta a Viterbo, anch\u2019essa capace di chiudere le prime due serie dei play-off con un rotondo 4-0 (contro Valmontone e l\u2019Olimpia Cagliari, nda). Il 2 giugno al PalaLUISS scenderanno quindi in campo due squadre giunte sin qui con un percorso diverso nel girone E, ma perfettamente uguale nella post-season, il che lascia presagire che <strong>sar\u00e0 una serie tutt\u2019altro che scontata e che riserver\u00e0 grandi emozioni<\/strong> ai protagonisti in campo e ai tifosi che assieperanno gli spalti di Piazza Mancini e del Pala Mal\u00e8 di Viterbo.<\/p>\n<p><strong>Max Briscese<\/strong>, allenatore luissino, che sar\u00e0 impegnato dall\u20191 al 3 giugno anche con l\u2019Interzona U15 Eccellenza che si disputer\u00e0 in Umbria con i suoi ragazzi della Virtus Eurobasket Roma, presenta cos\u00ec la sfida contro il team viterbese: \u201c<em>Chiaramente giocare una finale per andare in DNB dopo un\u2019annata come questa \u00e8 per tutti noi grande motivo d\u2019orgoglio, perch\u00e9 in 10 mesi di duro lavoro siamo arrivati a giocarci due traguardi importanti, con il primo che abbiamo raggiunto brillantemente a Rimini, mentre adesso inseguiamo il secondo che \u00e8 la promozione, e per questo siamo estremamente contenti di aver conquistato questa finale. C\u2019\u00e8 stata questa pausa di 10 giorni che render\u00e0 la prima gara dal punto di vista dell\u2019approccio mentale probabilmente un po\u2019 pi\u00f9 incerta, ma \u00e8 chiaro che le motivazioni per giocare queste partite sono tante perch\u00e9 credo che sia il sogno di qualunque giocatore essere protagonista a questo punto dell\u2019anno, quindi siamo tutti pronti per giocarle al massimo. Teoricamente questa era una finale pronosticabile, come sempre per\u00f2 le cose vanno dimostrate sul campo, e quindi noi affronteremo un\u2019ottima squadra che ha grandi qualit\u00e0 soprattutto nei giocatori esterni dotati di talento offensivo, ai quali hanno aggiunto Candido che gli d\u00e0 solidit\u00e0 nel gioco interno. Dal canto nostro per\u00f2 cercheremo di far prevalere le nostre caratteristiche sulle loro, mettendo in campo anche l\u2019esperienza acquisita durante tutta la stagione e nelle finali di Coppa Italia di tre mesi fa.\u201d<\/em><\/p>\n<p><strong>Dusan Stijepovic<\/strong>, grandissimo protagonista di questa stagione, con 13.8 punti e 11.4 rimbalzi di media realizzati in regular season (<em>5 partite saltate per infortunio, nda<\/em>) mentre viaggia con 15.25 punti e 11,75 rimbalzi nei play-off, commenta cos\u00ec il grande impegno che attende lui e i suoi compagni a partire da luned\u00ec sera: <em>\u201cEntrambe le squadre sono arrivate in finale non per caso e probabilmente tutti si aspettavano questa sfida dopo la nostra sconfitta con Cassino, comunque sia saranno delle partite difficilissime e noi ce la metteremo tutta per vincere e portare a casa questo grande risultato. Dal mio punto di vista da gara1 dipender\u00e0 la sorte di questa serie, \u00e8 probabilmente la partita pi\u00f9 importante, che sar\u00e0 per certi aspetti un po\u2019 strana perch\u00e9 abbiamo avuto una settimana in pi\u00f9 di allenamento che da un lato \u00e8 stato un aspetto positivo perch\u00e9 ci ha permesso di recuperare le energie, ma dall\u2019altro \u00e8 stata un po\u2019 particolare perch\u00e9 abbiamo perso il ritmo semplicemente perch\u00e9 10 giorni senza gare in questo periodo dell\u2019anno \u00e8 una cosa a cui non siamo abituati, ma questo \u00e8 un discorso che vale sia per noi che per loro e quindi dovremo essere bravi a trarre il meglio anche da questa situazione. Viterbo<\/em> \u2013 continua l\u2019ala biancoblu &#8211; <em>da quando \u00e8 arrivato Cipriani ha cambiato marcia, modo di giocare e come ha detto Coach Briscese \u00e8 una squadra talentuosa, coperta in tutti ruoli, inoltre da quando ha inserito Candido si \u00e8 notata la differenza perch\u00e9 \u00e8 un giocatore esperto, fondamentale in ogni zona del campo e soprattutto \u00e8 un vincente, quindi un innesto davvero importante per la Stella Azzurra. Comunque penso che quando arrivi a giocare partite del genere dopo un anno di sacrifici sai di dover dare pi\u00f9 del 100% per vincere, e che saranno i dettagli impercettibili a fare la differenza, per questo sar\u00e0 importante restare concentrati per 40 minuti luned\u00ec, perch\u00e9 pu\u00f2 bastare un secondo di calo di tensione per compromettere tutto. Dal punto di vista tattico saranno sfide molto toste, noi con loro abbiamo chiuso la regular season con un 2-0 in nostro favore, ma quelle due partite adesso non conteranno pi\u00f9 di tanto, perch\u00e9 una finale fa storia a s\u00e9 e noi per questo ci siamo allenati bene, preparando la sfida nel migliore dei modi.\u201d<\/em><\/p>\n<p>Dusan conclude poi con un invito: \u201c<strong>Mi auguro che tutti gli studenti della LUISS e i nostri tifosi vengano a sostenerci<\/strong> gi\u00e0 a partire da luned\u00ec, perch\u00e9 come dicevo saranno fondamentali i dettagli e il fattore campo a favore non vogliamo perderlo per nessun motivo, quindi aspetto tutti luned\u00ec sera per rendere unica l\u2019atmosfera in casa nostra.\u201d<\/p>\n<p>Gara1 della finale play-off DNC tra ASD LUISS Roma e Stella Azzurra Viterbo si giocher\u00e0<strong> luned\u00ec 2 giugno alle 20.30 al PalaLUISS<\/strong> di Piazza Mancini di Roma, dove ad arbitrare sono chiamati il Signor Giulio Giovannetti e la Signora Elena Colazzo, entrambi provenienti da Milano.<\/p>\n<p><strong>Danila Di Biase<\/strong><br \/>\n<strong>ASD LUISS<\/strong><\/p>\n<p>(nella foto di Ciamillo\/Castoria, Coach Briscese e Stijepovic esultano)<\/p>\n","protected":false},"excerpt":{"rendered":"<p>23 vittorie (e 3 sconfitte, nda) in regular season, 3 in Coppa Italia, 4 nei primi due turni play-off. Questi i numeri dell\u2019ASD LUISS Roma che si appresta a vivere [&hellip;]<\/p>\n","protected":false},"author":441,"featured_media":7657,"comment_status":"closed","ping_status":"closed","sticky":false,"template":"","format":"standard","meta":{"_monsterinsights_skip_tracking":false,"_monsterinsights_sitenote_active":false,"_monsterinsights_sitenote_note":"","_monsterinsights_sitenote_category":0,"footnotes":""},"categories":[114],"tags":[],"class_list":["post-7656","post","type-post","status-publish","format-standard","has-post-thumbnail","hentry","category-news-basket-c"],"yoast_head":"<!-- This site is optimized with the Yoast SEO plugin v26.5 - https:\/\/yoast.com\/wordpress\/plugins\/seo\/ -->\n<title>Basket: la LUISS \u00e8 pronta per la finale! - Luiss Sport - Luiss Guido Carli<\/title>\n<meta name=\"robots\" content=\"index, follow, max-snippet:-1, max-image-preview:large, max-video-preview:-1\" \/>\n<link rel=\"canonical\" href=\"https:\/\/sport.luiss.it\/2014\/05\/31\/basket-la-luiss-e-pronta-per-la-finale\/\" \/>\n<meta property=\"og:locale\" content=\"en_US\" \/>\n<meta property=\"og:type\" content=\"article\" \/>\n<meta property=\"og:title\" content=\"Basket: la LUISS \u00e8 pronta per la finale! - Luiss Sport - Luiss Guido Carli\" \/>\n<meta property=\"og:description\" content=\"23 vittorie (e 3 sconfitte, nda) in regular season, 3 in Coppa Italia, 4 nei primi due turni play-off. Questi i numeri dell\u2019ASD LUISS Roma che si appresta a vivere [&hellip;]\" \/>\n<meta property=\"og:url\" content=\"https:\/\/sport.luiss.it\/2014\/05\/31\/basket-la-luiss-e-pronta-per-la-finale\/\" \/>\n<meta property=\"og:site_name\" content=\"Luiss Sport - Luiss Guido Carli\" \/>\n<meta property=\"article:publisher\" content=\"https:\/\/www.facebook.com\/sportluiss\/\" \/>\n<meta property=\"article:published_time\" content=\"2014-05-31T13:39:27+00:00\" \/>\n<meta name=\"twitter:card\" content=\"summary_large_image\" \/>\n<meta name=\"twitter:label1\" content=\"Written by\" \/>\n\t<meta name=\"twitter:data1\" content=\"\" \/>\n\t<meta name=\"twitter:label2\" content=\"Est. reading time\" \/>\n\t<meta name=\"twitter:data2\" content=\"5 minutes\" \/>\n<script type=\"application\/ld+json\" class=\"yoast-schema-graph\">{\"@context\":\"https:\/\/schema.org\",\"@graph\":[{\"@type\":\"WebPage\",\"@id\":\"https:\/\/sport.luiss.it\/2014\/05\/31\/basket-la-luiss-e-pronta-per-la-finale\/\",\"url\":\"https:\/\/sport.luiss.it\/2014\/05\/31\/basket-la-luiss-e-pronta-per-la-finale\/\",\"name\":\"Basket: la LUISS \u00e8 pronta per la finale! - Luiss Sport - Luiss Guido Carli\",\"isPartOf\":{\"@id\":\"https:\/\/sport.luiss.it\/#website\"},\"primaryImageOfPage\":{\"@id\":\"https:\/\/sport.luiss.it\/2014\/05\/31\/basket-la-luiss-e-pronta-per-la-finale\/#primaryimage\"},\"image\":{\"@id\":\"https:\/\/sport.luiss.it\/2014\/05\/31\/basket-la-luiss-e-pronta-per-la-finale\/#primaryimage\"},\"thumbnailUrl\":\"\",\"datePublished\":\"2014-05-31T13:39:27+00:00\",\"author\":{\"@id\":\"\"},\"breadcrumb\":{\"@id\":\"https:\/\/sport.luiss.it\/2014\/05\/31\/basket-la-luiss-e-pronta-per-la-finale\/#breadcrumb\"},\"inLanguage\":\"en-US\",\"potentialAction\":[{\"@type\":\"ReadAction\",\"target\":[\"https:\/\/sport.luiss.it\/2014\/05\/31\/basket-la-luiss-e-pronta-per-la-finale\/\"]}]},{\"@type\":\"ImageObject\",\"inLanguage\":\"en-US\",\"@id\":\"https:\/\/sport.luiss.it\/2014\/05\/31\/basket-la-luiss-e-pronta-per-la-finale\/#primaryimage\",\"url\":\"\",\"contentUrl\":\"\"},{\"@type\":\"BreadcrumbList\",\"@id\":\"https:\/\/sport.luiss.it\/2014\/05\/31\/basket-la-luiss-e-pronta-per-la-finale\/#breadcrumb\",\"itemListElement\":[{\"@type\":\"ListItem\",\"position\":1,\"name\":\"Home\",\"item\":\"https:\/\/sport.luiss.it\/en\/\"},{\"@type\":\"ListItem\",\"position\":2,\"name\":\"Basket: la LUISS \u00e8 pronta per la finale!\"}]},{\"@type\":\"WebSite\",\"@id\":\"https:\/\/sport.luiss.it\/#website\",\"url\":\"https:\/\/sport.luiss.it\/\",\"name\":\"Luiss Sport - Luiss Guido Carli\",\"description\":\"Luiss Sport\",\"potentialAction\":[{\"@type\":\"SearchAction\",\"target\":{\"@type\":\"EntryPoint\",\"urlTemplate\":\"https:\/\/sport.luiss.it\/?s={search_term_string}\"},\"query-input\":{\"@type\":\"PropertyValueSpecification\",\"valueRequired\":true,\"valueName\":\"search_term_string\"}}],\"inLanguage\":\"en-US\"},{\"@type\":\"Person\",\"@id\":\"\"}]}<\/script>\n<!-- \/ Yoast SEO plugin. -->","yoast_head_json":{"title":"Basket: la LUISS \u00e8 pronta per la finale! - Luiss Sport - Luiss Guido Carli","robots":{"index":"index","follow":"follow","max-snippet":"max-snippet:-1","max-image-preview":"max-image-preview:large","max-video-preview":"max-video-preview:-1"},"canonical":"https:\/\/sport.luiss.it\/2014\/05\/31\/basket-la-luiss-e-pronta-per-la-finale\/","og_locale":"en_US","og_type":"article","og_title":"Basket: la LUISS \u00e8 pronta per la finale! - Luiss Sport - Luiss Guido Carli","og_description":"23 vittorie (e 3 sconfitte, nda) in regular season, 3 in Coppa Italia, 4 nei primi due turni play-off. Questi i numeri dell\u2019ASD LUISS Roma che si appresta a vivere [&hellip;]","og_url":"https:\/\/sport.luiss.it\/2014\/05\/31\/basket-la-luiss-e-pronta-per-la-finale\/","og_site_name":"Luiss Sport - Luiss Guido Carli","article_publisher":"https:\/\/www.facebook.com\/sportluiss\/","article_published_time":"2014-05-31T13:39:27+00:00","twitter_card":"summary_large_image","twitter_misc":{"Written by":"","Est. reading time":"5 minutes"},"schema":{"@context":"https:\/\/schema.org","@graph":[{"@type":"WebPage","@id":"https:\/\/sport.luiss.it\/2014\/05\/31\/basket-la-luiss-e-pronta-per-la-finale\/","url":"https:\/\/sport.luiss.it\/2014\/05\/31\/basket-la-luiss-e-pronta-per-la-finale\/","name":"Basket: la LUISS \u00e8 pronta per la finale! - Luiss Sport - Luiss Guido Carli","isPartOf":{"@id":"https:\/\/sport.luiss.it\/#website"},"primaryImageOfPage":{"@id":"https:\/\/sport.luiss.it\/2014\/05\/31\/basket-la-luiss-e-pronta-per-la-finale\/#primaryimage"},"image":{"@id":"https:\/\/sport.luiss.it\/2014\/05\/31\/basket-la-luiss-e-pronta-per-la-finale\/#primaryimage"},"thumbnailUrl":"","datePublished":"2014-05-31T13:39:27+00:00","author":{"@id":""},"breadcrumb":{"@id":"https:\/\/sport.luiss.it\/2014\/05\/31\/basket-la-luiss-e-pronta-per-la-finale\/#breadcrumb"},"inLanguage":"en-US","potentialAction":[{"@type":"ReadAction","target":["https:\/\/sport.luiss.it\/2014\/05\/31\/basket-la-luiss-e-pronta-per-la-finale\/"]}]},{"@type":"ImageObject","inLanguage":"en-US","@id":"https:\/\/sport.luiss.it\/2014\/05\/31\/basket-la-luiss-e-pronta-per-la-finale\/#primaryimage","url":"","contentUrl":""},{"@type":"BreadcrumbList","@id":"https:\/\/sport.luiss.it\/2014\/05\/31\/basket-la-luiss-e-pronta-per-la-finale\/#breadcrumb","itemListElement":[{"@type":"ListItem","position":1,"name":"Home","item":"https:\/\/sport.luiss.it\/en\/"},{"@type":"ListItem","position":2,"name":"Basket: la LUISS \u00e8 pronta per la finale!"}]},{"@type":"WebSite","@id":"https:\/\/sport.luiss.it\/#website","url":"https:\/\/sport.luiss.it\/","name":"Luiss Sport - Luiss Guido Carli","description":"Luiss Sport","potentialAction":[{"@type":"SearchAction","target":{"@type":"EntryPoint","urlTemplate":"https:\/\/sport.luiss.it\/?s={search_term_string}"},"query-input":{"@type":"PropertyValueSpecification","valueRequired":true,"valueName":"search_term_string"}}],"inLanguage":"en-US"},{"@type":"Person","@id":""}]}},"_links":{"self":[{"href":"https:\/\/sport.luiss.it\/en\/wp-json\/wp\/v2\/posts\/7656","targetHints":{"allow":["GET"]}}],"collection":[{"href":"https:\/\/sport.luiss.it\/en\/wp-json\/wp\/v2\/posts"}],"about":[{"href":"https:\/\/sport.luiss.it\/en\/wp-json\/wp\/v2\/types\/post"}],"author":[{"embeddable":true,"href":"https:\/\/sport.luiss.it\/en\/wp-json\/wp\/v2\/users\/441"}],"replies":[{"embeddable":true,"href":"https:\/\/sport.luiss.it\/en\/wp-json\/wp\/v2\/comments?post=7656"}],"version-history":[{"count":0,"href":"https:\/\/sport.luiss.it\/en\/wp-json\/wp\/v2\/posts\/7656\/revisions"}],"wp:featuredmedia":[{"embeddable":true,"href":"https:\/\/sport.luiss.it\/en\/wp-json\/"}],"wp:attachment":[{"href":"https:\/\/sport.luiss.it\/en\/wp-json\/wp\/v2\/media?parent=7656"}],"wp:term":[{"taxonomy":"category","embeddable":true,"href":"https:\/\/sport.luiss.it\/en\/wp-json\/wp\/v2\/categories?post=7656"},{"taxonomy":"post_tag","embeddable":true,"href":"https:\/\/sport.luiss.it\/en\/wp-json\/wp\/v2\/tags?post=7656"}],"curies":[{"name":"wp","href":"https:\/\/api.w.org\/{rel}","templated":true}]}}