
{"id":7672,"date":"2014-06-08T20:45:52","date_gmt":"2014-06-08T20:45:52","guid":{"rendered":"https:\/\/sport.luiss.it\/?p=7672"},"modified":"2014-06-08T20:45:52","modified_gmt":"2014-06-08T20:45:52","slug":"basket-finale-di-stagione-per-la-luiss","status":"publish","type":"post","link":"https:\/\/sport.luiss.it\/en\/2014\/06\/08\/basket-finale-di-stagione-per-la-luiss\/","title":{"rendered":"Basket: finale di stagione per la LUISS"},"content":{"rendered":"<p><a href=\"https:\/\/sport.luiss.it\/wp-content\/uploads\/2014\/04\/logoluiss.jpg\"><img loading=\"lazy\" decoding=\"async\" class=\"alignleft wp-image-7579 size-full\" src=\"https:\/\/sport.luiss.it\/wp-content\/uploads\/2014\/04\/logoluiss.jpg\" alt=\"logoluiss\" width=\"220\" height=\"256\" \/><\/a>Termina nel <strong>modo pi\u00f9 incredibile possibile<\/strong> la stagione per l\u2019ASD LUISS che vede sfumare il sogno promozione solo all\u2019ultimo secondo dell\u2019ultima gara valida per il passaggio in DNB contro la Stella Azzurra Viterbo. \u00c8 stata una rocambolesca tripla di Tommaso Rossetti a 5\u2019\u2019 dalla fine a condannare Polselli e compagni nel match che si \u00e8 disputato al PalaLUISS sabato 7 giugno, con Stijepovic che ha tentato l\u2019ultimo tiro, infrantosi per\u00f2 sul ferro.<\/p>\n<p>La pallacanestro ci ha insegnato che non sarebbe uno sport cos\u00ec bello se non fosse anche cos\u00ec crudele, quasi a voler essere una metafora della vita: pi\u00f9 ami e pi\u00f9 la delusione, poi, \u00e8 grande. La LUISS, capace di rimontare un -19 che avrebbe demoralizzato chiunque, non \u00e8 riuscita a dare il colpo di reni finale, inchinandosi ad un tiro impossibile di un giocatore di assoluto livello che, come tutti quelli scesi in campo in questa partita, ha dimostrato di crederci fino all\u2019ultimo istante. Le sconfitte fanno male, sono ferite che vanno cicatrizzate ma, proprio in quanto tali, restano nella mente perche serviranno a trovare la carica e la determinazione per fare meglio in futuro, anche se il presente ha un sapore particolarmente amaro.<\/p>\n<p>L\u2019epilogo della stagione non era quello che ci si aspettava, ma il ko contro Viterbo non deve far dimenticare la straordinaria annata degli universitari, che sono andati vicini alla promozione nella sfida di fina regular season con Cassino e, appunto, con la Stella Azzurra, dopo essersi laureati Campioni d\u2019Italia nella kermesse di Rimini che ha visto ai nastri di partenza le migliori 8 squadre italiane della DNC dal 7 al 9 marzo. Il grande slam non \u00e8 arrivato, anche dopo 10 mesi fatti di 27 vittorie e 5 sconfitte, un ruolino impressionante per un team praticamente nuovo, con 6 giocatori arrivati ad agosto che, con tutti gli altri a disposizione di Briscese, si sono resi protagonisti di una stagione superlativa, arrivando ad un passo dalla gioia finale.<\/p>\n<p><strong>Alla Stella Azzurra Viterbo vanno i nostri complimenti per aver ottenuto la promozione<\/strong>, riconosciamo i meriti dei 10 giocatori stellati, capaci di giocare l\u2019ultima gara della finale in maniera quasi impeccabile, dimostrando di avere il giusto carattere per espugnare un fortino caduto solo due volte quest\u2019anno. A Giganti e compagni, a Cipriani e al suo staff e a tutta la societ\u00e0 viterbese va quindi il nostro in bocca al lupo per la prossima stagione in DNB.<\/p>\n<p><strong>Ai nostri ragazzi, allo Staff Tecnico, allo Staff Dirigenziale e Medico va invece un grazie sincero<\/strong>, perch\u00e9 tutti avevamo immaginato un finale diverso, forse lo avremmo anche meritato, ma il campo, unico giudice imparziale, ci ha visto uscire sconfitti ed \u00e8 da qui, da quel tiro di Rossetti, che dovremo ripartire per poter fare ancora meglio, senza cancellare il cammino eccezionale di questa stagione.<\/p>\n<p><strong>Danila Di Biase<\/strong><br \/>\n<strong>ASD LUISS<\/strong><\/p>\n","protected":false},"excerpt":{"rendered":"<p>Termina nel modo pi\u00f9 incredibile possibile la stagione per l\u2019ASD LUISS che vede sfumare il sogno promozione solo all\u2019ultimo secondo dell\u2019ultima gara valida per il passaggio in DNB contro la [&hellip;]<\/p>\n","protected":false},"author":441,"featured_media":7579,"comment_status":"closed","ping_status":"closed","sticky":false,"template":"","format":"standard","meta":{"_monsterinsights_skip_tracking":false,"_monsterinsights_sitenote_active":false,"_monsterinsights_sitenote_note":"","_monsterinsights_sitenote_category":0,"footnotes":""},"categories":[114],"tags":[],"class_list":["post-7672","post","type-post","status-publish","format-standard","has-post-thumbnail","hentry","category-news-basket-c"],"yoast_head":"<!-- This site is optimized with the Yoast SEO plugin v26.5 - https:\/\/yoast.com\/wordpress\/plugins\/seo\/ -->\n<title>Basket: finale di stagione per la LUISS - Luiss Sport - Luiss Guido Carli<\/title>\n<meta name=\"robots\" content=\"index, follow, max-snippet:-1, max-image-preview:large, max-video-preview:-1\" \/>\n<link rel=\"canonical\" href=\"https:\/\/sport.luiss.it\/2014\/06\/08\/basket-finale-di-stagione-per-la-luiss\/\" \/>\n<meta property=\"og:locale\" content=\"en_US\" \/>\n<meta property=\"og:type\" content=\"article\" \/>\n<meta property=\"og:title\" content=\"Basket: finale di stagione per la LUISS - Luiss Sport - Luiss Guido Carli\" \/>\n<meta property=\"og:description\" content=\"Termina nel modo pi\u00f9 incredibile possibile la stagione per l\u2019ASD LUISS che vede sfumare il sogno promozione solo all\u2019ultimo secondo dell\u2019ultima gara valida per il passaggio in DNB contro la [&hellip;]\" \/>\n<meta property=\"og:url\" content=\"https:\/\/sport.luiss.it\/2014\/06\/08\/basket-finale-di-stagione-per-la-luiss\/\" \/>\n<meta property=\"og:site_name\" content=\"Luiss Sport - Luiss Guido Carli\" \/>\n<meta property=\"article:publisher\" content=\"https:\/\/www.facebook.com\/sportluiss\/\" \/>\n<meta property=\"article:published_time\" content=\"2014-06-08T20:45:52+00:00\" \/>\n<meta name=\"twitter:card\" content=\"summary_large_image\" \/>\n<meta name=\"twitter:label1\" content=\"Written by\" \/>\n\t<meta name=\"twitter:data1\" content=\"\" \/>\n\t<meta name=\"twitter:label2\" content=\"Est. reading time\" \/>\n\t<meta name=\"twitter:data2\" content=\"2 minutes\" \/>\n<script type=\"application\/ld+json\" class=\"yoast-schema-graph\">{\"@context\":\"https:\/\/schema.org\",\"@graph\":[{\"@type\":\"WebPage\",\"@id\":\"https:\/\/sport.luiss.it\/2014\/06\/08\/basket-finale-di-stagione-per-la-luiss\/\",\"url\":\"https:\/\/sport.luiss.it\/2014\/06\/08\/basket-finale-di-stagione-per-la-luiss\/\",\"name\":\"Basket: finale di stagione per la LUISS - Luiss Sport - Luiss Guido Carli\",\"isPartOf\":{\"@id\":\"https:\/\/sport.luiss.it\/#website\"},\"primaryImageOfPage\":{\"@id\":\"https:\/\/sport.luiss.it\/2014\/06\/08\/basket-finale-di-stagione-per-la-luiss\/#primaryimage\"},\"image\":{\"@id\":\"https:\/\/sport.luiss.it\/2014\/06\/08\/basket-finale-di-stagione-per-la-luiss\/#primaryimage\"},\"thumbnailUrl\":\"\",\"datePublished\":\"2014-06-08T20:45:52+00:00\",\"author\":{\"@id\":\"\"},\"breadcrumb\":{\"@id\":\"https:\/\/sport.luiss.it\/2014\/06\/08\/basket-finale-di-stagione-per-la-luiss\/#breadcrumb\"},\"inLanguage\":\"en-US\",\"potentialAction\":[{\"@type\":\"ReadAction\",\"target\":[\"https:\/\/sport.luiss.it\/2014\/06\/08\/basket-finale-di-stagione-per-la-luiss\/\"]}]},{\"@type\":\"ImageObject\",\"inLanguage\":\"en-US\",\"@id\":\"https:\/\/sport.luiss.it\/2014\/06\/08\/basket-finale-di-stagione-per-la-luiss\/#primaryimage\",\"url\":\"\",\"contentUrl\":\"\"},{\"@type\":\"BreadcrumbList\",\"@id\":\"https:\/\/sport.luiss.it\/2014\/06\/08\/basket-finale-di-stagione-per-la-luiss\/#breadcrumb\",\"itemListElement\":[{\"@type\":\"ListItem\",\"position\":1,\"name\":\"Home\",\"item\":\"https:\/\/sport.luiss.it\/en\/\"},{\"@type\":\"ListItem\",\"position\":2,\"name\":\"Basket: finale di stagione per la LUISS\"}]},{\"@type\":\"WebSite\",\"@id\":\"https:\/\/sport.luiss.it\/#website\",\"url\":\"https:\/\/sport.luiss.it\/\",\"name\":\"Luiss Sport - Luiss Guido Carli\",\"description\":\"Luiss Sport\",\"potentialAction\":[{\"@type\":\"SearchAction\",\"target\":{\"@type\":\"EntryPoint\",\"urlTemplate\":\"https:\/\/sport.luiss.it\/?s={search_term_string}\"},\"query-input\":{\"@type\":\"PropertyValueSpecification\",\"valueRequired\":true,\"valueName\":\"search_term_string\"}}],\"inLanguage\":\"en-US\"},{\"@type\":\"Person\",\"@id\":\"\"}]}<\/script>\n<!-- \/ Yoast SEO plugin. -->","yoast_head_json":{"title":"Basket: finale di stagione per la LUISS - Luiss Sport - Luiss Guido Carli","robots":{"index":"index","follow":"follow","max-snippet":"max-snippet:-1","max-image-preview":"max-image-preview:large","max-video-preview":"max-video-preview:-1"},"canonical":"https:\/\/sport.luiss.it\/2014\/06\/08\/basket-finale-di-stagione-per-la-luiss\/","og_locale":"en_US","og_type":"article","og_title":"Basket: finale di stagione per la LUISS - Luiss Sport - Luiss Guido Carli","og_description":"Termina nel modo pi\u00f9 incredibile possibile la stagione per l\u2019ASD LUISS che vede sfumare il sogno promozione solo all\u2019ultimo secondo dell\u2019ultima gara valida per il passaggio in DNB contro la [&hellip;]","og_url":"https:\/\/sport.luiss.it\/2014\/06\/08\/basket-finale-di-stagione-per-la-luiss\/","og_site_name":"Luiss Sport - Luiss Guido Carli","article_publisher":"https:\/\/www.facebook.com\/sportluiss\/","article_published_time":"2014-06-08T20:45:52+00:00","twitter_card":"summary_large_image","twitter_misc":{"Written by":"","Est. reading time":"2 minutes"},"schema":{"@context":"https:\/\/schema.org","@graph":[{"@type":"WebPage","@id":"https:\/\/sport.luiss.it\/2014\/06\/08\/basket-finale-di-stagione-per-la-luiss\/","url":"https:\/\/sport.luiss.it\/2014\/06\/08\/basket-finale-di-stagione-per-la-luiss\/","name":"Basket: finale di stagione per la LUISS - Luiss Sport - Luiss Guido Carli","isPartOf":{"@id":"https:\/\/sport.luiss.it\/#website"},"primaryImageOfPage":{"@id":"https:\/\/sport.luiss.it\/2014\/06\/08\/basket-finale-di-stagione-per-la-luiss\/#primaryimage"},"image":{"@id":"https:\/\/sport.luiss.it\/2014\/06\/08\/basket-finale-di-stagione-per-la-luiss\/#primaryimage"},"thumbnailUrl":"","datePublished":"2014-06-08T20:45:52+00:00","author":{"@id":""},"breadcrumb":{"@id":"https:\/\/sport.luiss.it\/2014\/06\/08\/basket-finale-di-stagione-per-la-luiss\/#breadcrumb"},"inLanguage":"en-US","potentialAction":[{"@type":"ReadAction","target":["https:\/\/sport.luiss.it\/2014\/06\/08\/basket-finale-di-stagione-per-la-luiss\/"]}]},{"@type":"ImageObject","inLanguage":"en-US","@id":"https:\/\/sport.luiss.it\/2014\/06\/08\/basket-finale-di-stagione-per-la-luiss\/#primaryimage","url":"","contentUrl":""},{"@type":"BreadcrumbList","@id":"https:\/\/sport.luiss.it\/2014\/06\/08\/basket-finale-di-stagione-per-la-luiss\/#breadcrumb","itemListElement":[{"@type":"ListItem","position":1,"name":"Home","item":"https:\/\/sport.luiss.it\/en\/"},{"@type":"ListItem","position":2,"name":"Basket: finale di stagione per la LUISS"}]},{"@type":"WebSite","@id":"https:\/\/sport.luiss.it\/#website","url":"https:\/\/sport.luiss.it\/","name":"Luiss Sport - Luiss Guido Carli","description":"Luiss Sport","potentialAction":[{"@type":"SearchAction","target":{"@type":"EntryPoint","urlTemplate":"https:\/\/sport.luiss.it\/?s={search_term_string}"},"query-input":{"@type":"PropertyValueSpecification","valueRequired":true,"valueName":"search_term_string"}}],"inLanguage":"en-US"},{"@type":"Person","@id":""}]}},"_links":{"self":[{"href":"https:\/\/sport.luiss.it\/en\/wp-json\/wp\/v2\/posts\/7672","targetHints":{"allow":["GET"]}}],"collection":[{"href":"https:\/\/sport.luiss.it\/en\/wp-json\/wp\/v2\/posts"}],"about":[{"href":"https:\/\/sport.luiss.it\/en\/wp-json\/wp\/v2\/types\/post"}],"author":[{"embeddable":true,"href":"https:\/\/sport.luiss.it\/en\/wp-json\/wp\/v2\/users\/441"}],"replies":[{"embeddable":true,"href":"https:\/\/sport.luiss.it\/en\/wp-json\/wp\/v2\/comments?post=7672"}],"version-history":[{"count":0,"href":"https:\/\/sport.luiss.it\/en\/wp-json\/wp\/v2\/posts\/7672\/revisions"}],"wp:featuredmedia":[{"embeddable":true,"href":"https:\/\/sport.luiss.it\/en\/wp-json\/"}],"wp:attachment":[{"href":"https:\/\/sport.luiss.it\/en\/wp-json\/wp\/v2\/media?parent=7672"}],"wp:term":[{"taxonomy":"category","embeddable":true,"href":"https:\/\/sport.luiss.it\/en\/wp-json\/wp\/v2\/categories?post=7672"},{"taxonomy":"post_tag","embeddable":true,"href":"https:\/\/sport.luiss.it\/en\/wp-json\/wp\/v2\/tags?post=7672"}],"curies":[{"name":"wp","href":"https:\/\/api.w.org\/{rel}","templated":true}]}}