
{"id":7680,"date":"2014-07-02T07:00:58","date_gmt":"2014-07-02T07:00:58","guid":{"rendered":"https:\/\/sport.luiss.it\/?p=7680"},"modified":"2014-07-02T07:00:58","modified_gmt":"2014-07-02T07:00:58","slug":"basket-e-andrea-paccarie-il-nuovo-coach","status":"publish","type":"post","link":"https:\/\/sport.luiss.it\/en\/2014\/07\/02\/basket-e-andrea-paccarie-il-nuovo-coach\/","title":{"rendered":"Basket: \u00e8 Andrea Paccari\u00e8 il nuovo Coach"},"content":{"rendered":"<p><a href=\"https:\/\/sport.luiss.it\/wp-content\/uploads\/2014\/07\/paccari\u00e8.jpg\"><img loading=\"lazy\" decoding=\"async\" class=\"alignleft wp-image-7681 size-full\" src=\"https:\/\/sport.luiss.it\/wp-content\/uploads\/2014\/07\/paccari\u00e8.jpg\" alt=\"paccari\u00e8\" width=\"250\" height=\"375\" \/><\/a>L\u2019ASD LUISS \u00e8 lieta di annunciare che \u00e8 <strong>Andrea Paccari\u00e8<\/strong> il nuovo allenatore della squadra di basket militante in DNC. Il Coach, alla sua seconda esperienza alla guida della LUISS dopo le annate 2001\/2003, inizier\u00e0 ufficialmente la nuova avventura a met\u00e0 luglio con le selezioni per i giocatori che da settembre potrebbero indossare la casacca biancoblu dopo le valutazioni dello Staff Tecnico e solo dopo aver eventualmente superato i test d\u2019ammissione alla LUISS Guido Carli, oltre ai ragazzi che hanno gi\u00e0 superato quelli di marzo.<\/p>\n<p>Andrea Paccari\u00e8, <strong>nato a Roma il 12 gennaio 1961 e laureato in Giurisprudenza<\/strong>, ha iniziato la sua carriera nel 1978 come Responsabile del Settore Giovanile e Vice Allenatore della Italcable Roma in serie B. Nei suoi \u201cprimi\u201d 20 anni professionali tante le squadre che ha guidato, nel Lazio, ma anche in Sicilia, con l\u2019esperienza ad Agrigento. Il nuovo millennio si \u00e8 aperto con l\u2019esperienza sulla panchina della Lazio, \u00e8 poi <strong>nel 2001 che \u00e8 approdato per la prima volta alla LUISS, che ha guidato per due stagioni in serie B<\/strong>. Dopo aver lasciato la squadra universitaria nel 2003 \u00e8 arrivata anche la prima esperienza come Direttore Generale della Stella Azzurra Roma \u00a0(di cui \u00e8 attualmente consulente per lo sviluppo tecnico). Nel 2004\/05 \u00e8 entrato nel progetto College Italia come allenatore degli Under21, con cui si \u00e8 laureato Campione d\u2019Italia, e come Vice in serie B. Nello stesso anno diventa assistente della Nazionale Militare al Torneo Shape con cui conquista la medaglia d\u2019Argento. La stagione successiva diviene Head-Coach del College Italia in serie B, ottiene il 4\u00b0 posto al Torneo Shape e il 6\u00b0 ai Campionati del Mondo che si sono disputati in Russia sempre con la Nazionale Militare. Nel 2006\/07, sempre con i colori del College Italia, ottiene ancora un 4\u00b0 posto al Torneo Shape, mentre entra tre le prime tre squadre d\u2019Italia con l\u2019Under 21 alle finali Nazionali. Nel 2007 \u00e8 chiamato come Assistente Allenatore al Raduno della Nazionale Femminile Under 16, per poi trasferirsi a Scafati, dove approda in A1 come Vice-Coach nella stagione 2007\/08. A luglio 2008 il passaggio ad Olbia come Capo Allenatore in serie B, esperienza a cui fa seguito quella con la Coopsette Reggio Emilia la stagione successiva. Nel 2011\/12 guida in A2 Femminile la Mercede Basket Alghero, nel 2012 \u00e8 Capo Allenatore della Nazionale Militare alle Olimpiadi in Brasile, e lo stesso anno firma con la Pallacanestro Marino, che condurr\u00e0 fino alla promozione in DNB con una splendida cavalcata. Nel 2013 ha guidato la Nazionale Militare alla medaglia d\u2019argento nel Torneo Shape mentre nella stagione appena conclusa \u00e8 stato Responsabile del Settore Giovanile della Pallacanestro Marino, ruolo che ricoprir\u00e0 anche nella prossima annata. \u00c8, infine, attualmente impegnato con i Campionati del Mondo femminili U17 in corso di svolgimento a Praga.<\/p>\n<p>Diamo quindi<strong> il benvenuto ad Andrea<\/strong>, con la certezza che questo nuovo inizio frutter\u00e0 tante soddisfazioni per tutta l\u2019Associazione Sportiva LUISS. Buon lavoro e in bocca al lupo, Coach.<\/p>\n<p><strong>Danila Di Biase<\/strong><br \/>\n<strong>ASD LUISS<\/strong><\/p>\n<p>&nbsp;<\/p>\n","protected":false},"excerpt":{"rendered":"<p>L\u2019ASD LUISS \u00e8 lieta di annunciare che \u00e8 Andrea Paccari\u00e8 il nuovo allenatore della squadra di basket militante in DNC. Il Coach, alla sua seconda esperienza alla guida della LUISS [&hellip;]<\/p>\n","protected":false},"author":441,"featured_media":7681,"comment_status":"closed","ping_status":"closed","sticky":false,"template":"","format":"standard","meta":{"_monsterinsights_skip_tracking":false,"_monsterinsights_sitenote_active":false,"_monsterinsights_sitenote_note":"","_monsterinsights_sitenote_category":0,"footnotes":""},"categories":[114],"tags":[],"class_list":["post-7680","post","type-post","status-publish","format-standard","has-post-thumbnail","hentry","category-news-basket-c"],"yoast_head":"<!-- This site is optimized with the Yoast SEO plugin v26.5 - https:\/\/yoast.com\/wordpress\/plugins\/seo\/ -->\n<title>Basket: \u00e8 Andrea Paccari\u00e8 il nuovo Coach - Luiss Sport - Luiss Guido Carli<\/title>\n<meta name=\"robots\" content=\"index, follow, max-snippet:-1, max-image-preview:large, max-video-preview:-1\" \/>\n<link rel=\"canonical\" href=\"https:\/\/sport.luiss.it\/2014\/07\/02\/basket-e-andrea-paccarie-il-nuovo-coach\/\" \/>\n<meta property=\"og:locale\" content=\"en_US\" \/>\n<meta property=\"og:type\" content=\"article\" \/>\n<meta property=\"og:title\" content=\"Basket: \u00e8 Andrea Paccari\u00e8 il nuovo Coach - Luiss Sport - Luiss Guido Carli\" \/>\n<meta property=\"og:description\" content=\"L\u2019ASD LUISS \u00e8 lieta di annunciare che \u00e8 Andrea Paccari\u00e8 il nuovo allenatore della squadra di basket militante in DNC. Il Coach, alla sua seconda esperienza alla guida della LUISS [&hellip;]\" \/>\n<meta property=\"og:url\" content=\"https:\/\/sport.luiss.it\/2014\/07\/02\/basket-e-andrea-paccarie-il-nuovo-coach\/\" \/>\n<meta property=\"og:site_name\" content=\"Luiss Sport - Luiss Guido Carli\" \/>\n<meta property=\"article:publisher\" content=\"https:\/\/www.facebook.com\/sportluiss\/\" \/>\n<meta property=\"article:published_time\" content=\"2014-07-02T07:00:58+00:00\" \/>\n<meta name=\"twitter:card\" content=\"summary_large_image\" \/>\n<meta name=\"twitter:label1\" content=\"Written by\" \/>\n\t<meta name=\"twitter:data1\" content=\"\" \/>\n\t<meta name=\"twitter:label2\" content=\"Est. reading time\" \/>\n\t<meta name=\"twitter:data2\" content=\"2 minutes\" \/>\n<script type=\"application\/ld+json\" class=\"yoast-schema-graph\">{\"@context\":\"https:\/\/schema.org\",\"@graph\":[{\"@type\":\"WebPage\",\"@id\":\"https:\/\/sport.luiss.it\/2014\/07\/02\/basket-e-andrea-paccarie-il-nuovo-coach\/\",\"url\":\"https:\/\/sport.luiss.it\/2014\/07\/02\/basket-e-andrea-paccarie-il-nuovo-coach\/\",\"name\":\"Basket: \u00e8 Andrea Paccari\u00e8 il nuovo Coach - Luiss Sport - Luiss Guido Carli\",\"isPartOf\":{\"@id\":\"https:\/\/sport.luiss.it\/#website\"},\"primaryImageOfPage\":{\"@id\":\"https:\/\/sport.luiss.it\/2014\/07\/02\/basket-e-andrea-paccarie-il-nuovo-coach\/#primaryimage\"},\"image\":{\"@id\":\"https:\/\/sport.luiss.it\/2014\/07\/02\/basket-e-andrea-paccarie-il-nuovo-coach\/#primaryimage\"},\"thumbnailUrl\":\"\",\"datePublished\":\"2014-07-02T07:00:58+00:00\",\"author\":{\"@id\":\"\"},\"breadcrumb\":{\"@id\":\"https:\/\/sport.luiss.it\/2014\/07\/02\/basket-e-andrea-paccarie-il-nuovo-coach\/#breadcrumb\"},\"inLanguage\":\"en-US\",\"potentialAction\":[{\"@type\":\"ReadAction\",\"target\":[\"https:\/\/sport.luiss.it\/2014\/07\/02\/basket-e-andrea-paccarie-il-nuovo-coach\/\"]}]},{\"@type\":\"ImageObject\",\"inLanguage\":\"en-US\",\"@id\":\"https:\/\/sport.luiss.it\/2014\/07\/02\/basket-e-andrea-paccarie-il-nuovo-coach\/#primaryimage\",\"url\":\"\",\"contentUrl\":\"\"},{\"@type\":\"BreadcrumbList\",\"@id\":\"https:\/\/sport.luiss.it\/2014\/07\/02\/basket-e-andrea-paccarie-il-nuovo-coach\/#breadcrumb\",\"itemListElement\":[{\"@type\":\"ListItem\",\"position\":1,\"name\":\"Home\",\"item\":\"https:\/\/sport.luiss.it\/en\/\"},{\"@type\":\"ListItem\",\"position\":2,\"name\":\"Basket: \u00e8 Andrea Paccari\u00e8 il nuovo Coach\"}]},{\"@type\":\"WebSite\",\"@id\":\"https:\/\/sport.luiss.it\/#website\",\"url\":\"https:\/\/sport.luiss.it\/\",\"name\":\"Luiss Sport - Luiss Guido Carli\",\"description\":\"Luiss Sport\",\"potentialAction\":[{\"@type\":\"SearchAction\",\"target\":{\"@type\":\"EntryPoint\",\"urlTemplate\":\"https:\/\/sport.luiss.it\/?s={search_term_string}\"},\"query-input\":{\"@type\":\"PropertyValueSpecification\",\"valueRequired\":true,\"valueName\":\"search_term_string\"}}],\"inLanguage\":\"en-US\"},{\"@type\":\"Person\",\"@id\":\"\"}]}<\/script>\n<!-- \/ Yoast SEO plugin. -->","yoast_head_json":{"title":"Basket: \u00e8 Andrea Paccari\u00e8 il nuovo Coach - Luiss Sport - Luiss Guido Carli","robots":{"index":"index","follow":"follow","max-snippet":"max-snippet:-1","max-image-preview":"max-image-preview:large","max-video-preview":"max-video-preview:-1"},"canonical":"https:\/\/sport.luiss.it\/2014\/07\/02\/basket-e-andrea-paccarie-il-nuovo-coach\/","og_locale":"en_US","og_type":"article","og_title":"Basket: \u00e8 Andrea Paccari\u00e8 il nuovo Coach - Luiss Sport - Luiss Guido Carli","og_description":"L\u2019ASD LUISS \u00e8 lieta di annunciare che \u00e8 Andrea Paccari\u00e8 il nuovo allenatore della squadra di basket militante in DNC. Il Coach, alla sua seconda esperienza alla guida della LUISS [&hellip;]","og_url":"https:\/\/sport.luiss.it\/2014\/07\/02\/basket-e-andrea-paccarie-il-nuovo-coach\/","og_site_name":"Luiss Sport - Luiss Guido Carli","article_publisher":"https:\/\/www.facebook.com\/sportluiss\/","article_published_time":"2014-07-02T07:00:58+00:00","twitter_card":"summary_large_image","twitter_misc":{"Written by":"","Est. reading time":"2 minutes"},"schema":{"@context":"https:\/\/schema.org","@graph":[{"@type":"WebPage","@id":"https:\/\/sport.luiss.it\/2014\/07\/02\/basket-e-andrea-paccarie-il-nuovo-coach\/","url":"https:\/\/sport.luiss.it\/2014\/07\/02\/basket-e-andrea-paccarie-il-nuovo-coach\/","name":"Basket: \u00e8 Andrea Paccari\u00e8 il nuovo Coach - Luiss Sport - Luiss Guido Carli","isPartOf":{"@id":"https:\/\/sport.luiss.it\/#website"},"primaryImageOfPage":{"@id":"https:\/\/sport.luiss.it\/2014\/07\/02\/basket-e-andrea-paccarie-il-nuovo-coach\/#primaryimage"},"image":{"@id":"https:\/\/sport.luiss.it\/2014\/07\/02\/basket-e-andrea-paccarie-il-nuovo-coach\/#primaryimage"},"thumbnailUrl":"","datePublished":"2014-07-02T07:00:58+00:00","author":{"@id":""},"breadcrumb":{"@id":"https:\/\/sport.luiss.it\/2014\/07\/02\/basket-e-andrea-paccarie-il-nuovo-coach\/#breadcrumb"},"inLanguage":"en-US","potentialAction":[{"@type":"ReadAction","target":["https:\/\/sport.luiss.it\/2014\/07\/02\/basket-e-andrea-paccarie-il-nuovo-coach\/"]}]},{"@type":"ImageObject","inLanguage":"en-US","@id":"https:\/\/sport.luiss.it\/2014\/07\/02\/basket-e-andrea-paccarie-il-nuovo-coach\/#primaryimage","url":"","contentUrl":""},{"@type":"BreadcrumbList","@id":"https:\/\/sport.luiss.it\/2014\/07\/02\/basket-e-andrea-paccarie-il-nuovo-coach\/#breadcrumb","itemListElement":[{"@type":"ListItem","position":1,"name":"Home","item":"https:\/\/sport.luiss.it\/en\/"},{"@type":"ListItem","position":2,"name":"Basket: \u00e8 Andrea Paccari\u00e8 il nuovo Coach"}]},{"@type":"WebSite","@id":"https:\/\/sport.luiss.it\/#website","url":"https:\/\/sport.luiss.it\/","name":"Luiss Sport - Luiss Guido Carli","description":"Luiss Sport","potentialAction":[{"@type":"SearchAction","target":{"@type":"EntryPoint","urlTemplate":"https:\/\/sport.luiss.it\/?s={search_term_string}"},"query-input":{"@type":"PropertyValueSpecification","valueRequired":true,"valueName":"search_term_string"}}],"inLanguage":"en-US"},{"@type":"Person","@id":""}]}},"_links":{"self":[{"href":"https:\/\/sport.luiss.it\/en\/wp-json\/wp\/v2\/posts\/7680","targetHints":{"allow":["GET"]}}],"collection":[{"href":"https:\/\/sport.luiss.it\/en\/wp-json\/wp\/v2\/posts"}],"about":[{"href":"https:\/\/sport.luiss.it\/en\/wp-json\/wp\/v2\/types\/post"}],"author":[{"embeddable":true,"href":"https:\/\/sport.luiss.it\/en\/wp-json\/wp\/v2\/users\/441"}],"replies":[{"embeddable":true,"href":"https:\/\/sport.luiss.it\/en\/wp-json\/wp\/v2\/comments?post=7680"}],"version-history":[{"count":0,"href":"https:\/\/sport.luiss.it\/en\/wp-json\/wp\/v2\/posts\/7680\/revisions"}],"wp:featuredmedia":[{"embeddable":true,"href":"https:\/\/sport.luiss.it\/en\/wp-json\/"}],"wp:attachment":[{"href":"https:\/\/sport.luiss.it\/en\/wp-json\/wp\/v2\/media?parent=7680"}],"wp:term":[{"taxonomy":"category","embeddable":true,"href":"https:\/\/sport.luiss.it\/en\/wp-json\/wp\/v2\/categories?post=7680"},{"taxonomy":"post_tag","embeddable":true,"href":"https:\/\/sport.luiss.it\/en\/wp-json\/wp\/v2\/tags?post=7680"}],"curies":[{"name":"wp","href":"https:\/\/api.w.org\/{rel}","templated":true}]}}