
{"id":7764,"date":"2014-07-21T08:00:49","date_gmt":"2014-07-21T08:00:49","guid":{"rendered":"https:\/\/sport.luiss.it\/?p=7764"},"modified":"2014-07-21T08:00:49","modified_gmt":"2014-07-21T08:00:49","slug":"basket-dusan-stijepovic-lascia-la-luiss","status":"publish","type":"post","link":"https:\/\/sport.luiss.it\/en\/2014\/07\/21\/basket-dusan-stijepovic-lascia-la-luiss\/","title":{"rendered":"Basket: Dusan Stijepovic lascia la LUISS"},"content":{"rendered":"<p><a href=\"https:\/\/sport.luiss.it\/wp-content\/uploads\/2014\/07\/dusan.jpg\"><img loading=\"lazy\" decoding=\"async\" class=\"alignleft wp-image-7766 size-full\" src=\"https:\/\/sport.luiss.it\/wp-content\/uploads\/2014\/07\/dusan.jpg\" alt=\"dusan\" width=\"376\" height=\"250\" \/><\/a>L\u2019ASD LUISS comunica che <strong>Dusan Stijepovic non \u00e8 pi\u00f9 un giocatore della squadra di basket neopromossa in serie B<\/strong>. L\u2019ala montenegrina in data odierna ha infatti comunicato alla societ\u00e0 biancoblu di non poter pi\u00f9 proseguire la sua carriera sportiva a Roma, dopo aver concluso il suo Aviation MBA presso la LUISS Business School che gli ha dato la possibilit\u00e0 di meritarsi un <strong>importante stage in una nota multinazionale<\/strong>.<\/p>\n<p>Dusan \u00e8 quindi l\u2019esempio lampante di quello che l\u2019obiettivo del modello ASD LUISS: permettere agli atleti di giocare in categorie nazionali e di studiare ai massimi livelli, dando quindi loro la possibilit\u00e0 di essere vincenti non solo in campo ma anche nella vita professionale, dove in molti riescono a raggiungere anche ruoli di una certa rilevanza.<\/p>\n<p>8 ore al giorno di lezione, seguite dagli allenamenti serali al PalaLUISS, questo il resoconto dell\u2019annata vissuta dall\u2019ormai ex numero 17 biancoblu che raggiunto telefonicamente in Montenegro dove sta svolgendo le sue vacanze, ha dichiarato: <em>\u201cL\u2019esperienza alla LUISS \u00e8 stata indubbiamente la pi\u00f9 bella ed importante della mia vita. Ho messo al primo posto lo studio perch\u00e9 ero consapevole dell\u2019opportunit\u00e0 d\u2019oro che questa societ\u00e0 mi aveva concesso e non ho voluto gettarla via. \u00c8 stato per\u00f2 fondamentale per me far parte della squadra, in cui ho trovato dei ragazzi eccezionali con cui spero di poter continuare a coltivare queste amicizie anche ora che andr\u00f2 via da Roma. Giocare a basket per il team della mia Universit\u00e0 \u00e8 stato motivo d\u2019orgoglio, mi ha aiutato ad affrontare un anno molto pesante dal punto di vista fisico e psicologico permettendomi cos\u00ec di giocare e vincere. Il successo in Coppa Italia, per la prima volta nella storia della nostra societ\u00e0, \u00e8 stata un\u2019emozione unica, un traguardo che abbiamo fortemente voluto, cos\u00ec come avremmo voluto vincere il campionato che purtroppo ci \u00e8 sfuggito di un solo punto in finale. Adesso<\/em> \u2013 continua Dusan &#8211; <em>ho l\u2019opportunit\u00e0 di fare uno stage in un\u2019azienda di primissimo livello, questo <strong>a conferma della bont\u00e0 del progetto ASD LUISS che d\u00e0 a tutti noi la possibilit\u00e0 di conseguire lauree e master importanti e di aprirci cos\u00ec le strade verso il mondo del lavoro<\/strong>. Ringrazio tutta la societ\u00e0, i miei compagni, lo staff ed i tifosi per quanto fatto per me quest\u2019anno e prometto che appena sar\u00f2 a Roma verr\u00f2 a vedere una partita, esultando oggi con voi per la promozione in serie B che \u00e8 stata ufficializzata la scorsa settimana.\u201d<\/em><\/p>\n<p>Stijepovic lascia la squadra dopo un solo anno di militanza, chiuso con numeri da capogiro: 13.3 punti, 11.6 rimbalzi e 2.7 assist di media a partita. Dati che ovviamente per\u00f2 non dicono tutto su quello che \u00e8 stato l\u2019apporto di Dusan, <strong>vero leader e trascinatore<\/strong> sia in campo che fuori, sempre pronto ad incoraggiare i compagni e a caricarsi la squadra sulle spalle nel momento del bisogno.<\/p>\n<p><strong>L\u2019ASD LUISS ringrazia sinceramente Dusan Stijepovic per l\u2019impegno, la professionalit\u00e0 e la abnegazione mostrati<\/strong>, augurandogli le migliori fortune per il suo grande futuro.<\/p>\n<p><strong>Danila Di Biase<\/strong><br \/>\n<strong>ASD LUISS<\/strong><\/p>\n","protected":false},"excerpt":{"rendered":"<p>L\u2019ASD LUISS comunica che Dusan Stijepovic non \u00e8 pi\u00f9 un giocatore della squadra di basket neopromossa in serie B. L\u2019ala montenegrina in data odierna ha infatti comunicato alla societ\u00e0 biancoblu [&hellip;]<\/p>\n","protected":false},"author":441,"featured_media":7766,"comment_status":"closed","ping_status":"closed","sticky":false,"template":"","format":"standard","meta":{"_monsterinsights_skip_tracking":false,"_monsterinsights_sitenote_active":false,"_monsterinsights_sitenote_note":"","_monsterinsights_sitenote_category":0,"footnotes":""},"categories":[114],"tags":[],"class_list":["post-7764","post","type-post","status-publish","format-standard","has-post-thumbnail","hentry","category-news-basket-c"],"yoast_head":"<!-- This site is optimized with the Yoast SEO plugin v26.5 - https:\/\/yoast.com\/wordpress\/plugins\/seo\/ -->\n<title>Basket: Dusan Stijepovic lascia la LUISS - Luiss Sport - Luiss Guido Carli<\/title>\n<meta name=\"robots\" content=\"index, follow, max-snippet:-1, max-image-preview:large, max-video-preview:-1\" \/>\n<link rel=\"canonical\" href=\"https:\/\/sport.luiss.it\/2014\/07\/21\/basket-dusan-stijepovic-lascia-la-luiss\/\" \/>\n<meta property=\"og:locale\" content=\"en_US\" \/>\n<meta property=\"og:type\" content=\"article\" \/>\n<meta property=\"og:title\" content=\"Basket: Dusan Stijepovic lascia la LUISS - Luiss Sport - Luiss Guido Carli\" \/>\n<meta property=\"og:description\" content=\"L\u2019ASD LUISS comunica che Dusan Stijepovic non \u00e8 pi\u00f9 un giocatore della squadra di basket neopromossa in serie B. L\u2019ala montenegrina in data odierna ha infatti comunicato alla societ\u00e0 biancoblu [&hellip;]\" \/>\n<meta property=\"og:url\" content=\"https:\/\/sport.luiss.it\/2014\/07\/21\/basket-dusan-stijepovic-lascia-la-luiss\/\" \/>\n<meta property=\"og:site_name\" content=\"Luiss Sport - Luiss Guido Carli\" \/>\n<meta property=\"article:publisher\" content=\"https:\/\/www.facebook.com\/sportluiss\/\" \/>\n<meta property=\"article:published_time\" content=\"2014-07-21T08:00:49+00:00\" \/>\n<meta name=\"twitter:card\" content=\"summary_large_image\" \/>\n<meta name=\"twitter:label1\" content=\"Written by\" \/>\n\t<meta name=\"twitter:data1\" content=\"\" \/>\n\t<meta name=\"twitter:label2\" content=\"Est. reading time\" \/>\n\t<meta name=\"twitter:data2\" content=\"3 minutes\" \/>\n<script type=\"application\/ld+json\" class=\"yoast-schema-graph\">{\"@context\":\"https:\/\/schema.org\",\"@graph\":[{\"@type\":\"WebPage\",\"@id\":\"https:\/\/sport.luiss.it\/2014\/07\/21\/basket-dusan-stijepovic-lascia-la-luiss\/\",\"url\":\"https:\/\/sport.luiss.it\/2014\/07\/21\/basket-dusan-stijepovic-lascia-la-luiss\/\",\"name\":\"Basket: Dusan Stijepovic lascia la LUISS - Luiss Sport - Luiss Guido Carli\",\"isPartOf\":{\"@id\":\"https:\/\/sport.luiss.it\/#website\"},\"primaryImageOfPage\":{\"@id\":\"https:\/\/sport.luiss.it\/2014\/07\/21\/basket-dusan-stijepovic-lascia-la-luiss\/#primaryimage\"},\"image\":{\"@id\":\"https:\/\/sport.luiss.it\/2014\/07\/21\/basket-dusan-stijepovic-lascia-la-luiss\/#primaryimage\"},\"thumbnailUrl\":\"\",\"datePublished\":\"2014-07-21T08:00:49+00:00\",\"author\":{\"@id\":\"\"},\"breadcrumb\":{\"@id\":\"https:\/\/sport.luiss.it\/2014\/07\/21\/basket-dusan-stijepovic-lascia-la-luiss\/#breadcrumb\"},\"inLanguage\":\"en-US\",\"potentialAction\":[{\"@type\":\"ReadAction\",\"target\":[\"https:\/\/sport.luiss.it\/2014\/07\/21\/basket-dusan-stijepovic-lascia-la-luiss\/\"]}]},{\"@type\":\"ImageObject\",\"inLanguage\":\"en-US\",\"@id\":\"https:\/\/sport.luiss.it\/2014\/07\/21\/basket-dusan-stijepovic-lascia-la-luiss\/#primaryimage\",\"url\":\"\",\"contentUrl\":\"\"},{\"@type\":\"BreadcrumbList\",\"@id\":\"https:\/\/sport.luiss.it\/2014\/07\/21\/basket-dusan-stijepovic-lascia-la-luiss\/#breadcrumb\",\"itemListElement\":[{\"@type\":\"ListItem\",\"position\":1,\"name\":\"Home\",\"item\":\"https:\/\/sport.luiss.it\/en\/\"},{\"@type\":\"ListItem\",\"position\":2,\"name\":\"Basket: Dusan Stijepovic lascia la LUISS\"}]},{\"@type\":\"WebSite\",\"@id\":\"https:\/\/sport.luiss.it\/#website\",\"url\":\"https:\/\/sport.luiss.it\/\",\"name\":\"Luiss Sport - Luiss Guido Carli\",\"description\":\"Luiss Sport\",\"potentialAction\":[{\"@type\":\"SearchAction\",\"target\":{\"@type\":\"EntryPoint\",\"urlTemplate\":\"https:\/\/sport.luiss.it\/?s={search_term_string}\"},\"query-input\":{\"@type\":\"PropertyValueSpecification\",\"valueRequired\":true,\"valueName\":\"search_term_string\"}}],\"inLanguage\":\"en-US\"},{\"@type\":\"Person\",\"@id\":\"\"}]}<\/script>\n<!-- \/ Yoast SEO plugin. -->","yoast_head_json":{"title":"Basket: Dusan Stijepovic lascia la LUISS - Luiss Sport - Luiss Guido Carli","robots":{"index":"index","follow":"follow","max-snippet":"max-snippet:-1","max-image-preview":"max-image-preview:large","max-video-preview":"max-video-preview:-1"},"canonical":"https:\/\/sport.luiss.it\/2014\/07\/21\/basket-dusan-stijepovic-lascia-la-luiss\/","og_locale":"en_US","og_type":"article","og_title":"Basket: Dusan Stijepovic lascia la LUISS - Luiss Sport - Luiss Guido Carli","og_description":"L\u2019ASD LUISS comunica che Dusan Stijepovic non \u00e8 pi\u00f9 un giocatore della squadra di basket neopromossa in serie B. L\u2019ala montenegrina in data odierna ha infatti comunicato alla societ\u00e0 biancoblu [&hellip;]","og_url":"https:\/\/sport.luiss.it\/2014\/07\/21\/basket-dusan-stijepovic-lascia-la-luiss\/","og_site_name":"Luiss Sport - Luiss Guido Carli","article_publisher":"https:\/\/www.facebook.com\/sportluiss\/","article_published_time":"2014-07-21T08:00:49+00:00","twitter_card":"summary_large_image","twitter_misc":{"Written by":"","Est. reading time":"3 minutes"},"schema":{"@context":"https:\/\/schema.org","@graph":[{"@type":"WebPage","@id":"https:\/\/sport.luiss.it\/2014\/07\/21\/basket-dusan-stijepovic-lascia-la-luiss\/","url":"https:\/\/sport.luiss.it\/2014\/07\/21\/basket-dusan-stijepovic-lascia-la-luiss\/","name":"Basket: Dusan Stijepovic lascia la LUISS - Luiss Sport - Luiss Guido Carli","isPartOf":{"@id":"https:\/\/sport.luiss.it\/#website"},"primaryImageOfPage":{"@id":"https:\/\/sport.luiss.it\/2014\/07\/21\/basket-dusan-stijepovic-lascia-la-luiss\/#primaryimage"},"image":{"@id":"https:\/\/sport.luiss.it\/2014\/07\/21\/basket-dusan-stijepovic-lascia-la-luiss\/#primaryimage"},"thumbnailUrl":"","datePublished":"2014-07-21T08:00:49+00:00","author":{"@id":""},"breadcrumb":{"@id":"https:\/\/sport.luiss.it\/2014\/07\/21\/basket-dusan-stijepovic-lascia-la-luiss\/#breadcrumb"},"inLanguage":"en-US","potentialAction":[{"@type":"ReadAction","target":["https:\/\/sport.luiss.it\/2014\/07\/21\/basket-dusan-stijepovic-lascia-la-luiss\/"]}]},{"@type":"ImageObject","inLanguage":"en-US","@id":"https:\/\/sport.luiss.it\/2014\/07\/21\/basket-dusan-stijepovic-lascia-la-luiss\/#primaryimage","url":"","contentUrl":""},{"@type":"BreadcrumbList","@id":"https:\/\/sport.luiss.it\/2014\/07\/21\/basket-dusan-stijepovic-lascia-la-luiss\/#breadcrumb","itemListElement":[{"@type":"ListItem","position":1,"name":"Home","item":"https:\/\/sport.luiss.it\/en\/"},{"@type":"ListItem","position":2,"name":"Basket: Dusan Stijepovic lascia la LUISS"}]},{"@type":"WebSite","@id":"https:\/\/sport.luiss.it\/#website","url":"https:\/\/sport.luiss.it\/","name":"Luiss Sport - Luiss Guido Carli","description":"Luiss Sport","potentialAction":[{"@type":"SearchAction","target":{"@type":"EntryPoint","urlTemplate":"https:\/\/sport.luiss.it\/?s={search_term_string}"},"query-input":{"@type":"PropertyValueSpecification","valueRequired":true,"valueName":"search_term_string"}}],"inLanguage":"en-US"},{"@type":"Person","@id":""}]}},"_links":{"self":[{"href":"https:\/\/sport.luiss.it\/en\/wp-json\/wp\/v2\/posts\/7764","targetHints":{"allow":["GET"]}}],"collection":[{"href":"https:\/\/sport.luiss.it\/en\/wp-json\/wp\/v2\/posts"}],"about":[{"href":"https:\/\/sport.luiss.it\/en\/wp-json\/wp\/v2\/types\/post"}],"author":[{"embeddable":true,"href":"https:\/\/sport.luiss.it\/en\/wp-json\/wp\/v2\/users\/441"}],"replies":[{"embeddable":true,"href":"https:\/\/sport.luiss.it\/en\/wp-json\/wp\/v2\/comments?post=7764"}],"version-history":[{"count":0,"href":"https:\/\/sport.luiss.it\/en\/wp-json\/wp\/v2\/posts\/7764\/revisions"}],"wp:featuredmedia":[{"embeddable":true,"href":"https:\/\/sport.luiss.it\/en\/wp-json\/"}],"wp:attachment":[{"href":"https:\/\/sport.luiss.it\/en\/wp-json\/wp\/v2\/media?parent=7764"}],"wp:term":[{"taxonomy":"category","embeddable":true,"href":"https:\/\/sport.luiss.it\/en\/wp-json\/wp\/v2\/categories?post=7764"},{"taxonomy":"post_tag","embeddable":true,"href":"https:\/\/sport.luiss.it\/en\/wp-json\/wp\/v2\/tags?post=7764"}],"curies":[{"name":"wp","href":"https:\/\/api.w.org\/{rel}","templated":true}]}}