
{"id":7779,"date":"2014-07-27T16:34:06","date_gmt":"2014-07-27T16:34:06","guid":{"rendered":"https:\/\/sport.luiss.it\/?p=7779"},"modified":"2014-07-27T16:34:06","modified_gmt":"2014-07-27T16:34:06","slug":"basket-tre-addii-eccellenti-in-casa-luiss","status":"publish","type":"post","link":"https:\/\/sport.luiss.it\/en\/2014\/07\/27\/basket-tre-addii-eccellenti-in-casa-luiss\/","title":{"rendered":"Basket: tre addii eccellenti in casa LUISS"},"content":{"rendered":"<p><a href=\"https:\/\/sport.luiss.it\/wp-content\/uploads\/2014\/07\/tre.png\"><img loading=\"lazy\" decoding=\"async\" class=\"alignleft wp-image-7780 size-full\" src=\"https:\/\/sport.luiss.it\/wp-content\/uploads\/2014\/07\/tre.png\" alt=\"tre\" width=\"430\" height=\"240\" \/><\/a>L\u2019ASD LUISS comunica che i giocatori <strong>Alessandro Di Pasquale, Marco Barletta e Francesco Semeraro<\/strong> non faranno parte della squadra di basket che\u00a0nella stagione 2014\/15\u00a0parteciper\u00e0 al campionato di serie B.<\/p>\n<p>Tre addii molto significativi quelli dei ragazzi che nell\u2019ultima stagione hanno disputato poche partite ufficiali, ma che come sempre hanno dato il massimo tutto l\u2019anno durante gli allenamenti settimanali, e non hanno mai fatto mancare il proprio sostegno ai compagni impegnati in gara. Alessandro Di Pasquale e Marco Barletta salutano\u00a0la LUISS al termine di tre annate molto positive, con le prime due stagioni in cui sono stati uomini cardine della squadra biancoblu. Francesco \u201cCiccio\u201d Semeraro, invece, \u00e8 arrivato a Roma nel settembre del 2012 e lascia la formazione luissina al termine di una stagione particolare, che l\u2019ha comunque visto protagonista anche con la squadra militante nel campionato di Promozione.<\/p>\n<p>Il valore di questi tre ragazzi non si misura per\u00f2 dal minutaggio o dai punti realizzati, perch\u00e9 <strong>ci\u00f2 che hanno dato per questi colori e per questo progetto \u00e8 andato oltre i numeri e le statistiche<\/strong>. Ad Alessandro, Marco e Ciccio va da tutta la Dirigenza ASD LUISS un sentito ringraziamento per quanto fatto in questi anni ed il pi\u00f9 grande degli in bocca al lupo per il futuro, certi che per ognuno di loro sar\u00e0 radioso e pieno di soddisfazioni.<\/p>\n<p><strong>Danila Di Biase<\/strong><br \/>\n<strong>ASD LUISS<\/strong><\/p>\n<p>&nbsp;<\/p>\n","protected":false},"excerpt":{"rendered":"<p>L\u2019ASD LUISS comunica che i giocatori Alessandro Di Pasquale, Marco Barletta e Francesco Semeraro non faranno parte della squadra di basket che\u00a0nella stagione 2014\/15\u00a0parteciper\u00e0 al campionato di serie B. Tre [&hellip;]<\/p>\n","protected":false},"author":441,"featured_media":7780,"comment_status":"closed","ping_status":"closed","sticky":false,"template":"","format":"standard","meta":{"_monsterinsights_skip_tracking":false,"_monsterinsights_sitenote_active":false,"_monsterinsights_sitenote_note":"","_monsterinsights_sitenote_category":0,"footnotes":""},"categories":[114],"tags":[],"class_list":["post-7779","post","type-post","status-publish","format-standard","has-post-thumbnail","hentry","category-news-basket-c"],"yoast_head":"<!-- This site is optimized with the Yoast SEO plugin v26.5 - https:\/\/yoast.com\/wordpress\/plugins\/seo\/ -->\n<title>Basket: tre addii eccellenti in casa LUISS - Luiss Sport - Luiss Guido Carli<\/title>\n<meta name=\"robots\" content=\"index, follow, max-snippet:-1, max-image-preview:large, max-video-preview:-1\" \/>\n<link rel=\"canonical\" href=\"https:\/\/sport.luiss.it\/2014\/07\/27\/basket-tre-addii-eccellenti-in-casa-luiss\/\" \/>\n<meta property=\"og:locale\" content=\"en_US\" \/>\n<meta property=\"og:type\" content=\"article\" \/>\n<meta property=\"og:title\" content=\"Basket: tre addii eccellenti in casa LUISS - Luiss Sport - Luiss Guido Carli\" \/>\n<meta property=\"og:description\" content=\"L\u2019ASD LUISS comunica che i giocatori Alessandro Di Pasquale, Marco Barletta e Francesco Semeraro non faranno parte della squadra di basket che\u00a0nella stagione 2014\/15\u00a0parteciper\u00e0 al campionato di serie B. Tre [&hellip;]\" \/>\n<meta property=\"og:url\" content=\"https:\/\/sport.luiss.it\/2014\/07\/27\/basket-tre-addii-eccellenti-in-casa-luiss\/\" \/>\n<meta property=\"og:site_name\" content=\"Luiss Sport - Luiss Guido Carli\" \/>\n<meta property=\"article:publisher\" content=\"https:\/\/www.facebook.com\/sportluiss\/\" \/>\n<meta property=\"article:published_time\" content=\"2014-07-27T16:34:06+00:00\" \/>\n<meta name=\"twitter:card\" content=\"summary_large_image\" \/>\n<meta name=\"twitter:label1\" content=\"Written by\" \/>\n\t<meta name=\"twitter:data1\" content=\"\" \/>\n\t<meta name=\"twitter:label2\" content=\"Est. reading time\" \/>\n\t<meta name=\"twitter:data2\" content=\"1 minute\" \/>\n<script type=\"application\/ld+json\" class=\"yoast-schema-graph\">{\"@context\":\"https:\/\/schema.org\",\"@graph\":[{\"@type\":\"WebPage\",\"@id\":\"https:\/\/sport.luiss.it\/2014\/07\/27\/basket-tre-addii-eccellenti-in-casa-luiss\/\",\"url\":\"https:\/\/sport.luiss.it\/2014\/07\/27\/basket-tre-addii-eccellenti-in-casa-luiss\/\",\"name\":\"Basket: tre addii eccellenti in casa LUISS - Luiss Sport - Luiss Guido Carli\",\"isPartOf\":{\"@id\":\"https:\/\/sport.luiss.it\/#website\"},\"primaryImageOfPage\":{\"@id\":\"https:\/\/sport.luiss.it\/2014\/07\/27\/basket-tre-addii-eccellenti-in-casa-luiss\/#primaryimage\"},\"image\":{\"@id\":\"https:\/\/sport.luiss.it\/2014\/07\/27\/basket-tre-addii-eccellenti-in-casa-luiss\/#primaryimage\"},\"thumbnailUrl\":\"\",\"datePublished\":\"2014-07-27T16:34:06+00:00\",\"author\":{\"@id\":\"\"},\"breadcrumb\":{\"@id\":\"https:\/\/sport.luiss.it\/2014\/07\/27\/basket-tre-addii-eccellenti-in-casa-luiss\/#breadcrumb\"},\"inLanguage\":\"en-US\",\"potentialAction\":[{\"@type\":\"ReadAction\",\"target\":[\"https:\/\/sport.luiss.it\/2014\/07\/27\/basket-tre-addii-eccellenti-in-casa-luiss\/\"]}]},{\"@type\":\"ImageObject\",\"inLanguage\":\"en-US\",\"@id\":\"https:\/\/sport.luiss.it\/2014\/07\/27\/basket-tre-addii-eccellenti-in-casa-luiss\/#primaryimage\",\"url\":\"\",\"contentUrl\":\"\"},{\"@type\":\"BreadcrumbList\",\"@id\":\"https:\/\/sport.luiss.it\/2014\/07\/27\/basket-tre-addii-eccellenti-in-casa-luiss\/#breadcrumb\",\"itemListElement\":[{\"@type\":\"ListItem\",\"position\":1,\"name\":\"Home\",\"item\":\"https:\/\/sport.luiss.it\/en\/\"},{\"@type\":\"ListItem\",\"position\":2,\"name\":\"Basket: tre addii eccellenti in casa LUISS\"}]},{\"@type\":\"WebSite\",\"@id\":\"https:\/\/sport.luiss.it\/#website\",\"url\":\"https:\/\/sport.luiss.it\/\",\"name\":\"Luiss Sport - Luiss Guido Carli\",\"description\":\"Luiss Sport\",\"potentialAction\":[{\"@type\":\"SearchAction\",\"target\":{\"@type\":\"EntryPoint\",\"urlTemplate\":\"https:\/\/sport.luiss.it\/?s={search_term_string}\"},\"query-input\":{\"@type\":\"PropertyValueSpecification\",\"valueRequired\":true,\"valueName\":\"search_term_string\"}}],\"inLanguage\":\"en-US\"},{\"@type\":\"Person\",\"@id\":\"\"}]}<\/script>\n<!-- \/ Yoast SEO plugin. -->","yoast_head_json":{"title":"Basket: tre addii eccellenti in casa LUISS - Luiss Sport - Luiss Guido Carli","robots":{"index":"index","follow":"follow","max-snippet":"max-snippet:-1","max-image-preview":"max-image-preview:large","max-video-preview":"max-video-preview:-1"},"canonical":"https:\/\/sport.luiss.it\/2014\/07\/27\/basket-tre-addii-eccellenti-in-casa-luiss\/","og_locale":"en_US","og_type":"article","og_title":"Basket: tre addii eccellenti in casa LUISS - Luiss Sport - Luiss Guido Carli","og_description":"L\u2019ASD LUISS comunica che i giocatori Alessandro Di Pasquale, Marco Barletta e Francesco Semeraro non faranno parte della squadra di basket che\u00a0nella stagione 2014\/15\u00a0parteciper\u00e0 al campionato di serie B. Tre [&hellip;]","og_url":"https:\/\/sport.luiss.it\/2014\/07\/27\/basket-tre-addii-eccellenti-in-casa-luiss\/","og_site_name":"Luiss Sport - Luiss Guido Carli","article_publisher":"https:\/\/www.facebook.com\/sportluiss\/","article_published_time":"2014-07-27T16:34:06+00:00","twitter_card":"summary_large_image","twitter_misc":{"Written by":"","Est. reading time":"1 minute"},"schema":{"@context":"https:\/\/schema.org","@graph":[{"@type":"WebPage","@id":"https:\/\/sport.luiss.it\/2014\/07\/27\/basket-tre-addii-eccellenti-in-casa-luiss\/","url":"https:\/\/sport.luiss.it\/2014\/07\/27\/basket-tre-addii-eccellenti-in-casa-luiss\/","name":"Basket: tre addii eccellenti in casa LUISS - Luiss Sport - Luiss Guido Carli","isPartOf":{"@id":"https:\/\/sport.luiss.it\/#website"},"primaryImageOfPage":{"@id":"https:\/\/sport.luiss.it\/2014\/07\/27\/basket-tre-addii-eccellenti-in-casa-luiss\/#primaryimage"},"image":{"@id":"https:\/\/sport.luiss.it\/2014\/07\/27\/basket-tre-addii-eccellenti-in-casa-luiss\/#primaryimage"},"thumbnailUrl":"","datePublished":"2014-07-27T16:34:06+00:00","author":{"@id":""},"breadcrumb":{"@id":"https:\/\/sport.luiss.it\/2014\/07\/27\/basket-tre-addii-eccellenti-in-casa-luiss\/#breadcrumb"},"inLanguage":"en-US","potentialAction":[{"@type":"ReadAction","target":["https:\/\/sport.luiss.it\/2014\/07\/27\/basket-tre-addii-eccellenti-in-casa-luiss\/"]}]},{"@type":"ImageObject","inLanguage":"en-US","@id":"https:\/\/sport.luiss.it\/2014\/07\/27\/basket-tre-addii-eccellenti-in-casa-luiss\/#primaryimage","url":"","contentUrl":""},{"@type":"BreadcrumbList","@id":"https:\/\/sport.luiss.it\/2014\/07\/27\/basket-tre-addii-eccellenti-in-casa-luiss\/#breadcrumb","itemListElement":[{"@type":"ListItem","position":1,"name":"Home","item":"https:\/\/sport.luiss.it\/en\/"},{"@type":"ListItem","position":2,"name":"Basket: tre addii eccellenti in casa LUISS"}]},{"@type":"WebSite","@id":"https:\/\/sport.luiss.it\/#website","url":"https:\/\/sport.luiss.it\/","name":"Luiss Sport - Luiss Guido Carli","description":"Luiss Sport","potentialAction":[{"@type":"SearchAction","target":{"@type":"EntryPoint","urlTemplate":"https:\/\/sport.luiss.it\/?s={search_term_string}"},"query-input":{"@type":"PropertyValueSpecification","valueRequired":true,"valueName":"search_term_string"}}],"inLanguage":"en-US"},{"@type":"Person","@id":""}]}},"_links":{"self":[{"href":"https:\/\/sport.luiss.it\/en\/wp-json\/wp\/v2\/posts\/7779","targetHints":{"allow":["GET"]}}],"collection":[{"href":"https:\/\/sport.luiss.it\/en\/wp-json\/wp\/v2\/posts"}],"about":[{"href":"https:\/\/sport.luiss.it\/en\/wp-json\/wp\/v2\/types\/post"}],"author":[{"embeddable":true,"href":"https:\/\/sport.luiss.it\/en\/wp-json\/wp\/v2\/users\/441"}],"replies":[{"embeddable":true,"href":"https:\/\/sport.luiss.it\/en\/wp-json\/wp\/v2\/comments?post=7779"}],"version-history":[{"count":0,"href":"https:\/\/sport.luiss.it\/en\/wp-json\/wp\/v2\/posts\/7779\/revisions"}],"wp:featuredmedia":[{"embeddable":true,"href":"https:\/\/sport.luiss.it\/en\/wp-json\/"}],"wp:attachment":[{"href":"https:\/\/sport.luiss.it\/en\/wp-json\/wp\/v2\/media?parent=7779"}],"wp:term":[{"taxonomy":"category","embeddable":true,"href":"https:\/\/sport.luiss.it\/en\/wp-json\/wp\/v2\/categories?post=7779"},{"taxonomy":"post_tag","embeddable":true,"href":"https:\/\/sport.luiss.it\/en\/wp-json\/wp\/v2\/tags?post=7779"}],"curies":[{"name":"wp","href":"https:\/\/api.w.org\/{rel}","templated":true}]}}