
{"id":7786,"date":"2014-07-28T16:46:09","date_gmt":"2014-07-28T16:46:09","guid":{"rendered":"https:\/\/sport.luiss.it\/?p=7786"},"modified":"2014-07-28T16:46:09","modified_gmt":"2014-07-28T16:46:09","slug":"basket-il-calendario-della-serie-b","status":"publish","type":"post","link":"https:\/\/sport.luiss.it\/en\/2014\/07\/28\/basket-il-calendario-della-serie-b\/","title":{"rendered":"Basket: il calendario della serie B"},"content":{"rendered":"<p><a href=\"https:\/\/sport.luiss.it\/wp-content\/uploads\/2014\/07\/download.jpg\"><img loading=\"lazy\" decoding=\"async\" class=\"alignleft wp-image-7787 size-full\" src=\"https:\/\/sport.luiss.it\/wp-content\/uploads\/2014\/07\/download.jpg\" alt=\"download\" width=\"179\" height=\"155\" \/><\/a>In data odierna la Federazione Italiana Pallacanestro ha reso noto<strong> il calendario della stagione sportiva 2014\/15<\/strong> che vedr\u00e0 protagonista l\u2019ASD LUISS nel girone C della <strong>serie B<\/strong>.<\/p>\n<p>Il campionato inizier\u00e0 il 4 ottobre e la formazione universitaria sar\u00e0 impegnata nella sfida in casa della Virtus Basket Fondi. <strong>L\u2019esordio casalingo avverr\u00e0 invece sabato 11 con il match contro la NPC Rieti<\/strong>, mentre la settimana successiva la squadra di Paccari\u00e8 sar\u00e0 ospite della Pallacanestro Palestrina domenica 19 ottobre. Il 25 arriver\u00e0 al PalaLUISS la Pallacanestro Senigallia, poi sar\u00e0 la volta del primo derby stagionale che si giocher\u00e0 ancora tra le mura amiche contro la Stella Azzurra Roma il 1 novembre. Torner\u00e0 in trasferta domenica 9 la squadra luissina, andando a far visita alla Poderosa Montegranaro, poi sabato 15 al PalaLUISS andr\u00e0 in scena un altro derby, questa volta contro l\u2019Eurobasket Roma. Il 23 sar\u00e0 la volta dell\u2019impegno esterno in terra romagnola per la sfida contro Rimini e il 29 arriver\u00e0 invece a Roma l\u2019Olimpia Cagliari per l\u2019ultimo match di novembre. Dicembre si aprir\u00e0 con la doppia trasferta a Giulianova (il 6) e a Viterbo (il 14), con la LUISS che torner\u00e0 a casa per la gara pre-natalizia contro Cassino del 20. L\u2019ultima partita del 2014 si giocher\u00e0 a Porto Sant\u2019Elpidio, mentre il 2015 inizier\u00e0 con la gara contro Fondi del 10 gennaio che dar\u00e0 anche il via al girone di ritorno. La domenica successiva sar\u00e0 la volta della trasferta contro la NPC Rieti per poi ospitare il 24 la Pallacanestro Palestrina. Il mese di febbraio sar\u00e0 inaugurato dall\u2019incontro in casa della Pall. Senigallia, seguito da un\u2019altra \u201ctrasferta\u201d nella Capitale per la stracittadina del 7 in casa della Stella Azzurra. Dopo due gare fuori casa il team universitario torner\u00e0 al PalaLUISS nel giorno di San Valentino per il match contro Montegranaro che preceder\u00e0 il secondo derby lontano dalle mura amiche contro l\u2019Eurobasket del 21 febbraio. L\u2019ultimo giorno del mese la LUISS ospiter\u00e0 i Crabs Rimini, prima della sosta per le Final Four di Coppa Italia che andranno in scena a Rimini dal 6 all\u20198 marzo 2015. Dopo la settimana di pausa il campionato luissino riprender\u00e0 con la trasferta in terra sarda contro l\u2019Olimpia Cagliari che andr\u00e0 in scena il 14 marzo, e quindi con la sfida casalinga del 21 in casa contro Giulianova. Il 28 marzo arriver\u00e0 a Roma la Stella Azzurra Viterbo, poi ci sar\u00e0 la sosta pasquale, a cui far\u00e0 seguito il match in casa della Virtus Cassino dell\u201911 aprile.<strong> L\u2019ultima gara della regular season si giocher\u00e0 al PalaLUISS contro Porto Sant\u2019Elpidio il 19<\/strong>, prima dell\u2019inizio dei play-off previsto per la settimana successiva e a cui parteciperanno le prime 8 qualificate.<\/p>\n<p><strong>Danila Di Biase<\/strong><br \/>\n<strong>ASD LUISS<\/strong><\/p>\n","protected":false},"excerpt":{"rendered":"<p>In data odierna la Federazione Italiana Pallacanestro ha reso noto il calendario della stagione sportiva 2014\/15 che vedr\u00e0 protagonista l\u2019ASD LUISS nel girone C della serie B. Il campionato inizier\u00e0 [&hellip;]<\/p>\n","protected":false},"author":441,"featured_media":7787,"comment_status":"closed","ping_status":"closed","sticky":false,"template":"","format":"standard","meta":{"_monsterinsights_skip_tracking":false,"_monsterinsights_sitenote_active":false,"_monsterinsights_sitenote_note":"","_monsterinsights_sitenote_category":0,"footnotes":""},"categories":[114],"tags":[],"class_list":["post-7786","post","type-post","status-publish","format-standard","has-post-thumbnail","hentry","category-news-basket-c"],"yoast_head":"<!-- This site is optimized with the Yoast SEO plugin v26.5 - https:\/\/yoast.com\/wordpress\/plugins\/seo\/ -->\n<title>Basket: il calendario della serie B - Luiss Sport - Luiss Guido Carli<\/title>\n<meta name=\"robots\" content=\"index, follow, max-snippet:-1, max-image-preview:large, max-video-preview:-1\" \/>\n<link rel=\"canonical\" href=\"https:\/\/sport.luiss.it\/2014\/07\/28\/basket-il-calendario-della-serie-b\/\" \/>\n<meta property=\"og:locale\" content=\"en_US\" \/>\n<meta property=\"og:type\" content=\"article\" \/>\n<meta property=\"og:title\" content=\"Basket: il calendario della serie B - Luiss Sport - Luiss Guido Carli\" \/>\n<meta property=\"og:description\" content=\"In data odierna la Federazione Italiana Pallacanestro ha reso noto il calendario della stagione sportiva 2014\/15 che vedr\u00e0 protagonista l\u2019ASD LUISS nel girone C della serie B. Il campionato inizier\u00e0 [&hellip;]\" \/>\n<meta property=\"og:url\" content=\"https:\/\/sport.luiss.it\/2014\/07\/28\/basket-il-calendario-della-serie-b\/\" \/>\n<meta property=\"og:site_name\" content=\"Luiss Sport - Luiss Guido Carli\" \/>\n<meta property=\"article:publisher\" content=\"https:\/\/www.facebook.com\/sportluiss\/\" \/>\n<meta property=\"article:published_time\" content=\"2014-07-28T16:46:09+00:00\" \/>\n<meta name=\"twitter:card\" content=\"summary_large_image\" \/>\n<meta name=\"twitter:label1\" content=\"Written by\" \/>\n\t<meta name=\"twitter:data1\" content=\"\" \/>\n\t<meta name=\"twitter:label2\" content=\"Est. reading time\" \/>\n\t<meta name=\"twitter:data2\" content=\"2 minutes\" \/>\n<script type=\"application\/ld+json\" class=\"yoast-schema-graph\">{\"@context\":\"https:\/\/schema.org\",\"@graph\":[{\"@type\":\"WebPage\",\"@id\":\"https:\/\/sport.luiss.it\/2014\/07\/28\/basket-il-calendario-della-serie-b\/\",\"url\":\"https:\/\/sport.luiss.it\/2014\/07\/28\/basket-il-calendario-della-serie-b\/\",\"name\":\"Basket: il calendario della serie B - Luiss Sport - Luiss Guido Carli\",\"isPartOf\":{\"@id\":\"https:\/\/sport.luiss.it\/#website\"},\"primaryImageOfPage\":{\"@id\":\"https:\/\/sport.luiss.it\/2014\/07\/28\/basket-il-calendario-della-serie-b\/#primaryimage\"},\"image\":{\"@id\":\"https:\/\/sport.luiss.it\/2014\/07\/28\/basket-il-calendario-della-serie-b\/#primaryimage\"},\"thumbnailUrl\":\"\",\"datePublished\":\"2014-07-28T16:46:09+00:00\",\"author\":{\"@id\":\"\"},\"breadcrumb\":{\"@id\":\"https:\/\/sport.luiss.it\/2014\/07\/28\/basket-il-calendario-della-serie-b\/#breadcrumb\"},\"inLanguage\":\"en-US\",\"potentialAction\":[{\"@type\":\"ReadAction\",\"target\":[\"https:\/\/sport.luiss.it\/2014\/07\/28\/basket-il-calendario-della-serie-b\/\"]}]},{\"@type\":\"ImageObject\",\"inLanguage\":\"en-US\",\"@id\":\"https:\/\/sport.luiss.it\/2014\/07\/28\/basket-il-calendario-della-serie-b\/#primaryimage\",\"url\":\"\",\"contentUrl\":\"\"},{\"@type\":\"BreadcrumbList\",\"@id\":\"https:\/\/sport.luiss.it\/2014\/07\/28\/basket-il-calendario-della-serie-b\/#breadcrumb\",\"itemListElement\":[{\"@type\":\"ListItem\",\"position\":1,\"name\":\"Home\",\"item\":\"https:\/\/sport.luiss.it\/en\/\"},{\"@type\":\"ListItem\",\"position\":2,\"name\":\"Basket: il calendario della serie B\"}]},{\"@type\":\"WebSite\",\"@id\":\"https:\/\/sport.luiss.it\/#website\",\"url\":\"https:\/\/sport.luiss.it\/\",\"name\":\"Luiss Sport - Luiss Guido Carli\",\"description\":\"Luiss Sport\",\"potentialAction\":[{\"@type\":\"SearchAction\",\"target\":{\"@type\":\"EntryPoint\",\"urlTemplate\":\"https:\/\/sport.luiss.it\/?s={search_term_string}\"},\"query-input\":{\"@type\":\"PropertyValueSpecification\",\"valueRequired\":true,\"valueName\":\"search_term_string\"}}],\"inLanguage\":\"en-US\"},{\"@type\":\"Person\",\"@id\":\"\"}]}<\/script>\n<!-- \/ Yoast SEO plugin. -->","yoast_head_json":{"title":"Basket: il calendario della serie B - Luiss Sport - Luiss Guido Carli","robots":{"index":"index","follow":"follow","max-snippet":"max-snippet:-1","max-image-preview":"max-image-preview:large","max-video-preview":"max-video-preview:-1"},"canonical":"https:\/\/sport.luiss.it\/2014\/07\/28\/basket-il-calendario-della-serie-b\/","og_locale":"en_US","og_type":"article","og_title":"Basket: il calendario della serie B - Luiss Sport - Luiss Guido Carli","og_description":"In data odierna la Federazione Italiana Pallacanestro ha reso noto il calendario della stagione sportiva 2014\/15 che vedr\u00e0 protagonista l\u2019ASD LUISS nel girone C della serie B. Il campionato inizier\u00e0 [&hellip;]","og_url":"https:\/\/sport.luiss.it\/2014\/07\/28\/basket-il-calendario-della-serie-b\/","og_site_name":"Luiss Sport - Luiss Guido Carli","article_publisher":"https:\/\/www.facebook.com\/sportluiss\/","article_published_time":"2014-07-28T16:46:09+00:00","twitter_card":"summary_large_image","twitter_misc":{"Written by":"","Est. reading time":"2 minutes"},"schema":{"@context":"https:\/\/schema.org","@graph":[{"@type":"WebPage","@id":"https:\/\/sport.luiss.it\/2014\/07\/28\/basket-il-calendario-della-serie-b\/","url":"https:\/\/sport.luiss.it\/2014\/07\/28\/basket-il-calendario-della-serie-b\/","name":"Basket: il calendario della serie B - Luiss Sport - Luiss Guido Carli","isPartOf":{"@id":"https:\/\/sport.luiss.it\/#website"},"primaryImageOfPage":{"@id":"https:\/\/sport.luiss.it\/2014\/07\/28\/basket-il-calendario-della-serie-b\/#primaryimage"},"image":{"@id":"https:\/\/sport.luiss.it\/2014\/07\/28\/basket-il-calendario-della-serie-b\/#primaryimage"},"thumbnailUrl":"","datePublished":"2014-07-28T16:46:09+00:00","author":{"@id":""},"breadcrumb":{"@id":"https:\/\/sport.luiss.it\/2014\/07\/28\/basket-il-calendario-della-serie-b\/#breadcrumb"},"inLanguage":"en-US","potentialAction":[{"@type":"ReadAction","target":["https:\/\/sport.luiss.it\/2014\/07\/28\/basket-il-calendario-della-serie-b\/"]}]},{"@type":"ImageObject","inLanguage":"en-US","@id":"https:\/\/sport.luiss.it\/2014\/07\/28\/basket-il-calendario-della-serie-b\/#primaryimage","url":"","contentUrl":""},{"@type":"BreadcrumbList","@id":"https:\/\/sport.luiss.it\/2014\/07\/28\/basket-il-calendario-della-serie-b\/#breadcrumb","itemListElement":[{"@type":"ListItem","position":1,"name":"Home","item":"https:\/\/sport.luiss.it\/en\/"},{"@type":"ListItem","position":2,"name":"Basket: il calendario della serie B"}]},{"@type":"WebSite","@id":"https:\/\/sport.luiss.it\/#website","url":"https:\/\/sport.luiss.it\/","name":"Luiss Sport - Luiss Guido Carli","description":"Luiss Sport","potentialAction":[{"@type":"SearchAction","target":{"@type":"EntryPoint","urlTemplate":"https:\/\/sport.luiss.it\/?s={search_term_string}"},"query-input":{"@type":"PropertyValueSpecification","valueRequired":true,"valueName":"search_term_string"}}],"inLanguage":"en-US"},{"@type":"Person","@id":""}]}},"_links":{"self":[{"href":"https:\/\/sport.luiss.it\/en\/wp-json\/wp\/v2\/posts\/7786","targetHints":{"allow":["GET"]}}],"collection":[{"href":"https:\/\/sport.luiss.it\/en\/wp-json\/wp\/v2\/posts"}],"about":[{"href":"https:\/\/sport.luiss.it\/en\/wp-json\/wp\/v2\/types\/post"}],"author":[{"embeddable":true,"href":"https:\/\/sport.luiss.it\/en\/wp-json\/wp\/v2\/users\/441"}],"replies":[{"embeddable":true,"href":"https:\/\/sport.luiss.it\/en\/wp-json\/wp\/v2\/comments?post=7786"}],"version-history":[{"count":0,"href":"https:\/\/sport.luiss.it\/en\/wp-json\/wp\/v2\/posts\/7786\/revisions"}],"wp:featuredmedia":[{"embeddable":true,"href":"https:\/\/sport.luiss.it\/en\/wp-json\/"}],"wp:attachment":[{"href":"https:\/\/sport.luiss.it\/en\/wp-json\/wp\/v2\/media?parent=7786"}],"wp:term":[{"taxonomy":"category","embeddable":true,"href":"https:\/\/sport.luiss.it\/en\/wp-json\/wp\/v2\/categories?post=7786"},{"taxonomy":"post_tag","embeddable":true,"href":"https:\/\/sport.luiss.it\/en\/wp-json\/wp\/v2\/tags?post=7786"}],"curies":[{"name":"wp","href":"https:\/\/api.w.org\/{rel}","templated":true}]}}