
{"id":7795,"date":"2014-08-31T17:31:32","date_gmt":"2014-08-31T17:31:32","guid":{"rendered":"https:\/\/sport.luiss.it\/?p=7795"},"modified":"2014-08-31T17:31:32","modified_gmt":"2014-08-31T17:31:32","slug":"basket-serie-b-la-pre-season-della-luiss","status":"publish","type":"post","link":"https:\/\/sport.luiss.it\/en\/2014\/08\/31\/basket-serie-b-la-pre-season-della-luiss\/","title":{"rendered":"Basket serie B: la pre-season della LUISS"},"content":{"rendered":"<p><a href=\"https:\/\/sport.luiss.it\/wp-content\/uploads\/2014\/08\/pre-season.jpg\"><img loading=\"lazy\" decoding=\"async\" class=\"alignleft wp-image-7796 size-full\" src=\"https:\/\/sport.luiss.it\/wp-content\/uploads\/2014\/08\/pre-season.jpg\" alt=\"pre-season\" width=\"422\" height=\"250\" \/><\/a>L\u2019ASD LUISS rende noto<strong> il programma delle amichevoli<\/strong> che la squadra di basket che nella stagione 2014\/15 prender\u00e0 parte al campionato Nazionale di serie B disputer\u00e0 in vista della prima partita ufficiale che si disputer\u00e0 il 4 ottobre in casa della Virtus Fondi.<\/p>\n<p>La formazione guidata da Coach Paccari\u00e8, il cui roster sar\u00e0 definitivo solo dopo i test d\u2019ammissione alla LUISS Guido Carli che si terranno il 2 e 5 settembre, <strong>giocher\u00e0 7 gare amichevoli<\/strong> che serviranno per arrivare al massimo della condizione per l\u2019esordio in campionato. Gli universitari, per cui <strong>la preparazione pre-campionato \u00e8 iniziata luned\u00ec 25 agosto con il raduno al PalaLUISS<\/strong> agli ordini dello Staff Tecnico e Medico, stanno proseguendo con gli allenamenti che prevedono doppie sedute quotidiane, in cui si alterna il lavoro atletico seguito dal Preparatore Fisico Paolo Salvaggi, e il lavoro prettamente tecnico e tattico con Paccari\u00e8 e i suoi assistenti Fulgaro e Pederzoli.<\/p>\n<p>La prima partita stagionale andr\u00e0 in scena<strong> al PalaLUISS dove il 6 settembre<\/strong> sar\u00e0 ospite della squadra universitaria la <strong>Lazio Riano<\/strong> militante in serie C, seguita dall\u2019amichevole del <strong>10, ancora in casa dell\u2019ASD LUISS, contro la Petriana Roma<\/strong>, che dar\u00e0 anche modo di riabbracciare Ruben Polselli, ex-capitano luissino approdato a giugno nella societ\u00e0 gialloblu. Nel <strong>weekend del 13 e 14<\/strong> settembre la squadra luissina sar\u00e0 impegnata<strong> a Rieti in occasione del \u201cMemorial Federico Chiani\u201d<\/strong>, quadrangolare a cui prenderanno parte i padroni di casa della NPC Rieti, la Pallacanestro Palestrina e la Stella Azzurra Viterbo, tutte squadre che l\u2019ASD LUISS incontrer\u00e0 anche in campionato. La settimana successiva, il 20 e il 21 settembre, andr\u00e0 in scena<strong> ad Ostia<\/strong> un altro quadrangolare tra <strong>Alfa Omega, Stella Azzurra Roma, Virtus Aprilia<\/strong> e appunto l\u2019ASD LUISS. Il weekend che chiuder\u00e0 la pre-season vedr\u00e0 i ragazzi universitari impegnati <strong>venerd\u00ec 26 settembre in casa della Stella Azzurra Viterbo,<\/strong> ultima amichevole prima dell&#8217;inizio ufficiale del campionato di serie B.<\/p>\n<p>Tutti gli orari delle gare sono in fase di definizione e verranno comunicati di volta in volta in prossimit\u00e0 di ogni match.<\/p>\n<p><strong>Danila Di Biase<\/strong><\/p>\n","protected":false},"excerpt":{"rendered":"<p>L\u2019ASD LUISS rende noto il programma delle amichevoli che la squadra di basket che nella stagione 2014\/15 prender\u00e0 parte al campionato Nazionale di serie B disputer\u00e0 in vista della prima [&hellip;]<\/p>\n","protected":false},"author":441,"featured_media":7796,"comment_status":"closed","ping_status":"closed","sticky":false,"template":"","format":"standard","meta":{"_monsterinsights_skip_tracking":false,"_monsterinsights_sitenote_active":false,"_monsterinsights_sitenote_note":"","_monsterinsights_sitenote_category":0,"footnotes":""},"categories":[114],"tags":[],"class_list":["post-7795","post","type-post","status-publish","format-standard","has-post-thumbnail","hentry","category-news-basket-c"],"yoast_head":"<!-- This site is optimized with the Yoast SEO plugin v26.5 - https:\/\/yoast.com\/wordpress\/plugins\/seo\/ -->\n<title>Basket serie B: la pre-season della LUISS - Luiss Sport - Luiss Guido Carli<\/title>\n<meta name=\"robots\" content=\"index, follow, max-snippet:-1, max-image-preview:large, max-video-preview:-1\" \/>\n<link rel=\"canonical\" href=\"https:\/\/sport.luiss.it\/2014\/08\/31\/basket-serie-b-la-pre-season-della-luiss\/\" \/>\n<meta property=\"og:locale\" content=\"en_US\" \/>\n<meta property=\"og:type\" content=\"article\" \/>\n<meta property=\"og:title\" content=\"Basket serie B: la pre-season della LUISS - Luiss Sport - Luiss Guido Carli\" \/>\n<meta property=\"og:description\" content=\"L\u2019ASD LUISS rende noto il programma delle amichevoli che la squadra di basket che nella stagione 2014\/15 prender\u00e0 parte al campionato Nazionale di serie B disputer\u00e0 in vista della prima [&hellip;]\" \/>\n<meta property=\"og:url\" content=\"https:\/\/sport.luiss.it\/2014\/08\/31\/basket-serie-b-la-pre-season-della-luiss\/\" \/>\n<meta property=\"og:site_name\" content=\"Luiss Sport - Luiss Guido Carli\" \/>\n<meta property=\"article:publisher\" content=\"https:\/\/www.facebook.com\/sportluiss\/\" \/>\n<meta property=\"article:published_time\" content=\"2014-08-31T17:31:32+00:00\" \/>\n<meta name=\"twitter:card\" content=\"summary_large_image\" \/>\n<meta name=\"twitter:label1\" content=\"Written by\" \/>\n\t<meta name=\"twitter:data1\" content=\"\" \/>\n\t<meta name=\"twitter:label2\" content=\"Est. reading time\" \/>\n\t<meta name=\"twitter:data2\" content=\"2 minutes\" \/>\n<script type=\"application\/ld+json\" class=\"yoast-schema-graph\">{\"@context\":\"https:\/\/schema.org\",\"@graph\":[{\"@type\":\"WebPage\",\"@id\":\"https:\/\/sport.luiss.it\/2014\/08\/31\/basket-serie-b-la-pre-season-della-luiss\/\",\"url\":\"https:\/\/sport.luiss.it\/2014\/08\/31\/basket-serie-b-la-pre-season-della-luiss\/\",\"name\":\"Basket serie B: la pre-season della LUISS - Luiss Sport - Luiss Guido Carli\",\"isPartOf\":{\"@id\":\"https:\/\/sport.luiss.it\/#website\"},\"primaryImageOfPage\":{\"@id\":\"https:\/\/sport.luiss.it\/2014\/08\/31\/basket-serie-b-la-pre-season-della-luiss\/#primaryimage\"},\"image\":{\"@id\":\"https:\/\/sport.luiss.it\/2014\/08\/31\/basket-serie-b-la-pre-season-della-luiss\/#primaryimage\"},\"thumbnailUrl\":\"\",\"datePublished\":\"2014-08-31T17:31:32+00:00\",\"author\":{\"@id\":\"\"},\"breadcrumb\":{\"@id\":\"https:\/\/sport.luiss.it\/2014\/08\/31\/basket-serie-b-la-pre-season-della-luiss\/#breadcrumb\"},\"inLanguage\":\"en-US\",\"potentialAction\":[{\"@type\":\"ReadAction\",\"target\":[\"https:\/\/sport.luiss.it\/2014\/08\/31\/basket-serie-b-la-pre-season-della-luiss\/\"]}]},{\"@type\":\"ImageObject\",\"inLanguage\":\"en-US\",\"@id\":\"https:\/\/sport.luiss.it\/2014\/08\/31\/basket-serie-b-la-pre-season-della-luiss\/#primaryimage\",\"url\":\"\",\"contentUrl\":\"\"},{\"@type\":\"BreadcrumbList\",\"@id\":\"https:\/\/sport.luiss.it\/2014\/08\/31\/basket-serie-b-la-pre-season-della-luiss\/#breadcrumb\",\"itemListElement\":[{\"@type\":\"ListItem\",\"position\":1,\"name\":\"Home\",\"item\":\"https:\/\/sport.luiss.it\/en\/\"},{\"@type\":\"ListItem\",\"position\":2,\"name\":\"Basket serie B: la pre-season della LUISS\"}]},{\"@type\":\"WebSite\",\"@id\":\"https:\/\/sport.luiss.it\/#website\",\"url\":\"https:\/\/sport.luiss.it\/\",\"name\":\"Luiss Sport - Luiss Guido Carli\",\"description\":\"Luiss Sport\",\"potentialAction\":[{\"@type\":\"SearchAction\",\"target\":{\"@type\":\"EntryPoint\",\"urlTemplate\":\"https:\/\/sport.luiss.it\/?s={search_term_string}\"},\"query-input\":{\"@type\":\"PropertyValueSpecification\",\"valueRequired\":true,\"valueName\":\"search_term_string\"}}],\"inLanguage\":\"en-US\"},{\"@type\":\"Person\",\"@id\":\"\"}]}<\/script>\n<!-- \/ Yoast SEO plugin. -->","yoast_head_json":{"title":"Basket serie B: la pre-season della LUISS - Luiss Sport - Luiss Guido Carli","robots":{"index":"index","follow":"follow","max-snippet":"max-snippet:-1","max-image-preview":"max-image-preview:large","max-video-preview":"max-video-preview:-1"},"canonical":"https:\/\/sport.luiss.it\/2014\/08\/31\/basket-serie-b-la-pre-season-della-luiss\/","og_locale":"en_US","og_type":"article","og_title":"Basket serie B: la pre-season della LUISS - Luiss Sport - Luiss Guido Carli","og_description":"L\u2019ASD LUISS rende noto il programma delle amichevoli che la squadra di basket che nella stagione 2014\/15 prender\u00e0 parte al campionato Nazionale di serie B disputer\u00e0 in vista della prima [&hellip;]","og_url":"https:\/\/sport.luiss.it\/2014\/08\/31\/basket-serie-b-la-pre-season-della-luiss\/","og_site_name":"Luiss Sport - Luiss Guido Carli","article_publisher":"https:\/\/www.facebook.com\/sportluiss\/","article_published_time":"2014-08-31T17:31:32+00:00","twitter_card":"summary_large_image","twitter_misc":{"Written by":"","Est. reading time":"2 minutes"},"schema":{"@context":"https:\/\/schema.org","@graph":[{"@type":"WebPage","@id":"https:\/\/sport.luiss.it\/2014\/08\/31\/basket-serie-b-la-pre-season-della-luiss\/","url":"https:\/\/sport.luiss.it\/2014\/08\/31\/basket-serie-b-la-pre-season-della-luiss\/","name":"Basket serie B: la pre-season della LUISS - Luiss Sport - Luiss Guido Carli","isPartOf":{"@id":"https:\/\/sport.luiss.it\/#website"},"primaryImageOfPage":{"@id":"https:\/\/sport.luiss.it\/2014\/08\/31\/basket-serie-b-la-pre-season-della-luiss\/#primaryimage"},"image":{"@id":"https:\/\/sport.luiss.it\/2014\/08\/31\/basket-serie-b-la-pre-season-della-luiss\/#primaryimage"},"thumbnailUrl":"","datePublished":"2014-08-31T17:31:32+00:00","author":{"@id":""},"breadcrumb":{"@id":"https:\/\/sport.luiss.it\/2014\/08\/31\/basket-serie-b-la-pre-season-della-luiss\/#breadcrumb"},"inLanguage":"en-US","potentialAction":[{"@type":"ReadAction","target":["https:\/\/sport.luiss.it\/2014\/08\/31\/basket-serie-b-la-pre-season-della-luiss\/"]}]},{"@type":"ImageObject","inLanguage":"en-US","@id":"https:\/\/sport.luiss.it\/2014\/08\/31\/basket-serie-b-la-pre-season-della-luiss\/#primaryimage","url":"","contentUrl":""},{"@type":"BreadcrumbList","@id":"https:\/\/sport.luiss.it\/2014\/08\/31\/basket-serie-b-la-pre-season-della-luiss\/#breadcrumb","itemListElement":[{"@type":"ListItem","position":1,"name":"Home","item":"https:\/\/sport.luiss.it\/en\/"},{"@type":"ListItem","position":2,"name":"Basket serie B: la pre-season della LUISS"}]},{"@type":"WebSite","@id":"https:\/\/sport.luiss.it\/#website","url":"https:\/\/sport.luiss.it\/","name":"Luiss Sport - Luiss Guido Carli","description":"Luiss Sport","potentialAction":[{"@type":"SearchAction","target":{"@type":"EntryPoint","urlTemplate":"https:\/\/sport.luiss.it\/?s={search_term_string}"},"query-input":{"@type":"PropertyValueSpecification","valueRequired":true,"valueName":"search_term_string"}}],"inLanguage":"en-US"},{"@type":"Person","@id":""}]}},"_links":{"self":[{"href":"https:\/\/sport.luiss.it\/en\/wp-json\/wp\/v2\/posts\/7795","targetHints":{"allow":["GET"]}}],"collection":[{"href":"https:\/\/sport.luiss.it\/en\/wp-json\/wp\/v2\/posts"}],"about":[{"href":"https:\/\/sport.luiss.it\/en\/wp-json\/wp\/v2\/types\/post"}],"author":[{"embeddable":true,"href":"https:\/\/sport.luiss.it\/en\/wp-json\/wp\/v2\/users\/441"}],"replies":[{"embeddable":true,"href":"https:\/\/sport.luiss.it\/en\/wp-json\/wp\/v2\/comments?post=7795"}],"version-history":[{"count":0,"href":"https:\/\/sport.luiss.it\/en\/wp-json\/wp\/v2\/posts\/7795\/revisions"}],"wp:featuredmedia":[{"embeddable":true,"href":"https:\/\/sport.luiss.it\/en\/wp-json\/"}],"wp:attachment":[{"href":"https:\/\/sport.luiss.it\/en\/wp-json\/wp\/v2\/media?parent=7795"}],"wp:term":[{"taxonomy":"category","embeddable":true,"href":"https:\/\/sport.luiss.it\/en\/wp-json\/wp\/v2\/categories?post=7795"},{"taxonomy":"post_tag","embeddable":true,"href":"https:\/\/sport.luiss.it\/en\/wp-json\/wp\/v2\/tags?post=7795"}],"curies":[{"name":"wp","href":"https:\/\/api.w.org\/{rel}","templated":true}]}}