
{"id":7819,"date":"2014-09-05T11:24:55","date_gmt":"2014-09-05T11:24:55","guid":{"rendered":"https:\/\/sport.luiss.it\/?p=7819"},"modified":"2014-09-05T11:24:55","modified_gmt":"2014-09-05T11:24:55","slug":"basket-serie-b-la-luiss-si-prepara-per-la-nuova-stagione","status":"publish","type":"post","link":"https:\/\/sport.luiss.it\/en\/2014\/09\/05\/basket-serie-b-la-luiss-si-prepara-per-la-nuova-stagione\/","title":{"rendered":"Basket serie B: la LUISS si prepara per la nuova stagione"},"content":{"rendered":"<p><a href=\"https:\/\/sport.luiss.it\/wp-content\/uploads\/2014\/09\/Paolo-Salvaggi2.jpg\"><img loading=\"lazy\" decoding=\"async\" class=\"alignleft wp-image-7820 size-full\" src=\"https:\/\/sport.luiss.it\/wp-content\/uploads\/2014\/09\/Paolo-Salvaggi2.jpg\" alt=\"Paolo Salvaggi2\" width=\"250\" height=\"333\" \/><\/a>Procede a passi spediti la preparazione estiva dell\u2019ASD LUISS che il 4 ottobre inizier\u00e0 ufficialmente l\u2019avventura in serie B con la sfida esterna in casa della Virtus Fondi. <strong>Domani alle 18.00 al PalaLUISS andr\u00e0 in scena il primo test-match dell\u2019anno<\/strong> che vedr\u00e0 opposta la formazione universitaria alla Lazio Riano, militante in serie C.<\/p>\n<p>Dal 25 agosto, giorno del raduno, tra i ragazzi agli ordini di Coach Paccari\u00e8 e del suo staff figurano elementi protagonisti nella passata stagione con la maglia biancoblu, atleti gi\u00e0 immatricolati alla LUISS Guido Carli dopo aver superato il test d\u2019ammissione di marzo ed altri <strong>in attesa di conoscere il loro futuro dopo il test sostenuto questa mattina<\/strong>, condizione imprescindibile per entrare a far parte del roster luissino.<\/p>\n<p>Gli atleti, che si allenano con doppie sedute quotidiane al Pala LUISS di via Martino Longhi, stanno affrontando contestualmente due tipi di allenamento: la parte atletica sotto le indicazioni del Preparatore Fisico Paolo Salvaggi, e la parte tecnico-tattica con Andrea Paccari\u00e8 e i suoi assistenti.<\/p>\n<p>\u00c8 proprio <strong>Paolo Salvaggi<\/strong>, al suo decimo anno con l\u2019ASD LUISS, a raccontare le modalit\u00e0 di lavoro che stanno svolgendo i giocatori universtari in queste prime settimane: <em>\u201cStiamo cercando di supplire alla momentanea mancanza della sala pesi con delle nuove attrezzature che la LUISS Guido Carli ha messo a disposizione, con l&#8217;obiettivo\u00a0in questa fase di inserire nel pi\u00f9 breve tempo possibile i nuovi giocatori impartendo loro nuove metodologie di lavoro gi\u00e0 metabolizzate nell\u2019anno passato dai ragazzi gi\u00e0 presenti . Con Fulgaro e Pederzoli abbiamo lavorato nel migliore dei modi nelle ultime due stagioni, mentre <strong>con Coach Paccari\u00e8 ci conosciamo da molti anni<\/strong> perch\u00e9 quando io ho iniziato a giocare nei campionati nazionali lui nel frattempo cominciava la sua carriera da allenatore e, pur non essendo stato un suo giocatore, abbiamo esperienze comuni anche se questa \u00e8 la prima volta che lavoriamo insieme. Questo background<\/em> \u2013 continua il Preparatore Fisico biancoblu &#8211;<em><strong> ci permette di essere in grande sintonia sulle modalit\u00e0 di lavoro<\/strong> e quindi di essere ottimisti sulle possibilit\u00e0 di ottenere dalla squadra i migliori risultati possibili. Il gruppo \u00e8 in parte nuovo, come succede ogni anno per la particolare tipologia della nostra societ\u00e0, e io mi aspetto che i ragazzi riconfermati fungano da traino per i nuovi arrivati, dando loro la possibilit\u00e0 di inserirsi in fretta e di dare il miglior contributo possibile. Dal primo giorno di raduno abbiamo fatto spesso doppie sedute, alcune prevalentemente tecniche altre dove i ragazzi svolgono lavoro fisico e tecnico integrato, questo per accelerare i tempi perch\u00e8 gli atleti sono contemporaneamente impegnati negli studi per la sessione d\u2019esami e per prepararsi ai test, quindi<\/em> \u2013 conclude Salvaggi &#8211; <em><strong>\u00e8 necessario inserire pi\u00f9 benzina possibile prima dell\u2019inizio del campionato, che coincider\u00e0 anche con l\u2019inizio delle lezioni universitarie<\/strong>.<\/em>\u201d<\/p>\n<p><strong>Danila Di Biase<\/strong><\/p>\n","protected":false},"excerpt":{"rendered":"<p>Procede a passi spediti la preparazione estiva dell\u2019ASD LUISS che il 4 ottobre inizier\u00e0 ufficialmente l\u2019avventura in serie B con la sfida esterna in casa della Virtus Fondi. Domani alle [&hellip;]<\/p>\n","protected":false},"author":441,"featured_media":7820,"comment_status":"closed","ping_status":"closed","sticky":false,"template":"","format":"standard","meta":{"_monsterinsights_skip_tracking":false,"_monsterinsights_sitenote_active":false,"_monsterinsights_sitenote_note":"","_monsterinsights_sitenote_category":0,"footnotes":""},"categories":[114],"tags":[],"class_list":["post-7819","post","type-post","status-publish","format-standard","has-post-thumbnail","hentry","category-news-basket-c"],"yoast_head":"<!-- This site is optimized with the Yoast SEO plugin v26.5 - https:\/\/yoast.com\/wordpress\/plugins\/seo\/ -->\n<title>Basket serie B: la LUISS si prepara per la nuova stagione - Luiss Sport - Luiss Guido Carli<\/title>\n<meta name=\"robots\" content=\"index, follow, max-snippet:-1, max-image-preview:large, max-video-preview:-1\" \/>\n<link rel=\"canonical\" href=\"https:\/\/sport.luiss.it\/2014\/09\/05\/basket-serie-b-la-luiss-si-prepara-per-la-nuova-stagione\/\" \/>\n<meta property=\"og:locale\" content=\"en_US\" \/>\n<meta property=\"og:type\" content=\"article\" \/>\n<meta property=\"og:title\" content=\"Basket serie B: la LUISS si prepara per la nuova stagione - Luiss Sport - Luiss Guido Carli\" \/>\n<meta property=\"og:description\" content=\"Procede a passi spediti la preparazione estiva dell\u2019ASD LUISS che il 4 ottobre inizier\u00e0 ufficialmente l\u2019avventura in serie B con la sfida esterna in casa della Virtus Fondi. Domani alle [&hellip;]\" \/>\n<meta property=\"og:url\" content=\"https:\/\/sport.luiss.it\/2014\/09\/05\/basket-serie-b-la-luiss-si-prepara-per-la-nuova-stagione\/\" \/>\n<meta property=\"og:site_name\" content=\"Luiss Sport - Luiss Guido Carli\" \/>\n<meta property=\"article:publisher\" content=\"https:\/\/www.facebook.com\/sportluiss\/\" \/>\n<meta property=\"article:published_time\" content=\"2014-09-05T11:24:55+00:00\" \/>\n<meta name=\"twitter:card\" content=\"summary_large_image\" \/>\n<meta name=\"twitter:label1\" content=\"Written by\" \/>\n\t<meta name=\"twitter:data1\" content=\"\" \/>\n\t<meta name=\"twitter:label2\" content=\"Est. reading time\" \/>\n\t<meta name=\"twitter:data2\" content=\"2 minutes\" \/>\n<script type=\"application\/ld+json\" class=\"yoast-schema-graph\">{\"@context\":\"https:\/\/schema.org\",\"@graph\":[{\"@type\":\"WebPage\",\"@id\":\"https:\/\/sport.luiss.it\/2014\/09\/05\/basket-serie-b-la-luiss-si-prepara-per-la-nuova-stagione\/\",\"url\":\"https:\/\/sport.luiss.it\/2014\/09\/05\/basket-serie-b-la-luiss-si-prepara-per-la-nuova-stagione\/\",\"name\":\"Basket serie B: la LUISS si prepara per la nuova stagione - Luiss Sport - Luiss Guido Carli\",\"isPartOf\":{\"@id\":\"https:\/\/sport.luiss.it\/#website\"},\"primaryImageOfPage\":{\"@id\":\"https:\/\/sport.luiss.it\/2014\/09\/05\/basket-serie-b-la-luiss-si-prepara-per-la-nuova-stagione\/#primaryimage\"},\"image\":{\"@id\":\"https:\/\/sport.luiss.it\/2014\/09\/05\/basket-serie-b-la-luiss-si-prepara-per-la-nuova-stagione\/#primaryimage\"},\"thumbnailUrl\":\"\",\"datePublished\":\"2014-09-05T11:24:55+00:00\",\"author\":{\"@id\":\"\"},\"breadcrumb\":{\"@id\":\"https:\/\/sport.luiss.it\/2014\/09\/05\/basket-serie-b-la-luiss-si-prepara-per-la-nuova-stagione\/#breadcrumb\"},\"inLanguage\":\"en-US\",\"potentialAction\":[{\"@type\":\"ReadAction\",\"target\":[\"https:\/\/sport.luiss.it\/2014\/09\/05\/basket-serie-b-la-luiss-si-prepara-per-la-nuova-stagione\/\"]}]},{\"@type\":\"ImageObject\",\"inLanguage\":\"en-US\",\"@id\":\"https:\/\/sport.luiss.it\/2014\/09\/05\/basket-serie-b-la-luiss-si-prepara-per-la-nuova-stagione\/#primaryimage\",\"url\":\"\",\"contentUrl\":\"\"},{\"@type\":\"BreadcrumbList\",\"@id\":\"https:\/\/sport.luiss.it\/2014\/09\/05\/basket-serie-b-la-luiss-si-prepara-per-la-nuova-stagione\/#breadcrumb\",\"itemListElement\":[{\"@type\":\"ListItem\",\"position\":1,\"name\":\"Home\",\"item\":\"https:\/\/sport.luiss.it\/en\/\"},{\"@type\":\"ListItem\",\"position\":2,\"name\":\"Basket serie B: la LUISS si prepara per la nuova stagione\"}]},{\"@type\":\"WebSite\",\"@id\":\"https:\/\/sport.luiss.it\/#website\",\"url\":\"https:\/\/sport.luiss.it\/\",\"name\":\"Luiss Sport - Luiss Guido Carli\",\"description\":\"Luiss Sport\",\"potentialAction\":[{\"@type\":\"SearchAction\",\"target\":{\"@type\":\"EntryPoint\",\"urlTemplate\":\"https:\/\/sport.luiss.it\/?s={search_term_string}\"},\"query-input\":{\"@type\":\"PropertyValueSpecification\",\"valueRequired\":true,\"valueName\":\"search_term_string\"}}],\"inLanguage\":\"en-US\"},{\"@type\":\"Person\",\"@id\":\"\"}]}<\/script>\n<!-- \/ Yoast SEO plugin. -->","yoast_head_json":{"title":"Basket serie B: la LUISS si prepara per la nuova stagione - Luiss Sport - Luiss Guido Carli","robots":{"index":"index","follow":"follow","max-snippet":"max-snippet:-1","max-image-preview":"max-image-preview:large","max-video-preview":"max-video-preview:-1"},"canonical":"https:\/\/sport.luiss.it\/2014\/09\/05\/basket-serie-b-la-luiss-si-prepara-per-la-nuova-stagione\/","og_locale":"en_US","og_type":"article","og_title":"Basket serie B: la LUISS si prepara per la nuova stagione - Luiss Sport - Luiss Guido Carli","og_description":"Procede a passi spediti la preparazione estiva dell\u2019ASD LUISS che il 4 ottobre inizier\u00e0 ufficialmente l\u2019avventura in serie B con la sfida esterna in casa della Virtus Fondi. Domani alle [&hellip;]","og_url":"https:\/\/sport.luiss.it\/2014\/09\/05\/basket-serie-b-la-luiss-si-prepara-per-la-nuova-stagione\/","og_site_name":"Luiss Sport - Luiss Guido Carli","article_publisher":"https:\/\/www.facebook.com\/sportluiss\/","article_published_time":"2014-09-05T11:24:55+00:00","twitter_card":"summary_large_image","twitter_misc":{"Written by":"","Est. reading time":"2 minutes"},"schema":{"@context":"https:\/\/schema.org","@graph":[{"@type":"WebPage","@id":"https:\/\/sport.luiss.it\/2014\/09\/05\/basket-serie-b-la-luiss-si-prepara-per-la-nuova-stagione\/","url":"https:\/\/sport.luiss.it\/2014\/09\/05\/basket-serie-b-la-luiss-si-prepara-per-la-nuova-stagione\/","name":"Basket serie B: la LUISS si prepara per la nuova stagione - Luiss Sport - Luiss Guido Carli","isPartOf":{"@id":"https:\/\/sport.luiss.it\/#website"},"primaryImageOfPage":{"@id":"https:\/\/sport.luiss.it\/2014\/09\/05\/basket-serie-b-la-luiss-si-prepara-per-la-nuova-stagione\/#primaryimage"},"image":{"@id":"https:\/\/sport.luiss.it\/2014\/09\/05\/basket-serie-b-la-luiss-si-prepara-per-la-nuova-stagione\/#primaryimage"},"thumbnailUrl":"","datePublished":"2014-09-05T11:24:55+00:00","author":{"@id":""},"breadcrumb":{"@id":"https:\/\/sport.luiss.it\/2014\/09\/05\/basket-serie-b-la-luiss-si-prepara-per-la-nuova-stagione\/#breadcrumb"},"inLanguage":"en-US","potentialAction":[{"@type":"ReadAction","target":["https:\/\/sport.luiss.it\/2014\/09\/05\/basket-serie-b-la-luiss-si-prepara-per-la-nuova-stagione\/"]}]},{"@type":"ImageObject","inLanguage":"en-US","@id":"https:\/\/sport.luiss.it\/2014\/09\/05\/basket-serie-b-la-luiss-si-prepara-per-la-nuova-stagione\/#primaryimage","url":"","contentUrl":""},{"@type":"BreadcrumbList","@id":"https:\/\/sport.luiss.it\/2014\/09\/05\/basket-serie-b-la-luiss-si-prepara-per-la-nuova-stagione\/#breadcrumb","itemListElement":[{"@type":"ListItem","position":1,"name":"Home","item":"https:\/\/sport.luiss.it\/en\/"},{"@type":"ListItem","position":2,"name":"Basket serie B: la LUISS si prepara per la nuova stagione"}]},{"@type":"WebSite","@id":"https:\/\/sport.luiss.it\/#website","url":"https:\/\/sport.luiss.it\/","name":"Luiss Sport - Luiss Guido Carli","description":"Luiss Sport","potentialAction":[{"@type":"SearchAction","target":{"@type":"EntryPoint","urlTemplate":"https:\/\/sport.luiss.it\/?s={search_term_string}"},"query-input":{"@type":"PropertyValueSpecification","valueRequired":true,"valueName":"search_term_string"}}],"inLanguage":"en-US"},{"@type":"Person","@id":""}]}},"_links":{"self":[{"href":"https:\/\/sport.luiss.it\/en\/wp-json\/wp\/v2\/posts\/7819","targetHints":{"allow":["GET"]}}],"collection":[{"href":"https:\/\/sport.luiss.it\/en\/wp-json\/wp\/v2\/posts"}],"about":[{"href":"https:\/\/sport.luiss.it\/en\/wp-json\/wp\/v2\/types\/post"}],"author":[{"embeddable":true,"href":"https:\/\/sport.luiss.it\/en\/wp-json\/wp\/v2\/users\/441"}],"replies":[{"embeddable":true,"href":"https:\/\/sport.luiss.it\/en\/wp-json\/wp\/v2\/comments?post=7819"}],"version-history":[{"count":0,"href":"https:\/\/sport.luiss.it\/en\/wp-json\/wp\/v2\/posts\/7819\/revisions"}],"wp:featuredmedia":[{"embeddable":true,"href":"https:\/\/sport.luiss.it\/en\/wp-json\/"}],"wp:attachment":[{"href":"https:\/\/sport.luiss.it\/en\/wp-json\/wp\/v2\/media?parent=7819"}],"wp:term":[{"taxonomy":"category","embeddable":true,"href":"https:\/\/sport.luiss.it\/en\/wp-json\/wp\/v2\/categories?post=7819"},{"taxonomy":"post_tag","embeddable":true,"href":"https:\/\/sport.luiss.it\/en\/wp-json\/wp\/v2\/tags?post=7819"}],"curies":[{"name":"wp","href":"https:\/\/api.w.org\/{rel}","templated":true}]}}