
{"id":7841,"date":"2014-09-11T09:30:21","date_gmt":"2014-09-11T09:30:21","guid":{"rendered":"https:\/\/sport.luiss.it\/?p=7841"},"modified":"2014-09-11T09:30:21","modified_gmt":"2014-09-11T09:30:21","slug":"basket-riccardo-marzoli-e-il-nuovo-capitano","status":"publish","type":"post","link":"https:\/\/sport.luiss.it\/en\/2014\/09\/11\/basket-riccardo-marzoli-e-il-nuovo-capitano\/","title":{"rendered":"Basket: Riccardo Marzoli \u00e8 il nuovo Capitano"},"content":{"rendered":"<p><a href=\"https:\/\/sport.luiss.it\/wp-content\/uploads\/2014\/09\/Riccardo-Marzoli.jpg\"><img loading=\"lazy\" decoding=\"async\" class=\"alignleft wp-image-7842 size-full\" src=\"https:\/\/sport.luiss.it\/wp-content\/uploads\/2014\/09\/Riccardo-Marzoli.jpg\" alt=\"Riccardo Marzoli\" width=\"430\" height=\"300\" \/><\/a>L\u2019ASD LUISS \u00e8 lieta di comunicare che il Capitano della squadra che parteciper\u00e0 al campionato di serie B sar\u00e0 <strong>Riccardo Marzoli<\/strong>.<\/p>\n<p>La scelta, presa di comune accordo tra la Dirigenza e lo Staff Tecnico, \u00e8 ricaduta sul giocatore abruzzese al secondo anno in maglia LUISS, che gi\u00e0 nella passata stagione ha dimostrato le sue indubbie qualit\u00e0 morali, che lo hanno reso uno dei leader pi\u00f9 carismatici della squadra biancoblu.<\/p>\n<p>\u00c8 proprio Riki a commentare questo suo nuovo ruolo: \u201c<em>Sono davvero onorato di essere il nuovo Capitano della LUISS, perch\u00e9 questo <strong>\u00e8 un incarico che d\u00e0 responsabilit\u00e0 ma anche tanto orgoglio<\/strong>, per questo ringrazio Coach Paccari\u00e8, la Dirigenza e i miei compagni per avermi scelto. Essere inoltre il successore di Ruben Polselli, con cui metaforicamente c\u2019\u00e8 stato un passaggio di consegne nell\u2019amichevole disputata ieri sera contro la sua nuova squadra, significa veramente tanto per me perch\u00e9 so cosa Ruben ha rappresentato per la societ\u00e0, per noi e per i nostri tifosi, quindi spero di fare altrettanto bene come lui. La serie B<\/em> \u2013 conclude Marzoli \u2013 <em>sar\u00e0 un campionato molto difficile e particolarmente competitivo, perci\u00f2 dovremo lavorare ogni giorno molto duramente, con unit\u00e0 d\u2019intenti e con voglia di migliorare sempre di pi\u00f9, visto che siamo tra le squadre pi\u00f9 giovani e questo dovr\u00e0 fungere da stimolo per tutti noi.\u201d<\/em><\/p>\n<p>A Capitan Marzoli va un grande in bocca al lupo da parte di tutta l\u2019ASD LUISS, certa che Riccardo sapr\u00e0 essere un trascinatore in campo e fuori.<\/p>\n<p><strong>Danila Di Biase<\/strong><\/p>\n","protected":false},"excerpt":{"rendered":"<p>L\u2019ASD LUISS \u00e8 lieta di comunicare che il Capitano della squadra che parteciper\u00e0 al campionato di serie B sar\u00e0 Riccardo Marzoli. La scelta, presa di comune accordo tra la Dirigenza [&hellip;]<\/p>\n","protected":false},"author":441,"featured_media":7842,"comment_status":"closed","ping_status":"closed","sticky":false,"template":"","format":"standard","meta":{"_monsterinsights_skip_tracking":false,"_monsterinsights_sitenote_active":false,"_monsterinsights_sitenote_note":"","_monsterinsights_sitenote_category":0,"footnotes":""},"categories":[114],"tags":[],"class_list":["post-7841","post","type-post","status-publish","format-standard","has-post-thumbnail","hentry","category-news-basket-c"],"yoast_head":"<!-- This site is optimized with the Yoast SEO plugin v26.5 - https:\/\/yoast.com\/wordpress\/plugins\/seo\/ -->\n<title>Basket: Riccardo Marzoli \u00e8 il nuovo Capitano - Luiss Sport - Luiss Guido Carli<\/title>\n<meta name=\"robots\" content=\"index, follow, max-snippet:-1, max-image-preview:large, max-video-preview:-1\" \/>\n<link rel=\"canonical\" href=\"https:\/\/sport.luiss.it\/2014\/09\/11\/basket-riccardo-marzoli-e-il-nuovo-capitano\/\" \/>\n<meta property=\"og:locale\" content=\"en_US\" \/>\n<meta property=\"og:type\" content=\"article\" \/>\n<meta property=\"og:title\" content=\"Basket: Riccardo Marzoli \u00e8 il nuovo Capitano - Luiss Sport - Luiss Guido Carli\" \/>\n<meta property=\"og:description\" content=\"L\u2019ASD LUISS \u00e8 lieta di comunicare che il Capitano della squadra che parteciper\u00e0 al campionato di serie B sar\u00e0 Riccardo Marzoli. La scelta, presa di comune accordo tra la Dirigenza [&hellip;]\" \/>\n<meta property=\"og:url\" content=\"https:\/\/sport.luiss.it\/2014\/09\/11\/basket-riccardo-marzoli-e-il-nuovo-capitano\/\" \/>\n<meta property=\"og:site_name\" content=\"Luiss Sport - Luiss Guido Carli\" \/>\n<meta property=\"article:publisher\" content=\"https:\/\/www.facebook.com\/sportluiss\/\" \/>\n<meta property=\"article:published_time\" content=\"2014-09-11T09:30:21+00:00\" \/>\n<meta name=\"twitter:card\" content=\"summary_large_image\" \/>\n<meta name=\"twitter:label1\" content=\"Written by\" \/>\n\t<meta name=\"twitter:data1\" content=\"\" \/>\n\t<meta name=\"twitter:label2\" content=\"Est. reading time\" \/>\n\t<meta name=\"twitter:data2\" content=\"1 minute\" \/>\n<script type=\"application\/ld+json\" class=\"yoast-schema-graph\">{\"@context\":\"https:\/\/schema.org\",\"@graph\":[{\"@type\":\"WebPage\",\"@id\":\"https:\/\/sport.luiss.it\/2014\/09\/11\/basket-riccardo-marzoli-e-il-nuovo-capitano\/\",\"url\":\"https:\/\/sport.luiss.it\/2014\/09\/11\/basket-riccardo-marzoli-e-il-nuovo-capitano\/\",\"name\":\"Basket: Riccardo Marzoli \u00e8 il nuovo Capitano - Luiss Sport - Luiss Guido Carli\",\"isPartOf\":{\"@id\":\"https:\/\/sport.luiss.it\/#website\"},\"primaryImageOfPage\":{\"@id\":\"https:\/\/sport.luiss.it\/2014\/09\/11\/basket-riccardo-marzoli-e-il-nuovo-capitano\/#primaryimage\"},\"image\":{\"@id\":\"https:\/\/sport.luiss.it\/2014\/09\/11\/basket-riccardo-marzoli-e-il-nuovo-capitano\/#primaryimage\"},\"thumbnailUrl\":\"\",\"datePublished\":\"2014-09-11T09:30:21+00:00\",\"author\":{\"@id\":\"\"},\"breadcrumb\":{\"@id\":\"https:\/\/sport.luiss.it\/2014\/09\/11\/basket-riccardo-marzoli-e-il-nuovo-capitano\/#breadcrumb\"},\"inLanguage\":\"en-US\",\"potentialAction\":[{\"@type\":\"ReadAction\",\"target\":[\"https:\/\/sport.luiss.it\/2014\/09\/11\/basket-riccardo-marzoli-e-il-nuovo-capitano\/\"]}]},{\"@type\":\"ImageObject\",\"inLanguage\":\"en-US\",\"@id\":\"https:\/\/sport.luiss.it\/2014\/09\/11\/basket-riccardo-marzoli-e-il-nuovo-capitano\/#primaryimage\",\"url\":\"\",\"contentUrl\":\"\"},{\"@type\":\"BreadcrumbList\",\"@id\":\"https:\/\/sport.luiss.it\/2014\/09\/11\/basket-riccardo-marzoli-e-il-nuovo-capitano\/#breadcrumb\",\"itemListElement\":[{\"@type\":\"ListItem\",\"position\":1,\"name\":\"Home\",\"item\":\"https:\/\/sport.luiss.it\/en\/\"},{\"@type\":\"ListItem\",\"position\":2,\"name\":\"Basket: Riccardo Marzoli \u00e8 il nuovo Capitano\"}]},{\"@type\":\"WebSite\",\"@id\":\"https:\/\/sport.luiss.it\/#website\",\"url\":\"https:\/\/sport.luiss.it\/\",\"name\":\"Luiss Sport - Luiss Guido Carli\",\"description\":\"Luiss Sport\",\"potentialAction\":[{\"@type\":\"SearchAction\",\"target\":{\"@type\":\"EntryPoint\",\"urlTemplate\":\"https:\/\/sport.luiss.it\/?s={search_term_string}\"},\"query-input\":{\"@type\":\"PropertyValueSpecification\",\"valueRequired\":true,\"valueName\":\"search_term_string\"}}],\"inLanguage\":\"en-US\"},{\"@type\":\"Person\",\"@id\":\"\"}]}<\/script>\n<!-- \/ Yoast SEO plugin. -->","yoast_head_json":{"title":"Basket: Riccardo Marzoli \u00e8 il nuovo Capitano - Luiss Sport - Luiss Guido Carli","robots":{"index":"index","follow":"follow","max-snippet":"max-snippet:-1","max-image-preview":"max-image-preview:large","max-video-preview":"max-video-preview:-1"},"canonical":"https:\/\/sport.luiss.it\/2014\/09\/11\/basket-riccardo-marzoli-e-il-nuovo-capitano\/","og_locale":"en_US","og_type":"article","og_title":"Basket: Riccardo Marzoli \u00e8 il nuovo Capitano - Luiss Sport - Luiss Guido Carli","og_description":"L\u2019ASD LUISS \u00e8 lieta di comunicare che il Capitano della squadra che parteciper\u00e0 al campionato di serie B sar\u00e0 Riccardo Marzoli. La scelta, presa di comune accordo tra la Dirigenza [&hellip;]","og_url":"https:\/\/sport.luiss.it\/2014\/09\/11\/basket-riccardo-marzoli-e-il-nuovo-capitano\/","og_site_name":"Luiss Sport - Luiss Guido Carli","article_publisher":"https:\/\/www.facebook.com\/sportluiss\/","article_published_time":"2014-09-11T09:30:21+00:00","twitter_card":"summary_large_image","twitter_misc":{"Written by":"","Est. reading time":"1 minute"},"schema":{"@context":"https:\/\/schema.org","@graph":[{"@type":"WebPage","@id":"https:\/\/sport.luiss.it\/2014\/09\/11\/basket-riccardo-marzoli-e-il-nuovo-capitano\/","url":"https:\/\/sport.luiss.it\/2014\/09\/11\/basket-riccardo-marzoli-e-il-nuovo-capitano\/","name":"Basket: Riccardo Marzoli \u00e8 il nuovo Capitano - Luiss Sport - Luiss Guido Carli","isPartOf":{"@id":"https:\/\/sport.luiss.it\/#website"},"primaryImageOfPage":{"@id":"https:\/\/sport.luiss.it\/2014\/09\/11\/basket-riccardo-marzoli-e-il-nuovo-capitano\/#primaryimage"},"image":{"@id":"https:\/\/sport.luiss.it\/2014\/09\/11\/basket-riccardo-marzoli-e-il-nuovo-capitano\/#primaryimage"},"thumbnailUrl":"","datePublished":"2014-09-11T09:30:21+00:00","author":{"@id":""},"breadcrumb":{"@id":"https:\/\/sport.luiss.it\/2014\/09\/11\/basket-riccardo-marzoli-e-il-nuovo-capitano\/#breadcrumb"},"inLanguage":"en-US","potentialAction":[{"@type":"ReadAction","target":["https:\/\/sport.luiss.it\/2014\/09\/11\/basket-riccardo-marzoli-e-il-nuovo-capitano\/"]}]},{"@type":"ImageObject","inLanguage":"en-US","@id":"https:\/\/sport.luiss.it\/2014\/09\/11\/basket-riccardo-marzoli-e-il-nuovo-capitano\/#primaryimage","url":"","contentUrl":""},{"@type":"BreadcrumbList","@id":"https:\/\/sport.luiss.it\/2014\/09\/11\/basket-riccardo-marzoli-e-il-nuovo-capitano\/#breadcrumb","itemListElement":[{"@type":"ListItem","position":1,"name":"Home","item":"https:\/\/sport.luiss.it\/en\/"},{"@type":"ListItem","position":2,"name":"Basket: Riccardo Marzoli \u00e8 il nuovo Capitano"}]},{"@type":"WebSite","@id":"https:\/\/sport.luiss.it\/#website","url":"https:\/\/sport.luiss.it\/","name":"Luiss Sport - Luiss Guido Carli","description":"Luiss Sport","potentialAction":[{"@type":"SearchAction","target":{"@type":"EntryPoint","urlTemplate":"https:\/\/sport.luiss.it\/?s={search_term_string}"},"query-input":{"@type":"PropertyValueSpecification","valueRequired":true,"valueName":"search_term_string"}}],"inLanguage":"en-US"},{"@type":"Person","@id":""}]}},"_links":{"self":[{"href":"https:\/\/sport.luiss.it\/en\/wp-json\/wp\/v2\/posts\/7841","targetHints":{"allow":["GET"]}}],"collection":[{"href":"https:\/\/sport.luiss.it\/en\/wp-json\/wp\/v2\/posts"}],"about":[{"href":"https:\/\/sport.luiss.it\/en\/wp-json\/wp\/v2\/types\/post"}],"author":[{"embeddable":true,"href":"https:\/\/sport.luiss.it\/en\/wp-json\/wp\/v2\/users\/441"}],"replies":[{"embeddable":true,"href":"https:\/\/sport.luiss.it\/en\/wp-json\/wp\/v2\/comments?post=7841"}],"version-history":[{"count":0,"href":"https:\/\/sport.luiss.it\/en\/wp-json\/wp\/v2\/posts\/7841\/revisions"}],"wp:featuredmedia":[{"embeddable":true,"href":"https:\/\/sport.luiss.it\/en\/wp-json\/"}],"wp:attachment":[{"href":"https:\/\/sport.luiss.it\/en\/wp-json\/wp\/v2\/media?parent=7841"}],"wp:term":[{"taxonomy":"category","embeddable":true,"href":"https:\/\/sport.luiss.it\/en\/wp-json\/wp\/v2\/categories?post=7841"},{"taxonomy":"post_tag","embeddable":true,"href":"https:\/\/sport.luiss.it\/en\/wp-json\/wp\/v2\/tags?post=7841"}],"curies":[{"name":"wp","href":"https:\/\/api.w.org\/{rel}","templated":true}]}}