
{"id":7884,"date":"2014-09-27T10:58:21","date_gmt":"2014-09-27T10:58:21","guid":{"rendered":"https:\/\/sport.luiss.it\/?p=7884"},"modified":"2014-09-27T10:58:21","modified_gmt":"2014-09-27T10:58:21","slug":"basket-dalla-stella-azzurra-arrivano-sanguinetti-e-faccenda","status":"publish","type":"post","link":"https:\/\/sport.luiss.it\/en\/2014\/09\/27\/basket-dalla-stella-azzurra-arrivano-sanguinetti-e-faccenda\/","title":{"rendered":"Basket: dalla Stella Azzurra arrivano Sanguinetti e Faccenda"},"content":{"rendered":"<p><a href=\"https:\/\/sport.luiss.it\/wp-content\/uploads\/2014\/09\/sangfacc.jpg\"><img loading=\"lazy\" decoding=\"async\" class=\"alignleft wp-image-7885 size-full\" src=\"https:\/\/sport.luiss.it\/wp-content\/uploads\/2014\/09\/sangfacc.jpg\" alt=\"sangfacc\" width=\"300\" height=\"300\" \/><\/a>L\u2019ASD LUISS \u00e8 lieta di annunciare che <strong>Luca Sanguinetti<\/strong> e <strong>Thomas Faccenda<\/strong>, provenienti dalla Stella Azzurra Roma, dopo aver superato i rispettivi test d\u2019ammissione alla LUISS Guido Carli, indosseranno la maglia biancoblu nel campionato di serie B al via questo fine settimana.<\/p>\n<p><strong>Luca Sanguinetti<\/strong>, nato a Roma il 3 marzo 1995, \u00e8 un play-guardia di 187 cm, che prima di entrare a far parte della famiglia Stella Azzurra Roma ha giocato due stagioni con il Bracciano Basket dal 2007 al 2009, per poi prender parte a tutti i campionati d\u2019Eccellenza giovanili con la Stella, raggiungendo tutti gli anni le Finali Nazionali e sfiorando gli scudetti di categoria, come successo nel 2013 con l\u2019eliminazione in semifinale o con la cocente sconfitta ai quarti della scorsa stagione. Lo scorso anno ha militato con la maglia stellina anche in DNB, raggiungendo la salvezza.<\/p>\n<p><strong>Thomas Faccenda<\/strong>, ala grande di 195 cm, \u00e8 nato il 19 gennaio 1995 nella Capitale ed ha iniziato a giocare a pallacanestro nel 2001 con l\u2019APD Palocco, societ\u00e0 dove ha svolto tutta l\u2019attivit\u00e0 di minibasket e i primi anni del settore giovanile, vincendo anche la Coppa Lazio Under 15. Nel 2010 \u00e8 quindi arrivato il trasferimento alla Stella Azzurra con cui, proprio come Sanguinetti, ha sempre raggiunto le finali Nazionali giovanili prendendo anche parte al campionato DNB nella passata stagione.<\/p>\n<p>Il loro approdo alla LUISS rientra<strong> nell\u2019ambito dell\u2019accordo con la Stella Azzurra Basket Academy<\/strong> che prevede la possibilit\u00e0 per i ragazzi del florido settore giovanile stellino di poter entrare a far parte del progetto ASD LUISS una volta completati gli studi liceali. Questo ha permesso ai due nuovi giocatori biancoblu, desiderosi di intraprendere una carriera universitaria di alto livello, di sostenere i provini tecnici agli ordini di Paccari\u00e8 e il test d\u2019ammissione all\u2019Universit\u00e0, da entrambi brillantemente superato. L\u2019accordo tra ASD LUISS e Stella Azzurra, nato lo scorso anno e fortemente voluto da ambo le parti, preveder\u00e0 negli anni a venire la possibilit\u00e0 di integrare nella squadra luissina anche i giocatori stranieri che giocano nella societ\u00e0 di via Flaminia, che raggiunge ogni anno prestigiosi traguardi in campo e fuori.<\/p>\n<p>L\u2019accordo tra le due societ\u00e0 capitoline nasce dalla <strong>convinzione di entrambe che la formazione e l\u2019attivit\u00e0 sportiva debbano andare di pari passo<\/strong>, motivo per il quale negli anni scorsi \u00e8 sorta l\u2019Academy stellina. La collaborazione tra le due realt\u00e0 capitoline prevede che i ragazzi della Stella Azzurra, uno dei migliori vivai d\u2019Italia, possano alla fine del loro percorso sportivo giovanile e scolastico optare per un\u2019ipotesi professionistica sportiva o per tentare l\u2019inserimento in una delle pi\u00f9 importanti Universit\u00e0 italiane, rinforzando contestualmente la compagine luissina. Il progetto prevede che anche i giocatori stranieri, una volta ultimata la loro \u201cformazione italiana\u201d dal punto di vista cestistico, possano eventualmente decidere di entrare a far parte della LUISS.<\/p>\n<p>A Luca e Thomas va il benvenuto da parte di tutta l\u2019ASD LUISS, che fa loro l\u2019in bocca al lupo per questa nuova esperienza in biancoblu.<\/p>\n<p><strong>Danila Di Biase<\/strong><br \/>\n<strong>ASD LUISS<\/strong><\/p>\n","protected":false},"excerpt":{"rendered":"<p>L\u2019ASD LUISS \u00e8 lieta di annunciare che Luca Sanguinetti e Thomas Faccenda, provenienti dalla Stella Azzurra Roma, dopo aver superato i rispettivi test d\u2019ammissione alla LUISS Guido Carli, indosseranno la [&hellip;]<\/p>\n","protected":false},"author":441,"featured_media":7885,"comment_status":"closed","ping_status":"closed","sticky":false,"template":"","format":"standard","meta":{"_monsterinsights_skip_tracking":false,"_monsterinsights_sitenote_active":false,"_monsterinsights_sitenote_note":"","_monsterinsights_sitenote_category":0,"footnotes":""},"categories":[114],"tags":[],"class_list":["post-7884","post","type-post","status-publish","format-standard","has-post-thumbnail","hentry","category-news-basket-c"],"yoast_head":"<!-- This site is optimized with the Yoast SEO plugin v26.5 - https:\/\/yoast.com\/wordpress\/plugins\/seo\/ -->\n<title>Basket: dalla Stella Azzurra arrivano Sanguinetti e Faccenda - Luiss Sport - Luiss Guido Carli<\/title>\n<meta name=\"robots\" content=\"index, follow, max-snippet:-1, max-image-preview:large, max-video-preview:-1\" \/>\n<link rel=\"canonical\" href=\"https:\/\/sport.luiss.it\/2014\/09\/27\/basket-dalla-stella-azzurra-arrivano-sanguinetti-e-faccenda\/\" \/>\n<meta property=\"og:locale\" content=\"en_US\" \/>\n<meta property=\"og:type\" content=\"article\" \/>\n<meta property=\"og:title\" content=\"Basket: dalla Stella Azzurra arrivano Sanguinetti e Faccenda - Luiss Sport - Luiss Guido Carli\" \/>\n<meta property=\"og:description\" content=\"L\u2019ASD LUISS \u00e8 lieta di annunciare che Luca Sanguinetti e Thomas Faccenda, provenienti dalla Stella Azzurra Roma, dopo aver superato i rispettivi test d\u2019ammissione alla LUISS Guido Carli, indosseranno la [&hellip;]\" \/>\n<meta property=\"og:url\" content=\"https:\/\/sport.luiss.it\/2014\/09\/27\/basket-dalla-stella-azzurra-arrivano-sanguinetti-e-faccenda\/\" \/>\n<meta property=\"og:site_name\" content=\"Luiss Sport - Luiss Guido Carli\" \/>\n<meta property=\"article:publisher\" content=\"https:\/\/www.facebook.com\/sportluiss\/\" \/>\n<meta property=\"article:published_time\" content=\"2014-09-27T10:58:21+00:00\" \/>\n<meta name=\"twitter:card\" content=\"summary_large_image\" \/>\n<meta name=\"twitter:label1\" content=\"Written by\" \/>\n\t<meta name=\"twitter:data1\" content=\"\" \/>\n\t<meta name=\"twitter:label2\" content=\"Est. reading time\" \/>\n\t<meta name=\"twitter:data2\" content=\"2 minutes\" \/>\n<script type=\"application\/ld+json\" class=\"yoast-schema-graph\">{\"@context\":\"https:\/\/schema.org\",\"@graph\":[{\"@type\":\"WebPage\",\"@id\":\"https:\/\/sport.luiss.it\/2014\/09\/27\/basket-dalla-stella-azzurra-arrivano-sanguinetti-e-faccenda\/\",\"url\":\"https:\/\/sport.luiss.it\/2014\/09\/27\/basket-dalla-stella-azzurra-arrivano-sanguinetti-e-faccenda\/\",\"name\":\"Basket: dalla Stella Azzurra arrivano Sanguinetti e Faccenda - Luiss Sport - Luiss Guido Carli\",\"isPartOf\":{\"@id\":\"https:\/\/sport.luiss.it\/#website\"},\"primaryImageOfPage\":{\"@id\":\"https:\/\/sport.luiss.it\/2014\/09\/27\/basket-dalla-stella-azzurra-arrivano-sanguinetti-e-faccenda\/#primaryimage\"},\"image\":{\"@id\":\"https:\/\/sport.luiss.it\/2014\/09\/27\/basket-dalla-stella-azzurra-arrivano-sanguinetti-e-faccenda\/#primaryimage\"},\"thumbnailUrl\":\"\",\"datePublished\":\"2014-09-27T10:58:21+00:00\",\"author\":{\"@id\":\"\"},\"breadcrumb\":{\"@id\":\"https:\/\/sport.luiss.it\/2014\/09\/27\/basket-dalla-stella-azzurra-arrivano-sanguinetti-e-faccenda\/#breadcrumb\"},\"inLanguage\":\"en-US\",\"potentialAction\":[{\"@type\":\"ReadAction\",\"target\":[\"https:\/\/sport.luiss.it\/2014\/09\/27\/basket-dalla-stella-azzurra-arrivano-sanguinetti-e-faccenda\/\"]}]},{\"@type\":\"ImageObject\",\"inLanguage\":\"en-US\",\"@id\":\"https:\/\/sport.luiss.it\/2014\/09\/27\/basket-dalla-stella-azzurra-arrivano-sanguinetti-e-faccenda\/#primaryimage\",\"url\":\"\",\"contentUrl\":\"\"},{\"@type\":\"BreadcrumbList\",\"@id\":\"https:\/\/sport.luiss.it\/2014\/09\/27\/basket-dalla-stella-azzurra-arrivano-sanguinetti-e-faccenda\/#breadcrumb\",\"itemListElement\":[{\"@type\":\"ListItem\",\"position\":1,\"name\":\"Home\",\"item\":\"https:\/\/sport.luiss.it\/en\/\"},{\"@type\":\"ListItem\",\"position\":2,\"name\":\"Basket: dalla Stella Azzurra arrivano Sanguinetti e Faccenda\"}]},{\"@type\":\"WebSite\",\"@id\":\"https:\/\/sport.luiss.it\/#website\",\"url\":\"https:\/\/sport.luiss.it\/\",\"name\":\"Luiss Sport - Luiss Guido Carli\",\"description\":\"Luiss Sport\",\"potentialAction\":[{\"@type\":\"SearchAction\",\"target\":{\"@type\":\"EntryPoint\",\"urlTemplate\":\"https:\/\/sport.luiss.it\/?s={search_term_string}\"},\"query-input\":{\"@type\":\"PropertyValueSpecification\",\"valueRequired\":true,\"valueName\":\"search_term_string\"}}],\"inLanguage\":\"en-US\"},{\"@type\":\"Person\",\"@id\":\"\"}]}<\/script>\n<!-- \/ Yoast SEO plugin. -->","yoast_head_json":{"title":"Basket: dalla Stella Azzurra arrivano Sanguinetti e Faccenda - Luiss Sport - Luiss Guido Carli","robots":{"index":"index","follow":"follow","max-snippet":"max-snippet:-1","max-image-preview":"max-image-preview:large","max-video-preview":"max-video-preview:-1"},"canonical":"https:\/\/sport.luiss.it\/2014\/09\/27\/basket-dalla-stella-azzurra-arrivano-sanguinetti-e-faccenda\/","og_locale":"en_US","og_type":"article","og_title":"Basket: dalla Stella Azzurra arrivano Sanguinetti e Faccenda - Luiss Sport - Luiss Guido Carli","og_description":"L\u2019ASD LUISS \u00e8 lieta di annunciare che Luca Sanguinetti e Thomas Faccenda, provenienti dalla Stella Azzurra Roma, dopo aver superato i rispettivi test d\u2019ammissione alla LUISS Guido Carli, indosseranno la [&hellip;]","og_url":"https:\/\/sport.luiss.it\/2014\/09\/27\/basket-dalla-stella-azzurra-arrivano-sanguinetti-e-faccenda\/","og_site_name":"Luiss Sport - Luiss Guido Carli","article_publisher":"https:\/\/www.facebook.com\/sportluiss\/","article_published_time":"2014-09-27T10:58:21+00:00","twitter_card":"summary_large_image","twitter_misc":{"Written by":"","Est. reading time":"2 minutes"},"schema":{"@context":"https:\/\/schema.org","@graph":[{"@type":"WebPage","@id":"https:\/\/sport.luiss.it\/2014\/09\/27\/basket-dalla-stella-azzurra-arrivano-sanguinetti-e-faccenda\/","url":"https:\/\/sport.luiss.it\/2014\/09\/27\/basket-dalla-stella-azzurra-arrivano-sanguinetti-e-faccenda\/","name":"Basket: dalla Stella Azzurra arrivano Sanguinetti e Faccenda - Luiss Sport - Luiss Guido Carli","isPartOf":{"@id":"https:\/\/sport.luiss.it\/#website"},"primaryImageOfPage":{"@id":"https:\/\/sport.luiss.it\/2014\/09\/27\/basket-dalla-stella-azzurra-arrivano-sanguinetti-e-faccenda\/#primaryimage"},"image":{"@id":"https:\/\/sport.luiss.it\/2014\/09\/27\/basket-dalla-stella-azzurra-arrivano-sanguinetti-e-faccenda\/#primaryimage"},"thumbnailUrl":"","datePublished":"2014-09-27T10:58:21+00:00","author":{"@id":""},"breadcrumb":{"@id":"https:\/\/sport.luiss.it\/2014\/09\/27\/basket-dalla-stella-azzurra-arrivano-sanguinetti-e-faccenda\/#breadcrumb"},"inLanguage":"en-US","potentialAction":[{"@type":"ReadAction","target":["https:\/\/sport.luiss.it\/2014\/09\/27\/basket-dalla-stella-azzurra-arrivano-sanguinetti-e-faccenda\/"]}]},{"@type":"ImageObject","inLanguage":"en-US","@id":"https:\/\/sport.luiss.it\/2014\/09\/27\/basket-dalla-stella-azzurra-arrivano-sanguinetti-e-faccenda\/#primaryimage","url":"","contentUrl":""},{"@type":"BreadcrumbList","@id":"https:\/\/sport.luiss.it\/2014\/09\/27\/basket-dalla-stella-azzurra-arrivano-sanguinetti-e-faccenda\/#breadcrumb","itemListElement":[{"@type":"ListItem","position":1,"name":"Home","item":"https:\/\/sport.luiss.it\/en\/"},{"@type":"ListItem","position":2,"name":"Basket: dalla Stella Azzurra arrivano Sanguinetti e Faccenda"}]},{"@type":"WebSite","@id":"https:\/\/sport.luiss.it\/#website","url":"https:\/\/sport.luiss.it\/","name":"Luiss Sport - Luiss Guido Carli","description":"Luiss Sport","potentialAction":[{"@type":"SearchAction","target":{"@type":"EntryPoint","urlTemplate":"https:\/\/sport.luiss.it\/?s={search_term_string}"},"query-input":{"@type":"PropertyValueSpecification","valueRequired":true,"valueName":"search_term_string"}}],"inLanguage":"en-US"},{"@type":"Person","@id":""}]}},"_links":{"self":[{"href":"https:\/\/sport.luiss.it\/en\/wp-json\/wp\/v2\/posts\/7884","targetHints":{"allow":["GET"]}}],"collection":[{"href":"https:\/\/sport.luiss.it\/en\/wp-json\/wp\/v2\/posts"}],"about":[{"href":"https:\/\/sport.luiss.it\/en\/wp-json\/wp\/v2\/types\/post"}],"author":[{"embeddable":true,"href":"https:\/\/sport.luiss.it\/en\/wp-json\/wp\/v2\/users\/441"}],"replies":[{"embeddable":true,"href":"https:\/\/sport.luiss.it\/en\/wp-json\/wp\/v2\/comments?post=7884"}],"version-history":[{"count":0,"href":"https:\/\/sport.luiss.it\/en\/wp-json\/wp\/v2\/posts\/7884\/revisions"}],"wp:featuredmedia":[{"embeddable":true,"href":"https:\/\/sport.luiss.it\/en\/wp-json\/"}],"wp:attachment":[{"href":"https:\/\/sport.luiss.it\/en\/wp-json\/wp\/v2\/media?parent=7884"}],"wp:term":[{"taxonomy":"category","embeddable":true,"href":"https:\/\/sport.luiss.it\/en\/wp-json\/wp\/v2\/categories?post=7884"},{"taxonomy":"post_tag","embeddable":true,"href":"https:\/\/sport.luiss.it\/en\/wp-json\/wp\/v2\/tags?post=7884"}],"curies":[{"name":"wp","href":"https:\/\/api.w.org\/{rel}","templated":true}]}}