
{"id":7910,"date":"2014-10-04T18:53:25","date_gmt":"2014-10-04T18:53:25","guid":{"rendered":"https:\/\/sport.luiss.it\/?p=7910"},"modified":"2014-10-04T18:53:25","modified_gmt":"2014-10-04T18:53:25","slug":"serie-b-luiss-ko-a-fondi","status":"publish","type":"post","link":"https:\/\/sport.luiss.it\/en\/2014\/10\/04\/serie-b-luiss-ko-a-fondi\/","title":{"rendered":"Serie B: LUISS ko a Fondi"},"content":{"rendered":"<p style=\"text-align: center\"><strong><a href=\"https:\/\/sport.luiss.it\/wp-content\/uploads\/2014\/10\/marzoli.jpg.jpg\"><img loading=\"lazy\" decoding=\"async\" class=\"alignleft wp-image-7911 size-full\" src=\"https:\/\/sport.luiss.it\/wp-content\/uploads\/2014\/10\/marzoli.jpg.jpg\" alt=\"ADECCO CUP - FINAL EIGHT DNC - MESTRE - LUISS ROMA\" width=\"451\" height=\"300\" \/><\/a>VIRTUS FONDI \u2013 ASD LUISS ROMA 62-52<\/strong><\/p>\n<p><strong>Parziali:<\/strong> 18-11; 28-18; 47-35.<\/p>\n<p><strong>Virtus Fondi:<\/strong> Mihalic, Pietrosanto 8, Romano 22, Cappiello 14, Testa ne, Lilliu 16, Petrosino, Mattei ne, Carnevale ne, Di Marzo 2. All: Kalaja.<\/p>\n<p><strong>ASD LUISS Roma:<\/strong> Faragalli 4, Marzoli 16, Cass\u00ec ne, Anselmi 6, Ramenghi 4, Marcon 7, Kavaric 4, Di Fabio 5, Storchi 5, D\u2019Anolfo 1. All: Paccari\u00e8.<\/p>\n<p>Sconfitta all\u2019esordio in serie B per l\u2019ASD LUISS che <strong>perde con la Virtus Fondi per 62-52<\/strong> nella prima giornata di campionato. Gli universitari, partiti in sordina nel primo tempo (28-18), hanno provato a risollevare la partita con gli ultimi venti minuti giocati ad alto ritmo che hanno consentito alla squadra di Paccari\u00e8 a tre lunghezze di distanza dai padroni di casa (55-52), ma Romano e compagni nel concitato finale sono riusciti ad imporsi sugli universitari e ad ottenere quindi i primi due punti in palio in questa stagione. Per la LUISS ottima la prestazione di <strong>Riccardo Marzoli, autore di 16 punti,<\/strong> seguito dai 7 del giovane Marcon, alla prima gara con la maglia biancoblu.<\/p>\n<p>Parte bene la LUISS con il primo canestro della stagione messo a segno da <strong>Capitan Marzoli<\/strong> dai 6.75mt che risponde a Pietrosanto e Lilliu, ma Fondi con Romano e Cappiello spinge sull\u2019acceleratore e grazie ad un parziale di 10-1 allunga sul 16-7 al 7\u00b0 minuto. La formazione universitaria fa fatica a trovare la via del canestro dal campo e va a referto solo con i liberi di Faragalli e Marzoli, poi \u00e8 <strong>Marcon<\/strong> a sbloccare l\u2019impasse dei bianco blu con una realizzazione dalla lunga distanza e il primo quarto va in archivio sul 18-11 in favore dei pontini.<\/p>\n<p>La seconda frazione inizia con il canestro di un altro neo-luissino, <strong>Ramenghi,<\/strong> che porta i suoi sul -5 (18-13) ma la squadra di Kalaja allunga con Lilliu: 21-13 al 13\u00b0. Entra anche <strong>Giulio Di Fabio<\/strong>, fermato in estate da seri problemi fisici, e segna subito 5 punti consecutivi che consentono alla LUISS di tornare ancora sul -5 al 16\u00b0: 23-18. Ci pensano Cappiello e Lilliu a portare la Virtus sulla doppia cifra di vantaggio quando mancano due minuti al rientro negli spogliatoi, con i luissini che restano di nuovo a secco per qualche minuto e il primo tempo si chiude quindi sul 28-18 sempre in favore dei padroni di casa.<\/p>\n<p>Al rientro in campo \u00e8 Fondi ad allungare ulteriormente con due triple consecutive di Romano, intervallate dai primi punti di Storchi: 34-20 dopo poco pi\u00f9 di 90\u2019\u2019. \u00c8 lo stesso pivot modenese a fare il pieno dalla lunetta, ma Fondi \u00e8 implacabile dalla lunga distanza e trova il massimo vantaggio con due realizzazioni di Cappiello al 24\u00b0: 40-24. <strong>Djordje Kavaric<\/strong> segna per la prima volta in questa gara, ma Fondi non si lascia intimorire e resta sul +16 (42-26) quando mancano 4 minuti alla terza sirena con Coach Paccari\u00e8 che decide di parlarci su. La musica per\u00f2 non cambia ed \u00e8 ancora Cappiello con il suo 14\u00b0 punto personale a portare la Virtus Fondi sul +19 (45-26) ma al giocatore rossoblu risponde ancora Marzoli, cui fanno seguito due liberi di Lilliu che ristabiliscono le distanze: 47-28 al 27\u00b0. La LUISS per\u00f2 riesce a reagire, prima con Anselmi e Marzoli, poi con la tripla di <strong>Faragalli c<\/strong>he chiude il quarto sul 47-35 per i pontini.<\/p>\n<p>\u00c8 Pietrosanto a segnare i primi punti del quarto, ma il giovane Leonardo Marcon diventa protagonista recuperando rimbalzi e andando a canestro per due volte consecutive, per il -10 LUISS al 32\u00b0: 49-39. Capitan Marzoli d\u00e0 la scossa decisiva per riaprire la partita con una tripla che consente ai biancoblu di andare sotto la doppia cifra di svantaggio al 34\u00b0: 49-42. Ramenghi risponde a Romano, poi gli arbitri fischiano fallo tecnico a Pietrosanto, costringendo Kalaja al timeout a 6\u2019 dalla fine del match, sul +7 Fondi (51-44). Sono ancora Marzoli e Kavaric a tenere il team universitario a stretto contatto con i padroni di casa quando mancano 130 secondi alla sirena finale: 53-49. Cappiello commette fallo antisportivo su<strong> Anselmi<\/strong>, ed \u00e8 lo stesso giocatore romano a capitalizzare i due liberi a sua disposizione per il -2 LUISS a due minuti dalla fine: 53-51. Romano riporta a referto la Virtus, poi <strong>Storchi<\/strong> fa solo 1\/2 a cronometro fermo per il 55-52 che convince Coach Kajala a chiedere un altro minuto di sospensione quando mancano 80\u2019\u2019 alla fine della gara. \u00c8 Lilliu a porre la parola fine sulla gara con due liberi che danno il +5 ai suoi quando mancano 30\u2019\u2019 all\u2019epilogo (57-52), con Paccari\u00e8 che chiede un time-out che per\u00f2 non sortisce alcun effetto. La gara si chiude quindi sul 62-52 dopo la roulette finale dei tiri liberi.<\/p>\n<p>La LUISS torner\u00e0 in campo sabato 11 ottobre al PalaLUISS di Piazza Mancini di Roma per la prima gara casalinga contro la corazzata NPC Rieti.<\/p>\n<p><strong>Danila Di Biase<\/strong><br \/>\n<strong>ASD LUISS<\/strong><\/p>\n<p>&nbsp;<\/p>\n","protected":false},"excerpt":{"rendered":"<p>VIRTUS FONDI \u2013 ASD LUISS ROMA 62-52 Parziali: 18-11; 28-18; 47-35. Virtus Fondi: Mihalic, Pietrosanto 8, Romano 22, Cappiello 14, Testa ne, Lilliu 16, Petrosino, Mattei ne, Carnevale ne, Di [&hellip;]<\/p>\n","protected":false},"author":441,"featured_media":7911,"comment_status":"closed","ping_status":"closed","sticky":false,"template":"","format":"standard","meta":{"_monsterinsights_skip_tracking":false,"_monsterinsights_sitenote_active":false,"_monsterinsights_sitenote_note":"","_monsterinsights_sitenote_category":0,"footnotes":""},"categories":[114],"tags":[],"class_list":["post-7910","post","type-post","status-publish","format-standard","has-post-thumbnail","hentry","category-news-basket-c"],"yoast_head":"<!-- This site is optimized with the Yoast SEO plugin v26.5 - https:\/\/yoast.com\/wordpress\/plugins\/seo\/ -->\n<title>Serie B: LUISS ko a Fondi - Luiss Sport - Luiss Guido Carli<\/title>\n<meta name=\"robots\" content=\"index, follow, max-snippet:-1, max-image-preview:large, max-video-preview:-1\" \/>\n<link rel=\"canonical\" href=\"https:\/\/sport.luiss.it\/2014\/10\/04\/serie-b-luiss-ko-a-fondi\/\" \/>\n<meta property=\"og:locale\" content=\"en_US\" \/>\n<meta property=\"og:type\" content=\"article\" \/>\n<meta property=\"og:title\" content=\"Serie B: LUISS ko a Fondi - Luiss Sport - Luiss Guido Carli\" \/>\n<meta property=\"og:description\" content=\"VIRTUS FONDI \u2013 ASD LUISS ROMA 62-52 Parziali: 18-11; 28-18; 47-35. Virtus Fondi: Mihalic, Pietrosanto 8, Romano 22, Cappiello 14, Testa ne, Lilliu 16, Petrosino, Mattei ne, Carnevale ne, Di [&hellip;]\" \/>\n<meta property=\"og:url\" content=\"https:\/\/sport.luiss.it\/2014\/10\/04\/serie-b-luiss-ko-a-fondi\/\" \/>\n<meta property=\"og:site_name\" content=\"Luiss Sport - Luiss Guido Carli\" \/>\n<meta property=\"article:publisher\" content=\"https:\/\/www.facebook.com\/sportluiss\/\" \/>\n<meta property=\"article:published_time\" content=\"2014-10-04T18:53:25+00:00\" \/>\n<meta name=\"twitter:card\" content=\"summary_large_image\" \/>\n<meta name=\"twitter:label1\" content=\"Written by\" \/>\n\t<meta name=\"twitter:data1\" content=\"\" \/>\n\t<meta name=\"twitter:label2\" content=\"Est. reading time\" \/>\n\t<meta name=\"twitter:data2\" content=\"4 minutes\" \/>\n<script type=\"application\/ld+json\" class=\"yoast-schema-graph\">{\"@context\":\"https:\/\/schema.org\",\"@graph\":[{\"@type\":\"WebPage\",\"@id\":\"https:\/\/sport.luiss.it\/2014\/10\/04\/serie-b-luiss-ko-a-fondi\/\",\"url\":\"https:\/\/sport.luiss.it\/2014\/10\/04\/serie-b-luiss-ko-a-fondi\/\",\"name\":\"Serie B: LUISS ko a Fondi - Luiss Sport - Luiss Guido Carli\",\"isPartOf\":{\"@id\":\"https:\/\/sport.luiss.it\/#website\"},\"primaryImageOfPage\":{\"@id\":\"https:\/\/sport.luiss.it\/2014\/10\/04\/serie-b-luiss-ko-a-fondi\/#primaryimage\"},\"image\":{\"@id\":\"https:\/\/sport.luiss.it\/2014\/10\/04\/serie-b-luiss-ko-a-fondi\/#primaryimage\"},\"thumbnailUrl\":\"\",\"datePublished\":\"2014-10-04T18:53:25+00:00\",\"author\":{\"@id\":\"\"},\"breadcrumb\":{\"@id\":\"https:\/\/sport.luiss.it\/2014\/10\/04\/serie-b-luiss-ko-a-fondi\/#breadcrumb\"},\"inLanguage\":\"en-US\",\"potentialAction\":[{\"@type\":\"ReadAction\",\"target\":[\"https:\/\/sport.luiss.it\/2014\/10\/04\/serie-b-luiss-ko-a-fondi\/\"]}]},{\"@type\":\"ImageObject\",\"inLanguage\":\"en-US\",\"@id\":\"https:\/\/sport.luiss.it\/2014\/10\/04\/serie-b-luiss-ko-a-fondi\/#primaryimage\",\"url\":\"\",\"contentUrl\":\"\"},{\"@type\":\"BreadcrumbList\",\"@id\":\"https:\/\/sport.luiss.it\/2014\/10\/04\/serie-b-luiss-ko-a-fondi\/#breadcrumb\",\"itemListElement\":[{\"@type\":\"ListItem\",\"position\":1,\"name\":\"Home\",\"item\":\"https:\/\/sport.luiss.it\/en\/\"},{\"@type\":\"ListItem\",\"position\":2,\"name\":\"Serie B: LUISS ko a Fondi\"}]},{\"@type\":\"WebSite\",\"@id\":\"https:\/\/sport.luiss.it\/#website\",\"url\":\"https:\/\/sport.luiss.it\/\",\"name\":\"Luiss Sport - Luiss Guido Carli\",\"description\":\"Luiss Sport\",\"potentialAction\":[{\"@type\":\"SearchAction\",\"target\":{\"@type\":\"EntryPoint\",\"urlTemplate\":\"https:\/\/sport.luiss.it\/?s={search_term_string}\"},\"query-input\":{\"@type\":\"PropertyValueSpecification\",\"valueRequired\":true,\"valueName\":\"search_term_string\"}}],\"inLanguage\":\"en-US\"},{\"@type\":\"Person\",\"@id\":\"\"}]}<\/script>\n<!-- \/ Yoast SEO plugin. -->","yoast_head_json":{"title":"Serie B: LUISS ko a Fondi - Luiss Sport - Luiss Guido Carli","robots":{"index":"index","follow":"follow","max-snippet":"max-snippet:-1","max-image-preview":"max-image-preview:large","max-video-preview":"max-video-preview:-1"},"canonical":"https:\/\/sport.luiss.it\/2014\/10\/04\/serie-b-luiss-ko-a-fondi\/","og_locale":"en_US","og_type":"article","og_title":"Serie B: LUISS ko a Fondi - Luiss Sport - Luiss Guido Carli","og_description":"VIRTUS FONDI \u2013 ASD LUISS ROMA 62-52 Parziali: 18-11; 28-18; 47-35. Virtus Fondi: Mihalic, Pietrosanto 8, Romano 22, Cappiello 14, Testa ne, Lilliu 16, Petrosino, Mattei ne, Carnevale ne, Di [&hellip;]","og_url":"https:\/\/sport.luiss.it\/2014\/10\/04\/serie-b-luiss-ko-a-fondi\/","og_site_name":"Luiss Sport - Luiss Guido Carli","article_publisher":"https:\/\/www.facebook.com\/sportluiss\/","article_published_time":"2014-10-04T18:53:25+00:00","twitter_card":"summary_large_image","twitter_misc":{"Written by":"","Est. reading time":"4 minutes"},"schema":{"@context":"https:\/\/schema.org","@graph":[{"@type":"WebPage","@id":"https:\/\/sport.luiss.it\/2014\/10\/04\/serie-b-luiss-ko-a-fondi\/","url":"https:\/\/sport.luiss.it\/2014\/10\/04\/serie-b-luiss-ko-a-fondi\/","name":"Serie B: LUISS ko a Fondi - Luiss Sport - Luiss Guido Carli","isPartOf":{"@id":"https:\/\/sport.luiss.it\/#website"},"primaryImageOfPage":{"@id":"https:\/\/sport.luiss.it\/2014\/10\/04\/serie-b-luiss-ko-a-fondi\/#primaryimage"},"image":{"@id":"https:\/\/sport.luiss.it\/2014\/10\/04\/serie-b-luiss-ko-a-fondi\/#primaryimage"},"thumbnailUrl":"","datePublished":"2014-10-04T18:53:25+00:00","author":{"@id":""},"breadcrumb":{"@id":"https:\/\/sport.luiss.it\/2014\/10\/04\/serie-b-luiss-ko-a-fondi\/#breadcrumb"},"inLanguage":"en-US","potentialAction":[{"@type":"ReadAction","target":["https:\/\/sport.luiss.it\/2014\/10\/04\/serie-b-luiss-ko-a-fondi\/"]}]},{"@type":"ImageObject","inLanguage":"en-US","@id":"https:\/\/sport.luiss.it\/2014\/10\/04\/serie-b-luiss-ko-a-fondi\/#primaryimage","url":"","contentUrl":""},{"@type":"BreadcrumbList","@id":"https:\/\/sport.luiss.it\/2014\/10\/04\/serie-b-luiss-ko-a-fondi\/#breadcrumb","itemListElement":[{"@type":"ListItem","position":1,"name":"Home","item":"https:\/\/sport.luiss.it\/en\/"},{"@type":"ListItem","position":2,"name":"Serie B: LUISS ko a Fondi"}]},{"@type":"WebSite","@id":"https:\/\/sport.luiss.it\/#website","url":"https:\/\/sport.luiss.it\/","name":"Luiss Sport - Luiss Guido Carli","description":"Luiss Sport","potentialAction":[{"@type":"SearchAction","target":{"@type":"EntryPoint","urlTemplate":"https:\/\/sport.luiss.it\/?s={search_term_string}"},"query-input":{"@type":"PropertyValueSpecification","valueRequired":true,"valueName":"search_term_string"}}],"inLanguage":"en-US"},{"@type":"Person","@id":""}]}},"_links":{"self":[{"href":"https:\/\/sport.luiss.it\/en\/wp-json\/wp\/v2\/posts\/7910","targetHints":{"allow":["GET"]}}],"collection":[{"href":"https:\/\/sport.luiss.it\/en\/wp-json\/wp\/v2\/posts"}],"about":[{"href":"https:\/\/sport.luiss.it\/en\/wp-json\/wp\/v2\/types\/post"}],"author":[{"embeddable":true,"href":"https:\/\/sport.luiss.it\/en\/wp-json\/wp\/v2\/users\/441"}],"replies":[{"embeddable":true,"href":"https:\/\/sport.luiss.it\/en\/wp-json\/wp\/v2\/comments?post=7910"}],"version-history":[{"count":0,"href":"https:\/\/sport.luiss.it\/en\/wp-json\/wp\/v2\/posts\/7910\/revisions"}],"wp:featuredmedia":[{"embeddable":true,"href":"https:\/\/sport.luiss.it\/en\/wp-json\/"}],"wp:attachment":[{"href":"https:\/\/sport.luiss.it\/en\/wp-json\/wp\/v2\/media?parent=7910"}],"wp:term":[{"taxonomy":"category","embeddable":true,"href":"https:\/\/sport.luiss.it\/en\/wp-json\/wp\/v2\/categories?post=7910"},{"taxonomy":"post_tag","embeddable":true,"href":"https:\/\/sport.luiss.it\/en\/wp-json\/wp\/v2\/tags?post=7910"}],"curies":[{"name":"wp","href":"https:\/\/api.w.org\/{rel}","templated":true}]}}