
{"id":8015,"date":"2014-10-23T10:12:22","date_gmt":"2014-10-23T10:12:22","guid":{"rendered":"https:\/\/sport.luiss.it\/?p=8015"},"modified":"2014-10-23T10:12:22","modified_gmt":"2014-10-23T10:12:22","slug":"serie-b-al-palaluiss-arriva-senigallia","status":"publish","type":"post","link":"https:\/\/sport.luiss.it\/en\/2014\/10\/23\/serie-b-al-palaluiss-arriva-senigallia\/","title":{"rendered":"Serie B: al PalaLUISS arriva Senigallia"},"content":{"rendered":"<p><a href=\"https:\/\/sport.luiss.it\/wp-content\/uploads\/2014\/10\/dsc9233.jpg\"><img loading=\"lazy\" decoding=\"async\" class=\"alignleft wp-image-8016 size-full\" src=\"https:\/\/sport.luiss.it\/wp-content\/uploads\/2014\/10\/dsc9233.jpg\" alt=\"ADECCO CUP - FINAL EIGHT DNC - MESTRE - LUISS ROMA\" width=\"451\" height=\"300\" \/><\/a>\u00c8 di nuovo tempo di PalaLUISS per l\u2019ASD LUISS Roma che <strong>sabato 25 ottobre alle 18<\/strong> affronter\u00e0 tra le mura amiche la <strong>Pallacanestro Senigallia<\/strong> in occasione del quarto turno del campionato nazionale di serie B.<\/p>\n<p>Sar\u00e0 un match molto delicato quello che andr\u00e0 in scena a Piazza Mancini, dove scenderanno in campo due squadre che hanno avuto finora due percorsi diversi: l\u2019ASD LUISS \u00e8 reduce da tre sconfitte in altrettante partite, mentre i marchigiani hanno sinora ottenuto due successi perdendo solo in casa con Palestrina.<strong> Gli universitari affronteranno quindi questa partita con tutte le intenzioni di portare a casa i primi due punti stagionali<\/strong>, dopo aver sfiorato i successi contro le corazzate Rieti e Palestrina negli ultimi turni. Di contro, Senigallia vorr\u00e0 continuare la sua marcia trionfale che lontano dalle Marche l\u2019ha vista ottenere due importanti vittorie proprio in casa di Rieti e poi a Rimini contro i Crabs la scorsa domenica. Tante quindi le variabili che renderanno questa gara interessante ed avvincente, con un PalaLUISS che, proprio come nel match d\u2019esordio dell\u2019ASD LUISS contro Rieti, si prospetta pieno e pronto a sostenere gli universitari di Coach Paccari\u00e8.<\/p>\n<p>Senigallia presenta nel proprio roster giocatori importanti come<strong> Riccardo Casagrande<\/strong>, reduce dalla promozione in A2 Silver con la maglia dei Legnano Knights, Mirco Pierantoni, Sergio Maddaloni e Fabrizio Pasquinelli che in queste prime tre giornate sono stati i protagonisti principali della formazione guidata da Alessandro Valli.<\/p>\n<p>\u00c8 il <strong>Capitano Riccardo Marzoli<\/strong> a presentare la sfida contro la Pallacanestro Senigallia, prima delle due gare consecutive che si giocheranno al PalaLUISS: \u201c<em>Sabato <strong>affronteremo una squadra molto esperta, composta da un nucleo che gioca insieme da tempo<\/strong> e che ha in Casagrande un giocatore di categoria superiore che per la serie B pu\u00f2 essere potenzialmente devastante, poi Maddaloni che \u00e8 un ottimo tiratore, e tutti gli altri che hanno dato modo di constatare gi\u00e0 in queste prime giornate il valore di Senigallia. Comunque noi non siamo sicuramente spaventati dalle loro indubbie qualit\u00e0, perch\u00e9 crediamo siano alla nostra portata, poi giocheremo in casa nostra e quindi dimostreremo che abbiamo grandissima voglia di portare a casa il risultato.\u201d<\/em><\/p>\n<p>Sull\u2019andamento dell\u2019ASD LUISS, il numero 5 luissino si esprime cos\u00ec: \u201c<em>Dobbiamo continuare sulla strada intrapresa, cercando di mettere in campo la stessa intensit\u00e0 che abbiamo avuto con Rieti e Palestrina, portandola avanti per\u00f2 per tutti i 40\u2019 in modo che il risultato possa essere diverso dai due ko che abbiamo rimediato.<strong> Prendiamo il buono che abbiamo fatto in queste prime gare senza pensare che siamo a zero punti<\/strong>, perch\u00e9 la stagione \u00e8 appena iniziata e poi perch\u00e9 abbiamo incontrato, a mio modo di vedere, due tra le tre squadre pi\u00f9 forti del girone, e in entrambi i casi non abbiamo sfigurato, ma anzi con un pizzico di fortuna in pi\u00f9 avremmo potuto raccogliere qualcosa di positivo. Noi<\/em> \u2013 continua il Capitano biancoblu \u2013<em> dovremo essere bravi a vivere dell\u2019energia che abbiamo dimostrato negli ultimi due impegni, perch\u00e9 abbiamo tutte le carte in regola per toglierci delle soddisfazioni, e quindi sono certo che continuando cos\u00ec arriveranno<\/em>.\u201d<\/p>\n<p>Marzoli, infine, chiude con una parentesi sul tifo del PalaLUISS: \u201c<em>In occasione della prima in casa contro Rieti abbiamo avuto un\u2019ottima risposta dal nostro pubblico, e questo credo significhi che<strong> si sta creando un forte attaccamento tra gli studenti della LUISS<\/strong>, quindi i nostri colleghi,<strong> e la squadra<\/strong>. Da una parte tutto questo sar\u00e0 fondamentale per fare in modo che il nostro campo diventi un fortino, e dall\u2019altro lo sar\u00e0 altrettanto perch\u00e9 cos\u00ec facendo si crea ulteriore entusiasmo, una sinergia speciale tra l\u2019ambiente universitario e sportivo, e questo \u00e8 per tutta la nostra Associazione un obiettivo che perseguiamo, per dare ancora pi\u00f9 lustro a questo progetto unico in Italia.\u201d<\/em><\/p>\n<p>La sfida tra ASD LUISS Roma e Pallacanestro Senigallia si giocher\u00e0 <strong>sabato 25 ottobre alle 18 al PalaLUISS di Piazza Mancini di Roma<\/strong>, dove ad arbitrare sono chiamati i Signori Peppino Bernardi di Venafro (IS) e Marco Guarino di Campobasso.<\/p>\n<p><strong>Danila Di Biase<\/strong><br \/>\n<strong>ASD LUISS<\/strong><\/p>\n<p>&nbsp;<\/p>\n<p>&nbsp;<\/p>\n","protected":false},"excerpt":{"rendered":"<p>\u00c8 di nuovo tempo di PalaLUISS per l\u2019ASD LUISS Roma che sabato 25 ottobre alle 18 affronter\u00e0 tra le mura amiche la Pallacanestro Senigallia in occasione del quarto turno del [&hellip;]<\/p>\n","protected":false},"author":441,"featured_media":8016,"comment_status":"closed","ping_status":"closed","sticky":false,"template":"","format":"standard","meta":{"_monsterinsights_skip_tracking":false,"_monsterinsights_sitenote_active":false,"_monsterinsights_sitenote_note":"","_monsterinsights_sitenote_category":0,"footnotes":""},"categories":[114],"tags":[],"class_list":["post-8015","post","type-post","status-publish","format-standard","has-post-thumbnail","hentry","category-news-basket-c"],"yoast_head":"<!-- This site is optimized with the Yoast SEO plugin v26.5 - https:\/\/yoast.com\/wordpress\/plugins\/seo\/ -->\n<title>Serie B: al PalaLUISS arriva Senigallia - Luiss Sport - Luiss Guido Carli<\/title>\n<meta name=\"robots\" content=\"index, follow, max-snippet:-1, max-image-preview:large, max-video-preview:-1\" \/>\n<link rel=\"canonical\" href=\"https:\/\/sport.luiss.it\/2014\/10\/23\/serie-b-al-palaluiss-arriva-senigallia\/\" \/>\n<meta property=\"og:locale\" content=\"en_US\" \/>\n<meta property=\"og:type\" content=\"article\" \/>\n<meta property=\"og:title\" content=\"Serie B: al PalaLUISS arriva Senigallia - Luiss Sport - Luiss Guido Carli\" \/>\n<meta property=\"og:description\" content=\"\u00c8 di nuovo tempo di PalaLUISS per l\u2019ASD LUISS Roma che sabato 25 ottobre alle 18 affronter\u00e0 tra le mura amiche la Pallacanestro Senigallia in occasione del quarto turno del [&hellip;]\" \/>\n<meta property=\"og:url\" content=\"https:\/\/sport.luiss.it\/2014\/10\/23\/serie-b-al-palaluiss-arriva-senigallia\/\" \/>\n<meta property=\"og:site_name\" content=\"Luiss Sport - Luiss Guido Carli\" \/>\n<meta property=\"article:publisher\" content=\"https:\/\/www.facebook.com\/sportluiss\/\" \/>\n<meta property=\"article:published_time\" content=\"2014-10-23T10:12:22+00:00\" \/>\n<meta name=\"twitter:card\" content=\"summary_large_image\" \/>\n<meta name=\"twitter:label1\" content=\"Written by\" \/>\n\t<meta name=\"twitter:data1\" content=\"\" \/>\n\t<meta name=\"twitter:label2\" content=\"Est. reading time\" \/>\n\t<meta name=\"twitter:data2\" content=\"3 minutes\" \/>\n<script type=\"application\/ld+json\" class=\"yoast-schema-graph\">{\"@context\":\"https:\/\/schema.org\",\"@graph\":[{\"@type\":\"WebPage\",\"@id\":\"https:\/\/sport.luiss.it\/2014\/10\/23\/serie-b-al-palaluiss-arriva-senigallia\/\",\"url\":\"https:\/\/sport.luiss.it\/2014\/10\/23\/serie-b-al-palaluiss-arriva-senigallia\/\",\"name\":\"Serie B: al PalaLUISS arriva Senigallia - Luiss Sport - Luiss Guido Carli\",\"isPartOf\":{\"@id\":\"https:\/\/sport.luiss.it\/#website\"},\"primaryImageOfPage\":{\"@id\":\"https:\/\/sport.luiss.it\/2014\/10\/23\/serie-b-al-palaluiss-arriva-senigallia\/#primaryimage\"},\"image\":{\"@id\":\"https:\/\/sport.luiss.it\/2014\/10\/23\/serie-b-al-palaluiss-arriva-senigallia\/#primaryimage\"},\"thumbnailUrl\":\"\",\"datePublished\":\"2014-10-23T10:12:22+00:00\",\"author\":{\"@id\":\"\"},\"breadcrumb\":{\"@id\":\"https:\/\/sport.luiss.it\/2014\/10\/23\/serie-b-al-palaluiss-arriva-senigallia\/#breadcrumb\"},\"inLanguage\":\"en-US\",\"potentialAction\":[{\"@type\":\"ReadAction\",\"target\":[\"https:\/\/sport.luiss.it\/2014\/10\/23\/serie-b-al-palaluiss-arriva-senigallia\/\"]}]},{\"@type\":\"ImageObject\",\"inLanguage\":\"en-US\",\"@id\":\"https:\/\/sport.luiss.it\/2014\/10\/23\/serie-b-al-palaluiss-arriva-senigallia\/#primaryimage\",\"url\":\"\",\"contentUrl\":\"\"},{\"@type\":\"BreadcrumbList\",\"@id\":\"https:\/\/sport.luiss.it\/2014\/10\/23\/serie-b-al-palaluiss-arriva-senigallia\/#breadcrumb\",\"itemListElement\":[{\"@type\":\"ListItem\",\"position\":1,\"name\":\"Home\",\"item\":\"https:\/\/sport.luiss.it\/en\/\"},{\"@type\":\"ListItem\",\"position\":2,\"name\":\"Serie B: al PalaLUISS arriva Senigallia\"}]},{\"@type\":\"WebSite\",\"@id\":\"https:\/\/sport.luiss.it\/#website\",\"url\":\"https:\/\/sport.luiss.it\/\",\"name\":\"Luiss Sport - Luiss Guido Carli\",\"description\":\"Luiss Sport\",\"potentialAction\":[{\"@type\":\"SearchAction\",\"target\":{\"@type\":\"EntryPoint\",\"urlTemplate\":\"https:\/\/sport.luiss.it\/?s={search_term_string}\"},\"query-input\":{\"@type\":\"PropertyValueSpecification\",\"valueRequired\":true,\"valueName\":\"search_term_string\"}}],\"inLanguage\":\"en-US\"},{\"@type\":\"Person\",\"@id\":\"\"}]}<\/script>\n<!-- \/ Yoast SEO plugin. -->","yoast_head_json":{"title":"Serie B: al PalaLUISS arriva Senigallia - Luiss Sport - Luiss Guido Carli","robots":{"index":"index","follow":"follow","max-snippet":"max-snippet:-1","max-image-preview":"max-image-preview:large","max-video-preview":"max-video-preview:-1"},"canonical":"https:\/\/sport.luiss.it\/2014\/10\/23\/serie-b-al-palaluiss-arriva-senigallia\/","og_locale":"en_US","og_type":"article","og_title":"Serie B: al PalaLUISS arriva Senigallia - Luiss Sport - Luiss Guido Carli","og_description":"\u00c8 di nuovo tempo di PalaLUISS per l\u2019ASD LUISS Roma che sabato 25 ottobre alle 18 affronter\u00e0 tra le mura amiche la Pallacanestro Senigallia in occasione del quarto turno del [&hellip;]","og_url":"https:\/\/sport.luiss.it\/2014\/10\/23\/serie-b-al-palaluiss-arriva-senigallia\/","og_site_name":"Luiss Sport - Luiss Guido Carli","article_publisher":"https:\/\/www.facebook.com\/sportluiss\/","article_published_time":"2014-10-23T10:12:22+00:00","twitter_card":"summary_large_image","twitter_misc":{"Written by":"","Est. reading time":"3 minutes"},"schema":{"@context":"https:\/\/schema.org","@graph":[{"@type":"WebPage","@id":"https:\/\/sport.luiss.it\/2014\/10\/23\/serie-b-al-palaluiss-arriva-senigallia\/","url":"https:\/\/sport.luiss.it\/2014\/10\/23\/serie-b-al-palaluiss-arriva-senigallia\/","name":"Serie B: al PalaLUISS arriva Senigallia - Luiss Sport - Luiss Guido Carli","isPartOf":{"@id":"https:\/\/sport.luiss.it\/#website"},"primaryImageOfPage":{"@id":"https:\/\/sport.luiss.it\/2014\/10\/23\/serie-b-al-palaluiss-arriva-senigallia\/#primaryimage"},"image":{"@id":"https:\/\/sport.luiss.it\/2014\/10\/23\/serie-b-al-palaluiss-arriva-senigallia\/#primaryimage"},"thumbnailUrl":"","datePublished":"2014-10-23T10:12:22+00:00","author":{"@id":""},"breadcrumb":{"@id":"https:\/\/sport.luiss.it\/2014\/10\/23\/serie-b-al-palaluiss-arriva-senigallia\/#breadcrumb"},"inLanguage":"en-US","potentialAction":[{"@type":"ReadAction","target":["https:\/\/sport.luiss.it\/2014\/10\/23\/serie-b-al-palaluiss-arriva-senigallia\/"]}]},{"@type":"ImageObject","inLanguage":"en-US","@id":"https:\/\/sport.luiss.it\/2014\/10\/23\/serie-b-al-palaluiss-arriva-senigallia\/#primaryimage","url":"","contentUrl":""},{"@type":"BreadcrumbList","@id":"https:\/\/sport.luiss.it\/2014\/10\/23\/serie-b-al-palaluiss-arriva-senigallia\/#breadcrumb","itemListElement":[{"@type":"ListItem","position":1,"name":"Home","item":"https:\/\/sport.luiss.it\/en\/"},{"@type":"ListItem","position":2,"name":"Serie B: al PalaLUISS arriva Senigallia"}]},{"@type":"WebSite","@id":"https:\/\/sport.luiss.it\/#website","url":"https:\/\/sport.luiss.it\/","name":"Luiss Sport - Luiss Guido Carli","description":"Luiss Sport","potentialAction":[{"@type":"SearchAction","target":{"@type":"EntryPoint","urlTemplate":"https:\/\/sport.luiss.it\/?s={search_term_string}"},"query-input":{"@type":"PropertyValueSpecification","valueRequired":true,"valueName":"search_term_string"}}],"inLanguage":"en-US"},{"@type":"Person","@id":""}]}},"_links":{"self":[{"href":"https:\/\/sport.luiss.it\/en\/wp-json\/wp\/v2\/posts\/8015","targetHints":{"allow":["GET"]}}],"collection":[{"href":"https:\/\/sport.luiss.it\/en\/wp-json\/wp\/v2\/posts"}],"about":[{"href":"https:\/\/sport.luiss.it\/en\/wp-json\/wp\/v2\/types\/post"}],"author":[{"embeddable":true,"href":"https:\/\/sport.luiss.it\/en\/wp-json\/wp\/v2\/users\/441"}],"replies":[{"embeddable":true,"href":"https:\/\/sport.luiss.it\/en\/wp-json\/wp\/v2\/comments?post=8015"}],"version-history":[{"count":0,"href":"https:\/\/sport.luiss.it\/en\/wp-json\/wp\/v2\/posts\/8015\/revisions"}],"wp:featuredmedia":[{"embeddable":true,"href":"https:\/\/sport.luiss.it\/en\/wp-json\/"}],"wp:attachment":[{"href":"https:\/\/sport.luiss.it\/en\/wp-json\/wp\/v2\/media?parent=8015"}],"wp:term":[{"taxonomy":"category","embeddable":true,"href":"https:\/\/sport.luiss.it\/en\/wp-json\/wp\/v2\/categories?post=8015"},{"taxonomy":"post_tag","embeddable":true,"href":"https:\/\/sport.luiss.it\/en\/wp-json\/wp\/v2\/tags?post=8015"}],"curies":[{"name":"wp","href":"https:\/\/api.w.org\/{rel}","templated":true}]}}