
{"id":8075,"date":"2014-10-30T10:34:52","date_gmt":"2014-10-30T10:34:52","guid":{"rendered":"https:\/\/sport.luiss.it\/?p=8075"},"modified":"2014-10-30T10:34:52","modified_gmt":"2014-10-30T10:34:52","slug":"basket-sabato-1-derby-al-palaluiss","status":"publish","type":"post","link":"https:\/\/sport.luiss.it\/en\/2014\/10\/30\/basket-sabato-1-derby-al-palaluiss\/","title":{"rendered":"Basket: sabato 1 derby al PalaLUISS"},"content":{"rendered":"<p><a href=\"https:\/\/sport.luiss.it\/wp-content\/uploads\/2014\/10\/DERBY.jpg\"><img loading=\"lazy\" decoding=\"async\" class=\"alignleft wp-image-8076 size-full\" src=\"https:\/\/sport.luiss.it\/wp-content\/uploads\/2014\/10\/DERBY.jpg\" alt=\"DERBY\" width=\"300\" height=\"435\" \/><\/a>Dopo la gara con la Pallacanestro Senigallia, giocher\u00e0 la seconda partita casalinga consecutiva l\u2019ASD LUISS che sabato 1 novembre ospiter\u00e0 la<strong> Stella Azzurra Roma<\/strong> in occasione del quinto turno stagionale del campionato nazionale di serie B.<\/p>\n<p>Primo derby dell\u2019anno, quindi, per le due squadre che arrivano a quest\u2019appuntamento con la stessa grande voglia di conquistare i primi due punti stagionali soprattutto gli universitari che sono andati vicino alla vittoria nell\u2019ultimo turno con Senigallia, ma anche in precedenza con le corazzate Palestrina e Rieti.<\/p>\n<p>Sar\u00e0 comunque <strong>un derby tra due societ\u00e0 amiche quello che andr\u00e0 in scena al PalaLUISS<\/strong>, perch\u00e9 l\u2019ASD LUISS e la Stella Azzurra hanno stipulato un accordo sulla base dell\u2019importanza che l\u2019istruzione e la formazione hanno sui giovani, con la possibilit\u00e0 quindi per i ragazzi stellini di entrare, una volta conseguito il diploma liceale, a far parte del progetto luissino dopo aver terminato il percorso nell\u2019Academy della Stella, vera fucina di talenti. Un altro aspetto che render\u00e0 questa gara pi\u00f9 particolare delle altre \u00e8 la presenza di Andrea Paccari\u00e8, attualmente Coach dell\u2019ASD LUISS e contestualmente consulente per lo sviluppo tecnico della societ\u00e0 stellata, dopo esserne stato anche Direttore Generale nel 2003, proprio all\u2019indomani della sua prima esperienza sulla panchina luissina.<\/p>\n<p>Saranno quindi molti gli incroci di questo derby ed \u00e8 proprio <strong>Coach Paccari\u00e8<\/strong> a parlare alla vigilia della sfida che inaugurer\u00e0 il mese di novembre: \u201c<em>Sar\u00e0 una partita abbastanza delicata perch\u00e9 nonostante i miglioramenti evidenti dal punto di vista dell\u2019agonismo e della continuit\u00e0 che abbiamo dimostrato, come si suol dire in questi momenti la classifica langue e quindi diventa adesso importantissimo riuscire a schiodarsi dall\u2019ultimo posto e cominciare a marciare verso la salvezza, anche considerando che la settimana prossima avremo un\u2019altra partita difficile a Montegranaro. Per quanto riguarda la Stella Azzurra<\/em> \u2013 continua l\u2019headcoach biancoblu \u2013 <em>non bisogna fare confusione tra l\u2019et\u00e0 anagrafica e quella cestistica dei ragazzi, perch\u00e9 hanno tutti grandissima esperienza di pallacanestro giocata, grazie a campionati giovanili di altissimo livello e a tante presenze nelle Nazionali giovanili, quindi possiamo dire che rappresentano quasi dei \u2018falsi giovani\u2019, avendo macinato ore e ore di basket di un certo peso. Per noi, invece,\u00a0la settimana procede in maniera normale, senza intoppi, e speriamo di presentarci sabato perlomeno con lo stesso spirito di competitivit\u00e0 con cui abbiamo affrontato le ultime tre gare.\u201d<\/em><\/p>\n<p>Il match tra ASD LUISS e Stella Azzurra Roma si giocher\u00e0<strong> sabato 1 novembre alle 18 al PalaLUISS di Piazza Mancini di Roma<\/strong>, dove ad arbitrare sono chiamati i Signori Daniele Valleriani di Ferentino (FR) e Gianluca Leonelli di Narni (TR).<\/p>\n<p><strong>Danila Di Biase<\/strong><br \/>\n<strong>ASD LUISS<\/strong><\/p>\n","protected":false},"excerpt":{"rendered":"<p>Dopo la gara con la Pallacanestro Senigallia, giocher\u00e0 la seconda partita casalinga consecutiva l\u2019ASD LUISS che sabato 1 novembre ospiter\u00e0 la Stella Azzurra Roma in occasione del quinto turno stagionale [&hellip;]<\/p>\n","protected":false},"author":441,"featured_media":8076,"comment_status":"closed","ping_status":"closed","sticky":false,"template":"","format":"standard","meta":{"_monsterinsights_skip_tracking":false,"_monsterinsights_sitenote_active":false,"_monsterinsights_sitenote_note":"","_monsterinsights_sitenote_category":0,"footnotes":""},"categories":[114],"tags":[],"class_list":["post-8075","post","type-post","status-publish","format-standard","has-post-thumbnail","hentry","category-news-basket-c"],"yoast_head":"<!-- This site is optimized with the Yoast SEO plugin v26.5 - https:\/\/yoast.com\/wordpress\/plugins\/seo\/ -->\n<title>Basket: sabato 1 derby al PalaLUISS - Luiss Sport - Luiss Guido Carli<\/title>\n<meta name=\"robots\" content=\"index, follow, max-snippet:-1, max-image-preview:large, max-video-preview:-1\" \/>\n<link rel=\"canonical\" href=\"https:\/\/sport.luiss.it\/2014\/10\/30\/basket-sabato-1-derby-al-palaluiss\/\" \/>\n<meta property=\"og:locale\" content=\"en_US\" \/>\n<meta property=\"og:type\" content=\"article\" \/>\n<meta property=\"og:title\" content=\"Basket: sabato 1 derby al PalaLUISS - Luiss Sport - Luiss Guido Carli\" \/>\n<meta property=\"og:description\" content=\"Dopo la gara con la Pallacanestro Senigallia, giocher\u00e0 la seconda partita casalinga consecutiva l\u2019ASD LUISS che sabato 1 novembre ospiter\u00e0 la Stella Azzurra Roma in occasione del quinto turno stagionale [&hellip;]\" \/>\n<meta property=\"og:url\" content=\"https:\/\/sport.luiss.it\/2014\/10\/30\/basket-sabato-1-derby-al-palaluiss\/\" \/>\n<meta property=\"og:site_name\" content=\"Luiss Sport - Luiss Guido Carli\" \/>\n<meta property=\"article:publisher\" content=\"https:\/\/www.facebook.com\/sportluiss\/\" \/>\n<meta property=\"article:published_time\" content=\"2014-10-30T10:34:52+00:00\" \/>\n<meta name=\"twitter:card\" content=\"summary_large_image\" \/>\n<meta name=\"twitter:label1\" content=\"Written by\" \/>\n\t<meta name=\"twitter:data1\" content=\"\" \/>\n\t<meta name=\"twitter:label2\" content=\"Est. reading time\" \/>\n\t<meta name=\"twitter:data2\" content=\"2 minutes\" \/>\n<script type=\"application\/ld+json\" class=\"yoast-schema-graph\">{\"@context\":\"https:\/\/schema.org\",\"@graph\":[{\"@type\":\"WebPage\",\"@id\":\"https:\/\/sport.luiss.it\/2014\/10\/30\/basket-sabato-1-derby-al-palaluiss\/\",\"url\":\"https:\/\/sport.luiss.it\/2014\/10\/30\/basket-sabato-1-derby-al-palaluiss\/\",\"name\":\"Basket: sabato 1 derby al PalaLUISS - Luiss Sport - Luiss Guido Carli\",\"isPartOf\":{\"@id\":\"https:\/\/sport.luiss.it\/#website\"},\"primaryImageOfPage\":{\"@id\":\"https:\/\/sport.luiss.it\/2014\/10\/30\/basket-sabato-1-derby-al-palaluiss\/#primaryimage\"},\"image\":{\"@id\":\"https:\/\/sport.luiss.it\/2014\/10\/30\/basket-sabato-1-derby-al-palaluiss\/#primaryimage\"},\"thumbnailUrl\":\"\",\"datePublished\":\"2014-10-30T10:34:52+00:00\",\"author\":{\"@id\":\"\"},\"breadcrumb\":{\"@id\":\"https:\/\/sport.luiss.it\/2014\/10\/30\/basket-sabato-1-derby-al-palaluiss\/#breadcrumb\"},\"inLanguage\":\"en-US\",\"potentialAction\":[{\"@type\":\"ReadAction\",\"target\":[\"https:\/\/sport.luiss.it\/2014\/10\/30\/basket-sabato-1-derby-al-palaluiss\/\"]}]},{\"@type\":\"ImageObject\",\"inLanguage\":\"en-US\",\"@id\":\"https:\/\/sport.luiss.it\/2014\/10\/30\/basket-sabato-1-derby-al-palaluiss\/#primaryimage\",\"url\":\"\",\"contentUrl\":\"\"},{\"@type\":\"BreadcrumbList\",\"@id\":\"https:\/\/sport.luiss.it\/2014\/10\/30\/basket-sabato-1-derby-al-palaluiss\/#breadcrumb\",\"itemListElement\":[{\"@type\":\"ListItem\",\"position\":1,\"name\":\"Home\",\"item\":\"https:\/\/sport.luiss.it\/en\/\"},{\"@type\":\"ListItem\",\"position\":2,\"name\":\"Basket: sabato 1 derby al PalaLUISS\"}]},{\"@type\":\"WebSite\",\"@id\":\"https:\/\/sport.luiss.it\/#website\",\"url\":\"https:\/\/sport.luiss.it\/\",\"name\":\"Luiss Sport - Luiss Guido Carli\",\"description\":\"Luiss Sport\",\"potentialAction\":[{\"@type\":\"SearchAction\",\"target\":{\"@type\":\"EntryPoint\",\"urlTemplate\":\"https:\/\/sport.luiss.it\/?s={search_term_string}\"},\"query-input\":{\"@type\":\"PropertyValueSpecification\",\"valueRequired\":true,\"valueName\":\"search_term_string\"}}],\"inLanguage\":\"en-US\"},{\"@type\":\"Person\",\"@id\":\"\"}]}<\/script>\n<!-- \/ Yoast SEO plugin. -->","yoast_head_json":{"title":"Basket: sabato 1 derby al PalaLUISS - Luiss Sport - Luiss Guido Carli","robots":{"index":"index","follow":"follow","max-snippet":"max-snippet:-1","max-image-preview":"max-image-preview:large","max-video-preview":"max-video-preview:-1"},"canonical":"https:\/\/sport.luiss.it\/2014\/10\/30\/basket-sabato-1-derby-al-palaluiss\/","og_locale":"en_US","og_type":"article","og_title":"Basket: sabato 1 derby al PalaLUISS - Luiss Sport - Luiss Guido Carli","og_description":"Dopo la gara con la Pallacanestro Senigallia, giocher\u00e0 la seconda partita casalinga consecutiva l\u2019ASD LUISS che sabato 1 novembre ospiter\u00e0 la Stella Azzurra Roma in occasione del quinto turno stagionale [&hellip;]","og_url":"https:\/\/sport.luiss.it\/2014\/10\/30\/basket-sabato-1-derby-al-palaluiss\/","og_site_name":"Luiss Sport - Luiss Guido Carli","article_publisher":"https:\/\/www.facebook.com\/sportluiss\/","article_published_time":"2014-10-30T10:34:52+00:00","twitter_card":"summary_large_image","twitter_misc":{"Written by":"","Est. reading time":"2 minutes"},"schema":{"@context":"https:\/\/schema.org","@graph":[{"@type":"WebPage","@id":"https:\/\/sport.luiss.it\/2014\/10\/30\/basket-sabato-1-derby-al-palaluiss\/","url":"https:\/\/sport.luiss.it\/2014\/10\/30\/basket-sabato-1-derby-al-palaluiss\/","name":"Basket: sabato 1 derby al PalaLUISS - Luiss Sport - Luiss Guido Carli","isPartOf":{"@id":"https:\/\/sport.luiss.it\/#website"},"primaryImageOfPage":{"@id":"https:\/\/sport.luiss.it\/2014\/10\/30\/basket-sabato-1-derby-al-palaluiss\/#primaryimage"},"image":{"@id":"https:\/\/sport.luiss.it\/2014\/10\/30\/basket-sabato-1-derby-al-palaluiss\/#primaryimage"},"thumbnailUrl":"","datePublished":"2014-10-30T10:34:52+00:00","author":{"@id":""},"breadcrumb":{"@id":"https:\/\/sport.luiss.it\/2014\/10\/30\/basket-sabato-1-derby-al-palaluiss\/#breadcrumb"},"inLanguage":"en-US","potentialAction":[{"@type":"ReadAction","target":["https:\/\/sport.luiss.it\/2014\/10\/30\/basket-sabato-1-derby-al-palaluiss\/"]}]},{"@type":"ImageObject","inLanguage":"en-US","@id":"https:\/\/sport.luiss.it\/2014\/10\/30\/basket-sabato-1-derby-al-palaluiss\/#primaryimage","url":"","contentUrl":""},{"@type":"BreadcrumbList","@id":"https:\/\/sport.luiss.it\/2014\/10\/30\/basket-sabato-1-derby-al-palaluiss\/#breadcrumb","itemListElement":[{"@type":"ListItem","position":1,"name":"Home","item":"https:\/\/sport.luiss.it\/en\/"},{"@type":"ListItem","position":2,"name":"Basket: sabato 1 derby al PalaLUISS"}]},{"@type":"WebSite","@id":"https:\/\/sport.luiss.it\/#website","url":"https:\/\/sport.luiss.it\/","name":"Luiss Sport - Luiss Guido Carli","description":"Luiss Sport","potentialAction":[{"@type":"SearchAction","target":{"@type":"EntryPoint","urlTemplate":"https:\/\/sport.luiss.it\/?s={search_term_string}"},"query-input":{"@type":"PropertyValueSpecification","valueRequired":true,"valueName":"search_term_string"}}],"inLanguage":"en-US"},{"@type":"Person","@id":""}]}},"_links":{"self":[{"href":"https:\/\/sport.luiss.it\/en\/wp-json\/wp\/v2\/posts\/8075","targetHints":{"allow":["GET"]}}],"collection":[{"href":"https:\/\/sport.luiss.it\/en\/wp-json\/wp\/v2\/posts"}],"about":[{"href":"https:\/\/sport.luiss.it\/en\/wp-json\/wp\/v2\/types\/post"}],"author":[{"embeddable":true,"href":"https:\/\/sport.luiss.it\/en\/wp-json\/wp\/v2\/users\/441"}],"replies":[{"embeddable":true,"href":"https:\/\/sport.luiss.it\/en\/wp-json\/wp\/v2\/comments?post=8075"}],"version-history":[{"count":0,"href":"https:\/\/sport.luiss.it\/en\/wp-json\/wp\/v2\/posts\/8075\/revisions"}],"wp:featuredmedia":[{"embeddable":true,"href":"https:\/\/sport.luiss.it\/en\/wp-json\/"}],"wp:attachment":[{"href":"https:\/\/sport.luiss.it\/en\/wp-json\/wp\/v2\/media?parent=8075"}],"wp:term":[{"taxonomy":"category","embeddable":true,"href":"https:\/\/sport.luiss.it\/en\/wp-json\/wp\/v2\/categories?post=8075"},{"taxonomy":"post_tag","embeddable":true,"href":"https:\/\/sport.luiss.it\/en\/wp-json\/wp\/v2\/tags?post=8075"}],"curies":[{"name":"wp","href":"https:\/\/api.w.org\/{rel}","templated":true}]}}