
{"id":8113,"date":"2014-11-07T06:30:38","date_gmt":"2014-11-07T06:30:38","guid":{"rendered":"https:\/\/sport.luiss.it\/?p=8113"},"modified":"2014-11-07T06:30:38","modified_gmt":"2014-11-07T06:30:38","slug":"serie-b-la-luiss-ospite-della-capolista-montegranaro","status":"publish","type":"post","link":"https:\/\/sport.luiss.it\/en\/2014\/11\/07\/serie-b-la-luiss-ospite-della-capolista-montegranaro\/","title":{"rendered":"Serie B: la LUISS ospite della capolista Montegranaro"},"content":{"rendered":"<p><a href=\"https:\/\/sport.luiss.it\/wp-content\/uploads\/2014\/11\/Fulgaro-e-Pederzoli.jpg\"><img loading=\"lazy\" decoding=\"async\" class=\"alignleft wp-image-8114 size-medium\" src=\"https:\/\/sport.luiss.it\/wp-content\/uploads\/2014\/11\/Fulgaro-e-Pederzoli-242x300.jpg\" alt=\"Fulgaro e Pederzoli\" width=\"242\" height=\"300\" \/><\/a>Sar\u00e0 la <strong>Dino Bigioni Shoes Montegranaro<\/strong> la prossima avversaria dell\u2019ASD LUISS Roma che domenica 9 novembre render\u00e0 visita alla capolista del girone C del campionato nazionale di serie B.<\/p>\n<p>La formazione guidata da Furio Steff\u00e8 guida infatti la classifica in compagnia della Citysightseeing Palestrina a quota 10 punti, frutto di 5 vittorie sulle altrettante partite sinora disputate. Gli universitari si troveranno quindi di fronte ad una gara di grande difficolt\u00e0 che li vedr\u00e0 affrontare giocatori che hanno svolto gran parte della loro carriera in categorie superiori e che vogliono regalare alla citt\u00e0 marchigiana la gioia della promozione in A2 al termine di questa stagione. Sono infatti <strong>Simone Gatti, Riccardo Coviello, Paolo Berdini, Nicol\u00f2 Ravazzani, Nicola Temperini<\/strong> e l\u2019ultimo arrivato <strong>Marko Micevic<\/strong> a rendere la formazione gialloblu tra le maggiormente accreditate alla vittoria finale del campionato, come gi\u00e0 ampiamente dimostrato in questa prima parte di stagione.<\/p>\n<p>Nell\u2019ultimo turno la squadra di Steff\u00e8 ha espugnato il campo dei Crabs Rimini con un netto 88-70, mentre nelle due gare casalinghe disputate al Palasport di Montegranaro il team caro alla famiglia Bigioni aveva vinto senza troppi problemi con Viterbo (+25) e Fondi (+41).<strong> La LUISS<\/strong> si recher\u00e0 quindi nelle Marche <strong>per provare ad ottenere la seconda vittoria consecutiva<\/strong>, dopo aver sbloccato la propria classifica battendo nel derby la Stella Azzurra Roma per 82-50, con una convincente prestazione corale di tutti i ragazzi a disposizione di Paccari\u00e8.<\/p>\n<p>\u00c8 <strong>Matteo Pederzoli<\/strong>, vice-allenatore luissino, a presentare la gara contro la corazzata Montegranaro: <em>\u201cAffronteremo una squadra attrezzata sotto tutti i punti di vista, sia sui numeri che sul gioco, inoltre lo faremo in casa loro dove i primi risultati dimostrano che non mollano mai e che fanno sempre ottime prestazioni. Per noi \u00e8 un test importante per vedere come possiamo davvero giocarcela con tutti, anche con le squadre pi\u00f9 blasonate. Sicuramente non andremo a Montegranaro per vedere com\u2019\u00e8 la citt\u00e0, ma <strong>per renderci conto di quanto siamo in grado di competere con una formazione cos\u00ec forte<\/strong> e per capire in che modo possiamo metterla in difficolt\u00e0. Il derby con la Stella<\/em> \u2013 continua Pederzoli \u2013 <em>ci d\u00e0 fiducia perch\u00e9 quando abbiamo iniziato a difendere e a giocare con i ritmi che ci sono consoni siamo riusciti a vincere, e a farlo bene. Avevamo gi\u00e0 dimostrato con Rieti, Palestrina e Senigallia che se giochiamo a ritmi alti possiamo competere con squadre anche di livello superiore, quindi andremo a Montegranaro curiosi di disputare questa sfida e di giocarcela contro giocatori cos\u00ec forti per la categoria. Abbiamo avuto qualche defezione in settimana, ma <strong>la nostra forza \u00e8 quella di poter fare affidamento su 16 giocatori<\/strong>, e questo ci permette di sopperire a determinate assenze senza problemi, d\u2019altronde questa \u00e8 la nostra forza, perch\u00e9 se ognuno fa il suo, come dimostrato nella gara di sabato scorso, possiamo fare molto bene.\u201d<\/em><\/p>\n<p>Il match tra la Dino Bigioni Shoes Montegranaro e l\u2019ASD LUISS Roma andr\u00e0 in scena <strong>domenica 9 novembre alle 18 al Palasport di Montegranaro (FM)<\/strong> dove ad arbitrare sono chiamati i Signori Carlo Posti di Marsciano (PG) e Michele Fanesi di Ancona.<\/p>\n<p>Sar\u00e0 possibile seguire l\u2019andamento della partita sulle pagine social di facebook (Sport Luiss) e twitter (@SportLUISS) con l\u2019hashtag #MontegranaroLuiss.<\/p>\n<p><strong>Danila Di Biase<\/strong><br \/>\n<strong>ASD LUISS<\/strong><\/p>\n","protected":false},"excerpt":{"rendered":"<p>Sar\u00e0 la Dino Bigioni Shoes Montegranaro la prossima avversaria dell\u2019ASD LUISS Roma che domenica 9 novembre render\u00e0 visita alla capolista del girone C del campionato nazionale di serie B. La [&hellip;]<\/p>\n","protected":false},"author":441,"featured_media":8114,"comment_status":"closed","ping_status":"closed","sticky":false,"template":"","format":"standard","meta":{"_monsterinsights_skip_tracking":false,"_monsterinsights_sitenote_active":false,"_monsterinsights_sitenote_note":"","_monsterinsights_sitenote_category":0,"footnotes":""},"categories":[114],"tags":[],"class_list":["post-8113","post","type-post","status-publish","format-standard","has-post-thumbnail","hentry","category-news-basket-c"],"yoast_head":"<!-- This site is optimized with the Yoast SEO plugin v26.5 - https:\/\/yoast.com\/wordpress\/plugins\/seo\/ -->\n<title>Serie B: la LUISS ospite della capolista Montegranaro - Luiss Sport - Luiss Guido Carli<\/title>\n<meta name=\"robots\" content=\"index, follow, max-snippet:-1, max-image-preview:large, max-video-preview:-1\" \/>\n<link rel=\"canonical\" href=\"https:\/\/sport.luiss.it\/2014\/11\/07\/serie-b-la-luiss-ospite-della-capolista-montegranaro\/\" \/>\n<meta property=\"og:locale\" content=\"en_US\" \/>\n<meta property=\"og:type\" content=\"article\" \/>\n<meta property=\"og:title\" content=\"Serie B: la LUISS ospite della capolista Montegranaro - Luiss Sport - Luiss Guido Carli\" \/>\n<meta property=\"og:description\" content=\"Sar\u00e0 la Dino Bigioni Shoes Montegranaro la prossima avversaria dell\u2019ASD LUISS Roma che domenica 9 novembre render\u00e0 visita alla capolista del girone C del campionato nazionale di serie B. La [&hellip;]\" \/>\n<meta property=\"og:url\" content=\"https:\/\/sport.luiss.it\/2014\/11\/07\/serie-b-la-luiss-ospite-della-capolista-montegranaro\/\" \/>\n<meta property=\"og:site_name\" content=\"Luiss Sport - Luiss Guido Carli\" \/>\n<meta property=\"article:publisher\" content=\"https:\/\/www.facebook.com\/sportluiss\/\" \/>\n<meta property=\"article:published_time\" content=\"2014-11-07T06:30:38+00:00\" \/>\n<meta name=\"twitter:card\" content=\"summary_large_image\" \/>\n<meta name=\"twitter:label1\" content=\"Written by\" \/>\n\t<meta name=\"twitter:data1\" content=\"\" \/>\n\t<meta name=\"twitter:label2\" content=\"Est. reading time\" \/>\n\t<meta name=\"twitter:data2\" content=\"3 minutes\" \/>\n<script type=\"application\/ld+json\" class=\"yoast-schema-graph\">{\"@context\":\"https:\/\/schema.org\",\"@graph\":[{\"@type\":\"WebPage\",\"@id\":\"https:\/\/sport.luiss.it\/2014\/11\/07\/serie-b-la-luiss-ospite-della-capolista-montegranaro\/\",\"url\":\"https:\/\/sport.luiss.it\/2014\/11\/07\/serie-b-la-luiss-ospite-della-capolista-montegranaro\/\",\"name\":\"Serie B: la LUISS ospite della capolista Montegranaro - Luiss Sport - Luiss Guido Carli\",\"isPartOf\":{\"@id\":\"https:\/\/sport.luiss.it\/#website\"},\"primaryImageOfPage\":{\"@id\":\"https:\/\/sport.luiss.it\/2014\/11\/07\/serie-b-la-luiss-ospite-della-capolista-montegranaro\/#primaryimage\"},\"image\":{\"@id\":\"https:\/\/sport.luiss.it\/2014\/11\/07\/serie-b-la-luiss-ospite-della-capolista-montegranaro\/#primaryimage\"},\"thumbnailUrl\":\"\",\"datePublished\":\"2014-11-07T06:30:38+00:00\",\"author\":{\"@id\":\"\"},\"breadcrumb\":{\"@id\":\"https:\/\/sport.luiss.it\/2014\/11\/07\/serie-b-la-luiss-ospite-della-capolista-montegranaro\/#breadcrumb\"},\"inLanguage\":\"en-US\",\"potentialAction\":[{\"@type\":\"ReadAction\",\"target\":[\"https:\/\/sport.luiss.it\/2014\/11\/07\/serie-b-la-luiss-ospite-della-capolista-montegranaro\/\"]}]},{\"@type\":\"ImageObject\",\"inLanguage\":\"en-US\",\"@id\":\"https:\/\/sport.luiss.it\/2014\/11\/07\/serie-b-la-luiss-ospite-della-capolista-montegranaro\/#primaryimage\",\"url\":\"\",\"contentUrl\":\"\"},{\"@type\":\"BreadcrumbList\",\"@id\":\"https:\/\/sport.luiss.it\/2014\/11\/07\/serie-b-la-luiss-ospite-della-capolista-montegranaro\/#breadcrumb\",\"itemListElement\":[{\"@type\":\"ListItem\",\"position\":1,\"name\":\"Home\",\"item\":\"https:\/\/sport.luiss.it\/en\/\"},{\"@type\":\"ListItem\",\"position\":2,\"name\":\"Serie B: la LUISS ospite della capolista Montegranaro\"}]},{\"@type\":\"WebSite\",\"@id\":\"https:\/\/sport.luiss.it\/#website\",\"url\":\"https:\/\/sport.luiss.it\/\",\"name\":\"Luiss Sport - Luiss Guido Carli\",\"description\":\"Luiss Sport\",\"potentialAction\":[{\"@type\":\"SearchAction\",\"target\":{\"@type\":\"EntryPoint\",\"urlTemplate\":\"https:\/\/sport.luiss.it\/?s={search_term_string}\"},\"query-input\":{\"@type\":\"PropertyValueSpecification\",\"valueRequired\":true,\"valueName\":\"search_term_string\"}}],\"inLanguage\":\"en-US\"},{\"@type\":\"Person\",\"@id\":\"\"}]}<\/script>\n<!-- \/ Yoast SEO plugin. -->","yoast_head_json":{"title":"Serie B: la LUISS ospite della capolista Montegranaro - Luiss Sport - Luiss Guido Carli","robots":{"index":"index","follow":"follow","max-snippet":"max-snippet:-1","max-image-preview":"max-image-preview:large","max-video-preview":"max-video-preview:-1"},"canonical":"https:\/\/sport.luiss.it\/2014\/11\/07\/serie-b-la-luiss-ospite-della-capolista-montegranaro\/","og_locale":"en_US","og_type":"article","og_title":"Serie B: la LUISS ospite della capolista Montegranaro - Luiss Sport - Luiss Guido Carli","og_description":"Sar\u00e0 la Dino Bigioni Shoes Montegranaro la prossima avversaria dell\u2019ASD LUISS Roma che domenica 9 novembre render\u00e0 visita alla capolista del girone C del campionato nazionale di serie B. La [&hellip;]","og_url":"https:\/\/sport.luiss.it\/2014\/11\/07\/serie-b-la-luiss-ospite-della-capolista-montegranaro\/","og_site_name":"Luiss Sport - Luiss Guido Carli","article_publisher":"https:\/\/www.facebook.com\/sportluiss\/","article_published_time":"2014-11-07T06:30:38+00:00","twitter_card":"summary_large_image","twitter_misc":{"Written by":"","Est. reading time":"3 minutes"},"schema":{"@context":"https:\/\/schema.org","@graph":[{"@type":"WebPage","@id":"https:\/\/sport.luiss.it\/2014\/11\/07\/serie-b-la-luiss-ospite-della-capolista-montegranaro\/","url":"https:\/\/sport.luiss.it\/2014\/11\/07\/serie-b-la-luiss-ospite-della-capolista-montegranaro\/","name":"Serie B: la LUISS ospite della capolista Montegranaro - Luiss Sport - Luiss Guido Carli","isPartOf":{"@id":"https:\/\/sport.luiss.it\/#website"},"primaryImageOfPage":{"@id":"https:\/\/sport.luiss.it\/2014\/11\/07\/serie-b-la-luiss-ospite-della-capolista-montegranaro\/#primaryimage"},"image":{"@id":"https:\/\/sport.luiss.it\/2014\/11\/07\/serie-b-la-luiss-ospite-della-capolista-montegranaro\/#primaryimage"},"thumbnailUrl":"","datePublished":"2014-11-07T06:30:38+00:00","author":{"@id":""},"breadcrumb":{"@id":"https:\/\/sport.luiss.it\/2014\/11\/07\/serie-b-la-luiss-ospite-della-capolista-montegranaro\/#breadcrumb"},"inLanguage":"en-US","potentialAction":[{"@type":"ReadAction","target":["https:\/\/sport.luiss.it\/2014\/11\/07\/serie-b-la-luiss-ospite-della-capolista-montegranaro\/"]}]},{"@type":"ImageObject","inLanguage":"en-US","@id":"https:\/\/sport.luiss.it\/2014\/11\/07\/serie-b-la-luiss-ospite-della-capolista-montegranaro\/#primaryimage","url":"","contentUrl":""},{"@type":"BreadcrumbList","@id":"https:\/\/sport.luiss.it\/2014\/11\/07\/serie-b-la-luiss-ospite-della-capolista-montegranaro\/#breadcrumb","itemListElement":[{"@type":"ListItem","position":1,"name":"Home","item":"https:\/\/sport.luiss.it\/en\/"},{"@type":"ListItem","position":2,"name":"Serie B: la LUISS ospite della capolista Montegranaro"}]},{"@type":"WebSite","@id":"https:\/\/sport.luiss.it\/#website","url":"https:\/\/sport.luiss.it\/","name":"Luiss Sport - Luiss Guido Carli","description":"Luiss Sport","potentialAction":[{"@type":"SearchAction","target":{"@type":"EntryPoint","urlTemplate":"https:\/\/sport.luiss.it\/?s={search_term_string}"},"query-input":{"@type":"PropertyValueSpecification","valueRequired":true,"valueName":"search_term_string"}}],"inLanguage":"en-US"},{"@type":"Person","@id":""}]}},"_links":{"self":[{"href":"https:\/\/sport.luiss.it\/en\/wp-json\/wp\/v2\/posts\/8113","targetHints":{"allow":["GET"]}}],"collection":[{"href":"https:\/\/sport.luiss.it\/en\/wp-json\/wp\/v2\/posts"}],"about":[{"href":"https:\/\/sport.luiss.it\/en\/wp-json\/wp\/v2\/types\/post"}],"author":[{"embeddable":true,"href":"https:\/\/sport.luiss.it\/en\/wp-json\/wp\/v2\/users\/441"}],"replies":[{"embeddable":true,"href":"https:\/\/sport.luiss.it\/en\/wp-json\/wp\/v2\/comments?post=8113"}],"version-history":[{"count":0,"href":"https:\/\/sport.luiss.it\/en\/wp-json\/wp\/v2\/posts\/8113\/revisions"}],"wp:featuredmedia":[{"embeddable":true,"href":"https:\/\/sport.luiss.it\/en\/wp-json\/"}],"wp:attachment":[{"href":"https:\/\/sport.luiss.it\/en\/wp-json\/wp\/v2\/media?parent=8113"}],"wp:term":[{"taxonomy":"category","embeddable":true,"href":"https:\/\/sport.luiss.it\/en\/wp-json\/wp\/v2\/categories?post=8113"},{"taxonomy":"post_tag","embeddable":true,"href":"https:\/\/sport.luiss.it\/en\/wp-json\/wp\/v2\/tags?post=8113"}],"curies":[{"name":"wp","href":"https:\/\/api.w.org\/{rel}","templated":true}]}}