
{"id":8192,"date":"2014-11-13T11:11:47","date_gmt":"2014-11-13T11:11:47","guid":{"rendered":"https:\/\/sport.luiss.it\/?p=8192"},"modified":"2014-11-13T11:11:47","modified_gmt":"2014-11-13T11:11:47","slug":"serie-b-sabato-al-palaluiss-un-altro-derby-capitolino","status":"publish","type":"post","link":"https:\/\/sport.luiss.it\/en\/2014\/11\/13\/serie-b-sabato-al-palaluiss-un-altro-derby-capitolino\/","title":{"rendered":"Serie B: sabato al PalaLUISS un altro derby capitolino"},"content":{"rendered":"<p><a href=\"https:\/\/sport.luiss.it\/wp-content\/uploads\/2014\/11\/locandina-eurobasket.jpg\"><img loading=\"lazy\" decoding=\"async\" class=\"alignleft wp-image-8193 size-medium\" src=\"https:\/\/sport.luiss.it\/wp-content\/uploads\/2014\/11\/locandina-eurobasket-206x300.jpg\" alt=\"locandina eurobasket\" width=\"206\" height=\"300\" \/><\/a>\u00c8 di nuovo tempo di derby per l\u2019ASD LUISS che sabato 15 affronter\u00e0 al PalaLUISS l\u2019<strong>Eurobasket Roma<\/strong> per il 7\u00b0 turno del campionato nazionale di serie B.<\/p>\n<p>Una bella sfida quella che andr\u00e0 in scena nei pressi del Tevere, tra due squadre che arrivano all\u2019appuntamento con tutte le intenzioni di portare a casa i due punti in palio. La LUISS, desiderosa di riscattare la sconfitta giunta solo negli ultimi 5\u2019 contro la corazzata Montegranaro, ha necessit\u00e0 di vincere il match per non far scappare le squadre che la precedono in classifica a quota 4 punti, mentre l\u2019Eurobasket vuole bissare il successo della scorsa settimana ottenuto tra le mura amiche contro la Virtus Fondi (80-70).<\/p>\n<p>Gli avversari dei luissini attualmente quinti a quota 8 punti <em>(terzi se si considerano le prime due squadre appaiate a 12 e la terza e la quarta a 10, nda<\/em>) possono fare affidamento su un roster di tutto rispetto dove figura l\u2019elemento di spicco dell\u2019intera categoria: <strong>Alex Righetti.<\/strong> Il giocatore, ex Virtus Roma e Nazionale, \u00e8 un elemento di sicuro affidamento e talento, che fa da chioccia ad un gruppo giovane ma esperto, che ha in Giulio Casale il Capitano, coadiuvato da Fanti, Staffieri, tutti da anni militanti nella formazione di via dell\u2019Arcadia, cui in questa stagione si \u00e8 aggiunto Gori, proveniente dalla Stella Azzurra Viterbo. Sono poi tanti giovani a completare la squadra a disposizione di Coach Davide Bonora, al suo primo anno da allenatore dopo una gloriosa carriera da play-maker, primo fra tutti <strong>Gabriele Romeo<\/strong>, classe \u201997, che sta dimostrando tutto il suo valore in questo campionato.<\/p>\n<p>L\u2019ASD LUISS, comunque, far\u00e0 di tutto per vincere il match contro una squadra che sta ben figurando in questa prima parte di stagione, e che quindi metter\u00e0 in seria difficolt\u00e0 gli universitari. La formazione luissina \u00e8 per\u00f2 pronta ad affrontare questo match, come dichiara <strong>Coach Andrea Paccari\u00e8<\/strong>: \u201c<em>Sabato sar\u00e0 un altro bel test perch\u00e9 giocheremo contro una squadra in salute che sta facendo molto bene e che pu\u00f2 contare su giocatori importanti come Righetti e Casale, cos\u00ec come su Romeo che si sta mettendo davvero in grande evidenza pur essendo un giovanissimo. Per quanto ci riguarda, <strong>credo sia arrivato il momento di iniziare a vincere<\/strong>, quindi non possiamo permetterci di fare sconti all\u2019Eurobasket, ma cercare di proseguire con la linea intensa con cui abbiamo affrontato tutte le partite sinora, eccezion fatta per l\u2019esordio a Fondi.\u201d<\/em><\/p>\n<p>Sulla sconfitta rimediata a Montegranaro, l\u2019analisi dell\u2019allenatore luissino \u00e8 molto lucida: \u201c<em>Credo che a Montegranaro, come successo con Rieti e Palestrina, ma anche con Senigallia, partita per cui ci resta un dubbio per uno sfondamento fischiato a Faragalli che ha indirizzato il match in favore dei nostri avversari, abbiamo dimostrato di poter competere con queste ottime formazioni, ma anche che purtroppo nei momenti finali ci capita spesso di essere poco lucidi e lacunosi in alcune scelte. Questo \u00e8 attualmente il nostro limite, ma ci <strong>stiamo lavorando e credo che i ragazzi stiano crescendo con il passare delle settimane<\/strong>, perch\u00e9 si allenano bene e dimostrano grandi progressi. Ovviamente mi aspetto risposte significative da qualche giocatore che \u00e8 attualmente lontano dalle proprie potenzialit\u00e0, ma sono fiducioso per il prosieguo della stagione e spero che gi\u00e0 dal derby di sabato potremo essere un po\u2019 pi\u00f9 \u2018spietati\u2019 nei momenti decisivi.\u201d<\/em><\/p>\n<p>Il match tra ASD LUISS e Eurobasket Roma si giocher\u00e0 <strong>sabato 15 alle 18 al PalaLUISS<\/strong> di via Martino Longhi di Roma, dove ad arbitrare sono chiamati i Signori Luca Santilli e Francesco Galassi di Recanati (MC).<\/p>\n<p>La gara potr\u00e0 essere seguita anche sulle pagine social Sport Luiss con gli hashtag #derbyroma #LuissEurobk.<\/p>\n<p>Danila Di Biase<br \/>\nASD LUISS<\/p>\n","protected":false},"excerpt":{"rendered":"<p>\u00c8 di nuovo tempo di derby per l\u2019ASD LUISS che sabato 15 affronter\u00e0 al PalaLUISS l\u2019Eurobasket Roma per il 7\u00b0 turno del campionato nazionale di serie B. Una bella sfida [&hellip;]<\/p>\n","protected":false},"author":441,"featured_media":8193,"comment_status":"closed","ping_status":"closed","sticky":false,"template":"","format":"standard","meta":{"_monsterinsights_skip_tracking":false,"_monsterinsights_sitenote_active":false,"_monsterinsights_sitenote_note":"","_monsterinsights_sitenote_category":0,"footnotes":""},"categories":[114],"tags":[],"class_list":["post-8192","post","type-post","status-publish","format-standard","has-post-thumbnail","hentry","category-news-basket-c"],"yoast_head":"<!-- This site is optimized with the Yoast SEO plugin v26.5 - https:\/\/yoast.com\/wordpress\/plugins\/seo\/ -->\n<title>Serie B: sabato al PalaLUISS un altro derby capitolino - Luiss Sport - Luiss Guido Carli<\/title>\n<meta name=\"robots\" content=\"index, follow, max-snippet:-1, max-image-preview:large, max-video-preview:-1\" \/>\n<link rel=\"canonical\" href=\"https:\/\/sport.luiss.it\/2014\/11\/13\/serie-b-sabato-al-palaluiss-un-altro-derby-capitolino\/\" \/>\n<meta property=\"og:locale\" content=\"en_US\" \/>\n<meta property=\"og:type\" content=\"article\" \/>\n<meta property=\"og:title\" content=\"Serie B: sabato al PalaLUISS un altro derby capitolino - Luiss Sport - Luiss Guido Carli\" \/>\n<meta property=\"og:description\" content=\"\u00c8 di nuovo tempo di derby per l\u2019ASD LUISS che sabato 15 affronter\u00e0 al PalaLUISS l\u2019Eurobasket Roma per il 7\u00b0 turno del campionato nazionale di serie B. Una bella sfida [&hellip;]\" \/>\n<meta property=\"og:url\" content=\"https:\/\/sport.luiss.it\/2014\/11\/13\/serie-b-sabato-al-palaluiss-un-altro-derby-capitolino\/\" \/>\n<meta property=\"og:site_name\" content=\"Luiss Sport - Luiss Guido Carli\" \/>\n<meta property=\"article:publisher\" content=\"https:\/\/www.facebook.com\/sportluiss\/\" \/>\n<meta property=\"article:published_time\" content=\"2014-11-13T11:11:47+00:00\" \/>\n<meta name=\"twitter:card\" content=\"summary_large_image\" \/>\n<meta name=\"twitter:label1\" content=\"Written by\" \/>\n\t<meta name=\"twitter:data1\" content=\"\" \/>\n\t<meta name=\"twitter:label2\" content=\"Est. reading time\" \/>\n\t<meta name=\"twitter:data2\" content=\"3 minutes\" \/>\n<script type=\"application\/ld+json\" class=\"yoast-schema-graph\">{\"@context\":\"https:\/\/schema.org\",\"@graph\":[{\"@type\":\"WebPage\",\"@id\":\"https:\/\/sport.luiss.it\/2014\/11\/13\/serie-b-sabato-al-palaluiss-un-altro-derby-capitolino\/\",\"url\":\"https:\/\/sport.luiss.it\/2014\/11\/13\/serie-b-sabato-al-palaluiss-un-altro-derby-capitolino\/\",\"name\":\"Serie B: sabato al PalaLUISS un altro derby capitolino - Luiss Sport - Luiss Guido Carli\",\"isPartOf\":{\"@id\":\"https:\/\/sport.luiss.it\/#website\"},\"primaryImageOfPage\":{\"@id\":\"https:\/\/sport.luiss.it\/2014\/11\/13\/serie-b-sabato-al-palaluiss-un-altro-derby-capitolino\/#primaryimage\"},\"image\":{\"@id\":\"https:\/\/sport.luiss.it\/2014\/11\/13\/serie-b-sabato-al-palaluiss-un-altro-derby-capitolino\/#primaryimage\"},\"thumbnailUrl\":\"\",\"datePublished\":\"2014-11-13T11:11:47+00:00\",\"author\":{\"@id\":\"\"},\"breadcrumb\":{\"@id\":\"https:\/\/sport.luiss.it\/2014\/11\/13\/serie-b-sabato-al-palaluiss-un-altro-derby-capitolino\/#breadcrumb\"},\"inLanguage\":\"en-US\",\"potentialAction\":[{\"@type\":\"ReadAction\",\"target\":[\"https:\/\/sport.luiss.it\/2014\/11\/13\/serie-b-sabato-al-palaluiss-un-altro-derby-capitolino\/\"]}]},{\"@type\":\"ImageObject\",\"inLanguage\":\"en-US\",\"@id\":\"https:\/\/sport.luiss.it\/2014\/11\/13\/serie-b-sabato-al-palaluiss-un-altro-derby-capitolino\/#primaryimage\",\"url\":\"\",\"contentUrl\":\"\"},{\"@type\":\"BreadcrumbList\",\"@id\":\"https:\/\/sport.luiss.it\/2014\/11\/13\/serie-b-sabato-al-palaluiss-un-altro-derby-capitolino\/#breadcrumb\",\"itemListElement\":[{\"@type\":\"ListItem\",\"position\":1,\"name\":\"Home\",\"item\":\"https:\/\/sport.luiss.it\/en\/\"},{\"@type\":\"ListItem\",\"position\":2,\"name\":\"Serie B: sabato al PalaLUISS un altro derby capitolino\"}]},{\"@type\":\"WebSite\",\"@id\":\"https:\/\/sport.luiss.it\/#website\",\"url\":\"https:\/\/sport.luiss.it\/\",\"name\":\"Luiss Sport - Luiss Guido Carli\",\"description\":\"Luiss Sport\",\"potentialAction\":[{\"@type\":\"SearchAction\",\"target\":{\"@type\":\"EntryPoint\",\"urlTemplate\":\"https:\/\/sport.luiss.it\/?s={search_term_string}\"},\"query-input\":{\"@type\":\"PropertyValueSpecification\",\"valueRequired\":true,\"valueName\":\"search_term_string\"}}],\"inLanguage\":\"en-US\"},{\"@type\":\"Person\",\"@id\":\"\"}]}<\/script>\n<!-- \/ Yoast SEO plugin. -->","yoast_head_json":{"title":"Serie B: sabato al PalaLUISS un altro derby capitolino - Luiss Sport - Luiss Guido Carli","robots":{"index":"index","follow":"follow","max-snippet":"max-snippet:-1","max-image-preview":"max-image-preview:large","max-video-preview":"max-video-preview:-1"},"canonical":"https:\/\/sport.luiss.it\/2014\/11\/13\/serie-b-sabato-al-palaluiss-un-altro-derby-capitolino\/","og_locale":"en_US","og_type":"article","og_title":"Serie B: sabato al PalaLUISS un altro derby capitolino - Luiss Sport - Luiss Guido Carli","og_description":"\u00c8 di nuovo tempo di derby per l\u2019ASD LUISS che sabato 15 affronter\u00e0 al PalaLUISS l\u2019Eurobasket Roma per il 7\u00b0 turno del campionato nazionale di serie B. Una bella sfida [&hellip;]","og_url":"https:\/\/sport.luiss.it\/2014\/11\/13\/serie-b-sabato-al-palaluiss-un-altro-derby-capitolino\/","og_site_name":"Luiss Sport - Luiss Guido Carli","article_publisher":"https:\/\/www.facebook.com\/sportluiss\/","article_published_time":"2014-11-13T11:11:47+00:00","twitter_card":"summary_large_image","twitter_misc":{"Written by":"","Est. reading time":"3 minutes"},"schema":{"@context":"https:\/\/schema.org","@graph":[{"@type":"WebPage","@id":"https:\/\/sport.luiss.it\/2014\/11\/13\/serie-b-sabato-al-palaluiss-un-altro-derby-capitolino\/","url":"https:\/\/sport.luiss.it\/2014\/11\/13\/serie-b-sabato-al-palaluiss-un-altro-derby-capitolino\/","name":"Serie B: sabato al PalaLUISS un altro derby capitolino - Luiss Sport - Luiss Guido Carli","isPartOf":{"@id":"https:\/\/sport.luiss.it\/#website"},"primaryImageOfPage":{"@id":"https:\/\/sport.luiss.it\/2014\/11\/13\/serie-b-sabato-al-palaluiss-un-altro-derby-capitolino\/#primaryimage"},"image":{"@id":"https:\/\/sport.luiss.it\/2014\/11\/13\/serie-b-sabato-al-palaluiss-un-altro-derby-capitolino\/#primaryimage"},"thumbnailUrl":"","datePublished":"2014-11-13T11:11:47+00:00","author":{"@id":""},"breadcrumb":{"@id":"https:\/\/sport.luiss.it\/2014\/11\/13\/serie-b-sabato-al-palaluiss-un-altro-derby-capitolino\/#breadcrumb"},"inLanguage":"en-US","potentialAction":[{"@type":"ReadAction","target":["https:\/\/sport.luiss.it\/2014\/11\/13\/serie-b-sabato-al-palaluiss-un-altro-derby-capitolino\/"]}]},{"@type":"ImageObject","inLanguage":"en-US","@id":"https:\/\/sport.luiss.it\/2014\/11\/13\/serie-b-sabato-al-palaluiss-un-altro-derby-capitolino\/#primaryimage","url":"","contentUrl":""},{"@type":"BreadcrumbList","@id":"https:\/\/sport.luiss.it\/2014\/11\/13\/serie-b-sabato-al-palaluiss-un-altro-derby-capitolino\/#breadcrumb","itemListElement":[{"@type":"ListItem","position":1,"name":"Home","item":"https:\/\/sport.luiss.it\/en\/"},{"@type":"ListItem","position":2,"name":"Serie B: sabato al PalaLUISS un altro derby capitolino"}]},{"@type":"WebSite","@id":"https:\/\/sport.luiss.it\/#website","url":"https:\/\/sport.luiss.it\/","name":"Luiss Sport - Luiss Guido Carli","description":"Luiss Sport","potentialAction":[{"@type":"SearchAction","target":{"@type":"EntryPoint","urlTemplate":"https:\/\/sport.luiss.it\/?s={search_term_string}"},"query-input":{"@type":"PropertyValueSpecification","valueRequired":true,"valueName":"search_term_string"}}],"inLanguage":"en-US"},{"@type":"Person","@id":""}]}},"_links":{"self":[{"href":"https:\/\/sport.luiss.it\/en\/wp-json\/wp\/v2\/posts\/8192","targetHints":{"allow":["GET"]}}],"collection":[{"href":"https:\/\/sport.luiss.it\/en\/wp-json\/wp\/v2\/posts"}],"about":[{"href":"https:\/\/sport.luiss.it\/en\/wp-json\/wp\/v2\/types\/post"}],"author":[{"embeddable":true,"href":"https:\/\/sport.luiss.it\/en\/wp-json\/wp\/v2\/users\/441"}],"replies":[{"embeddable":true,"href":"https:\/\/sport.luiss.it\/en\/wp-json\/wp\/v2\/comments?post=8192"}],"version-history":[{"count":0,"href":"https:\/\/sport.luiss.it\/en\/wp-json\/wp\/v2\/posts\/8192\/revisions"}],"wp:featuredmedia":[{"embeddable":true,"href":"https:\/\/sport.luiss.it\/en\/wp-json\/"}],"wp:attachment":[{"href":"https:\/\/sport.luiss.it\/en\/wp-json\/wp\/v2\/media?parent=8192"}],"wp:term":[{"taxonomy":"category","embeddable":true,"href":"https:\/\/sport.luiss.it\/en\/wp-json\/wp\/v2\/categories?post=8192"},{"taxonomy":"post_tag","embeddable":true,"href":"https:\/\/sport.luiss.it\/en\/wp-json\/wp\/v2\/tags?post=8192"}],"curies":[{"name":"wp","href":"https:\/\/api.w.org\/{rel}","templated":true}]}}