
{"id":8231,"date":"2014-11-21T01:39:25","date_gmt":"2014-11-21T01:39:25","guid":{"rendered":"https:\/\/sport.luiss.it\/?p=8231"},"modified":"2014-11-21T01:39:25","modified_gmt":"2014-11-21T01:39:25","slug":"serie-b-la-luiss-a-rimini-alla-ricerca-del-primo-successo-esterno","status":"publish","type":"post","link":"https:\/\/sport.luiss.it\/en\/2014\/11\/21\/serie-b-la-luiss-a-rimini-alla-ricerca-del-primo-successo-esterno\/","title":{"rendered":"Serie B: la LUISS a Rimini alla ricerca del primo successo esterno"},"content":{"rendered":"<p><a href=\"https:\/\/sport.luiss.it\/wp-content\/uploads\/2014\/11\/leo-marcon.png\"><img loading=\"lazy\" decoding=\"async\" class=\"alignleft wp-image-8232 size-full\" src=\"https:\/\/sport.luiss.it\/wp-content\/uploads\/2014\/11\/leo-marcon.png\" alt=\"leo marcon\" width=\"371\" height=\"250\" \/><\/a>Dopo la vittoria casalinga nel derby con l\u2019Eurobasket Roma, sar\u00e0 protagonista <strong>a Rimini<\/strong> l\u2019ASD LUISS che domenica 23 novembre giocher\u00e0 al Pala Flaminio<strong> contro i Crabs<\/strong> padroni di casa per l\u20198\u00b0 turno del campionato nazionale di serie B.<\/p>\n<p>Il successo contro Righetti e compagni ha risollevato il morale degli universitari che adesso si recheranno in Romagna alla ricerca dei primi due punti da conquistare lontano da Roma. Sulla strada dei ragazzi di Coach Paccari\u00e8, per\u00f2, ci sar\u00e0 la giovane formazione di Renzo Galli per cui l\u2019unico successo sinora \u00e8 arrivato nel secondo turno di campionato contro l\u2019Olimpia Cagliari: 84-66. Nell\u2019ultimo turno la squadra rossonera \u00e8 uscita sconfitta dal Pala Sojourner di Rieti con il risultato di 76-63, frutto di un primo quarto difficile per i riminesi, che hanno per\u00f2 messo in difficolt\u00e0 la NPC, corazzata del girone C, dimostrando tutte le loro qualit\u00e0 tecniche e fisiche. Galli pu\u00f2 contare su un team che ha in Crotta il suo miglior realizzatore con 13.6 punti realizzati di media, seguito da Perin, Tassinari e Cercolani. I Crabs affronteranno la LUISS con l\u2019intento di interrompere la striscia di 5 sconfitte consecutive accumulate nelle ultime settimane, contestualmente per\u00f2 <strong>Capitan Marzoli e compagni vogliono regalarsi la prima gioia lontano dalle mura amiche<\/strong> e conquistare due punti importanti per provare a risalire la classifica.<\/p>\n<p>\u00c8 <strong>Leonardo Marcon<\/strong>, ala classe \u201995 al suo primo anno in maglia luissina con cui si \u00e8 gi\u00e0 reso protagonista in questo primo scorcio di stagione con 9.16 punti e 3.83 rimbalzi nei 16.5 minuti di media in cui \u00e8 sceso in campo, a parlare alla vigilia della sfida di Rimini: \u201c<em>La gara di domenica sar\u00e0 sicuramente tosta sia dal punto di vista mentale che tecnico, ma <strong>noi abbiamo voglia e bisogno di vincere per scalare la classifica<\/strong> e da questo punto di vista la vittoria con l\u2019Eurobasket ci ha permesso di raggiungere quella momentanea sicurezza per affrontare gli allenamenti quotidiani nel migliore dei modi. Arriviamo da una vittoria importante come quella ottenuta nel derby, e questo ha sicuramente migliorato il morale anche se sar\u00e0 fondamentale, come sempre, restare concentrati per riuscire a vincere la prima gara lontano dal PalaLUISS.\u201d<\/em><\/p>\n<p>Leo, che ha fatto tutta la trafila delle giovanili con la prestigiosa maglia della Reyer Venezia, parla poi delle<strong> sensazioni per il suo primo anno in un campionato senior<\/strong>: \u201c<em>E\u2019 sicuramente bello giocare in un campionato di buon livello come questo, dove posso confrontarmi con compagni ed avversari di sicuro spessore, e per quanto mi riguarda spero di poter fare bene e di dare un contribuito importante alla squadra.\u201d<\/em><\/p>\n<p><strong>Sul progetto dell\u2019ASD LUISS<\/strong>, il numero 12 biancoblu commenta: <em>\u201cSicuramente \u00e8 una sfida stimolante, anche se non sono nuovo ai sacrifici per dover studiare e contestualmente giocare a basket, perch\u00e9 anche durante gli anni del Liceo dovevo conciliare i libri con gli allenamenti, e l\u2019ho sempre fatto con piacere, cosa che sta succedendo anche <strong>qui alla LUISS, dove ovviamente la sfida \u00e8 pi\u00f9 complicata ma sono contento di averla intrapresa<\/strong>. Per me \u00e8 un ambiente nuovo, poi \u00e8 il primo anno che mi allontano dalla mia famiglia e dagli amici, quindi c\u2019\u00e8 voluto un po\u2019 per farci l\u2019abitudine, ma con il passare del tempo credo che questa sia stata davvero la scelta giusta per il mio futuro.\u201d<\/em><\/p>\n<p>Il match tra Crabs Rimini e ASD LUISS Roma andr\u00e0 in scena <strong>domenica 23 novembre alle 18 al Pala Flaminio di Rimini<\/strong>, dove ad arbitrare saranno chiamati i Signori Matteo Bergami di San Pietro in Casale (BO) e Alberto Giansante di Bologna.<\/p>\n<p>Sar\u00e0 possibile seguire l\u2019andamento del match in tempo reale sulle pagine facebook (Sport Luiss) e twitter (@SportLUISS) a partire dalle 18 con l\u2019hashtag #RiminiLuiss.<\/p>\n<p><strong>Danila Di Biase<\/strong><br \/>\n<strong>ASD LUISS<\/strong><\/p>\n","protected":false},"excerpt":{"rendered":"<p>Dopo la vittoria casalinga nel derby con l\u2019Eurobasket Roma, sar\u00e0 protagonista a Rimini l\u2019ASD LUISS che domenica 23 novembre giocher\u00e0 al Pala Flaminio contro i Crabs padroni di casa per [&hellip;]<\/p>\n","protected":false},"author":441,"featured_media":8232,"comment_status":"closed","ping_status":"closed","sticky":false,"template":"","format":"standard","meta":{"_monsterinsights_skip_tracking":false,"_monsterinsights_sitenote_active":false,"_monsterinsights_sitenote_note":"","_monsterinsights_sitenote_category":0,"footnotes":""},"categories":[114],"tags":[],"class_list":["post-8231","post","type-post","status-publish","format-standard","has-post-thumbnail","hentry","category-news-basket-c"],"yoast_head":"<!-- This site is optimized with the Yoast SEO plugin v26.5 - https:\/\/yoast.com\/wordpress\/plugins\/seo\/ -->\n<title>Serie B: la LUISS a Rimini alla ricerca del primo successo esterno - Luiss Sport - Luiss Guido Carli<\/title>\n<meta name=\"robots\" content=\"index, follow, max-snippet:-1, max-image-preview:large, max-video-preview:-1\" \/>\n<link rel=\"canonical\" href=\"https:\/\/sport.luiss.it\/2014\/11\/21\/serie-b-la-luiss-a-rimini-alla-ricerca-del-primo-successo-esterno\/\" \/>\n<meta property=\"og:locale\" content=\"en_US\" \/>\n<meta property=\"og:type\" content=\"article\" \/>\n<meta property=\"og:title\" content=\"Serie B: la LUISS a Rimini alla ricerca del primo successo esterno - Luiss Sport - Luiss Guido Carli\" \/>\n<meta property=\"og:description\" content=\"Dopo la vittoria casalinga nel derby con l\u2019Eurobasket Roma, sar\u00e0 protagonista a Rimini l\u2019ASD LUISS che domenica 23 novembre giocher\u00e0 al Pala Flaminio contro i Crabs padroni di casa per [&hellip;]\" \/>\n<meta property=\"og:url\" content=\"https:\/\/sport.luiss.it\/2014\/11\/21\/serie-b-la-luiss-a-rimini-alla-ricerca-del-primo-successo-esterno\/\" \/>\n<meta property=\"og:site_name\" content=\"Luiss Sport - Luiss Guido Carli\" \/>\n<meta property=\"article:publisher\" content=\"https:\/\/www.facebook.com\/sportluiss\/\" \/>\n<meta property=\"article:published_time\" content=\"2014-11-21T01:39:25+00:00\" \/>\n<meta name=\"twitter:card\" content=\"summary_large_image\" \/>\n<meta name=\"twitter:label1\" content=\"Written by\" \/>\n\t<meta name=\"twitter:data1\" content=\"\" \/>\n\t<meta name=\"twitter:label2\" content=\"Est. reading time\" \/>\n\t<meta name=\"twitter:data2\" content=\"3 minutes\" \/>\n<script type=\"application\/ld+json\" class=\"yoast-schema-graph\">{\"@context\":\"https:\/\/schema.org\",\"@graph\":[{\"@type\":\"WebPage\",\"@id\":\"https:\/\/sport.luiss.it\/2014\/11\/21\/serie-b-la-luiss-a-rimini-alla-ricerca-del-primo-successo-esterno\/\",\"url\":\"https:\/\/sport.luiss.it\/2014\/11\/21\/serie-b-la-luiss-a-rimini-alla-ricerca-del-primo-successo-esterno\/\",\"name\":\"Serie B: la LUISS a Rimini alla ricerca del primo successo esterno - Luiss Sport - Luiss Guido Carli\",\"isPartOf\":{\"@id\":\"https:\/\/sport.luiss.it\/#website\"},\"primaryImageOfPage\":{\"@id\":\"https:\/\/sport.luiss.it\/2014\/11\/21\/serie-b-la-luiss-a-rimini-alla-ricerca-del-primo-successo-esterno\/#primaryimage\"},\"image\":{\"@id\":\"https:\/\/sport.luiss.it\/2014\/11\/21\/serie-b-la-luiss-a-rimini-alla-ricerca-del-primo-successo-esterno\/#primaryimage\"},\"thumbnailUrl\":\"\",\"datePublished\":\"2014-11-21T01:39:25+00:00\",\"author\":{\"@id\":\"\"},\"breadcrumb\":{\"@id\":\"https:\/\/sport.luiss.it\/2014\/11\/21\/serie-b-la-luiss-a-rimini-alla-ricerca-del-primo-successo-esterno\/#breadcrumb\"},\"inLanguage\":\"en-US\",\"potentialAction\":[{\"@type\":\"ReadAction\",\"target\":[\"https:\/\/sport.luiss.it\/2014\/11\/21\/serie-b-la-luiss-a-rimini-alla-ricerca-del-primo-successo-esterno\/\"]}]},{\"@type\":\"ImageObject\",\"inLanguage\":\"en-US\",\"@id\":\"https:\/\/sport.luiss.it\/2014\/11\/21\/serie-b-la-luiss-a-rimini-alla-ricerca-del-primo-successo-esterno\/#primaryimage\",\"url\":\"\",\"contentUrl\":\"\"},{\"@type\":\"BreadcrumbList\",\"@id\":\"https:\/\/sport.luiss.it\/2014\/11\/21\/serie-b-la-luiss-a-rimini-alla-ricerca-del-primo-successo-esterno\/#breadcrumb\",\"itemListElement\":[{\"@type\":\"ListItem\",\"position\":1,\"name\":\"Home\",\"item\":\"https:\/\/sport.luiss.it\/en\/\"},{\"@type\":\"ListItem\",\"position\":2,\"name\":\"Serie B: la LUISS a Rimini alla ricerca del primo successo esterno\"}]},{\"@type\":\"WebSite\",\"@id\":\"https:\/\/sport.luiss.it\/#website\",\"url\":\"https:\/\/sport.luiss.it\/\",\"name\":\"Luiss Sport - Luiss Guido Carli\",\"description\":\"Luiss Sport\",\"potentialAction\":[{\"@type\":\"SearchAction\",\"target\":{\"@type\":\"EntryPoint\",\"urlTemplate\":\"https:\/\/sport.luiss.it\/?s={search_term_string}\"},\"query-input\":{\"@type\":\"PropertyValueSpecification\",\"valueRequired\":true,\"valueName\":\"search_term_string\"}}],\"inLanguage\":\"en-US\"},{\"@type\":\"Person\",\"@id\":\"\"}]}<\/script>\n<!-- \/ Yoast SEO plugin. -->","yoast_head_json":{"title":"Serie B: la LUISS a Rimini alla ricerca del primo successo esterno - Luiss Sport - Luiss Guido Carli","robots":{"index":"index","follow":"follow","max-snippet":"max-snippet:-1","max-image-preview":"max-image-preview:large","max-video-preview":"max-video-preview:-1"},"canonical":"https:\/\/sport.luiss.it\/2014\/11\/21\/serie-b-la-luiss-a-rimini-alla-ricerca-del-primo-successo-esterno\/","og_locale":"en_US","og_type":"article","og_title":"Serie B: la LUISS a Rimini alla ricerca del primo successo esterno - Luiss Sport - Luiss Guido Carli","og_description":"Dopo la vittoria casalinga nel derby con l\u2019Eurobasket Roma, sar\u00e0 protagonista a Rimini l\u2019ASD LUISS che domenica 23 novembre giocher\u00e0 al Pala Flaminio contro i Crabs padroni di casa per [&hellip;]","og_url":"https:\/\/sport.luiss.it\/2014\/11\/21\/serie-b-la-luiss-a-rimini-alla-ricerca-del-primo-successo-esterno\/","og_site_name":"Luiss Sport - Luiss Guido Carli","article_publisher":"https:\/\/www.facebook.com\/sportluiss\/","article_published_time":"2014-11-21T01:39:25+00:00","twitter_card":"summary_large_image","twitter_misc":{"Written by":"","Est. reading time":"3 minutes"},"schema":{"@context":"https:\/\/schema.org","@graph":[{"@type":"WebPage","@id":"https:\/\/sport.luiss.it\/2014\/11\/21\/serie-b-la-luiss-a-rimini-alla-ricerca-del-primo-successo-esterno\/","url":"https:\/\/sport.luiss.it\/2014\/11\/21\/serie-b-la-luiss-a-rimini-alla-ricerca-del-primo-successo-esterno\/","name":"Serie B: la LUISS a Rimini alla ricerca del primo successo esterno - Luiss Sport - Luiss Guido Carli","isPartOf":{"@id":"https:\/\/sport.luiss.it\/#website"},"primaryImageOfPage":{"@id":"https:\/\/sport.luiss.it\/2014\/11\/21\/serie-b-la-luiss-a-rimini-alla-ricerca-del-primo-successo-esterno\/#primaryimage"},"image":{"@id":"https:\/\/sport.luiss.it\/2014\/11\/21\/serie-b-la-luiss-a-rimini-alla-ricerca-del-primo-successo-esterno\/#primaryimage"},"thumbnailUrl":"","datePublished":"2014-11-21T01:39:25+00:00","author":{"@id":""},"breadcrumb":{"@id":"https:\/\/sport.luiss.it\/2014\/11\/21\/serie-b-la-luiss-a-rimini-alla-ricerca-del-primo-successo-esterno\/#breadcrumb"},"inLanguage":"en-US","potentialAction":[{"@type":"ReadAction","target":["https:\/\/sport.luiss.it\/2014\/11\/21\/serie-b-la-luiss-a-rimini-alla-ricerca-del-primo-successo-esterno\/"]}]},{"@type":"ImageObject","inLanguage":"en-US","@id":"https:\/\/sport.luiss.it\/2014\/11\/21\/serie-b-la-luiss-a-rimini-alla-ricerca-del-primo-successo-esterno\/#primaryimage","url":"","contentUrl":""},{"@type":"BreadcrumbList","@id":"https:\/\/sport.luiss.it\/2014\/11\/21\/serie-b-la-luiss-a-rimini-alla-ricerca-del-primo-successo-esterno\/#breadcrumb","itemListElement":[{"@type":"ListItem","position":1,"name":"Home","item":"https:\/\/sport.luiss.it\/en\/"},{"@type":"ListItem","position":2,"name":"Serie B: la LUISS a Rimini alla ricerca del primo successo esterno"}]},{"@type":"WebSite","@id":"https:\/\/sport.luiss.it\/#website","url":"https:\/\/sport.luiss.it\/","name":"Luiss Sport - Luiss Guido Carli","description":"Luiss Sport","potentialAction":[{"@type":"SearchAction","target":{"@type":"EntryPoint","urlTemplate":"https:\/\/sport.luiss.it\/?s={search_term_string}"},"query-input":{"@type":"PropertyValueSpecification","valueRequired":true,"valueName":"search_term_string"}}],"inLanguage":"en-US"},{"@type":"Person","@id":""}]}},"_links":{"self":[{"href":"https:\/\/sport.luiss.it\/en\/wp-json\/wp\/v2\/posts\/8231","targetHints":{"allow":["GET"]}}],"collection":[{"href":"https:\/\/sport.luiss.it\/en\/wp-json\/wp\/v2\/posts"}],"about":[{"href":"https:\/\/sport.luiss.it\/en\/wp-json\/wp\/v2\/types\/post"}],"author":[{"embeddable":true,"href":"https:\/\/sport.luiss.it\/en\/wp-json\/wp\/v2\/users\/441"}],"replies":[{"embeddable":true,"href":"https:\/\/sport.luiss.it\/en\/wp-json\/wp\/v2\/comments?post=8231"}],"version-history":[{"count":0,"href":"https:\/\/sport.luiss.it\/en\/wp-json\/wp\/v2\/posts\/8231\/revisions"}],"wp:featuredmedia":[{"embeddable":true,"href":"https:\/\/sport.luiss.it\/en\/wp-json\/"}],"wp:attachment":[{"href":"https:\/\/sport.luiss.it\/en\/wp-json\/wp\/v2\/media?parent=8231"}],"wp:term":[{"taxonomy":"category","embeddable":true,"href":"https:\/\/sport.luiss.it\/en\/wp-json\/wp\/v2\/categories?post=8231"},{"taxonomy":"post_tag","embeddable":true,"href":"https:\/\/sport.luiss.it\/en\/wp-json\/wp\/v2\/tags?post=8231"}],"curies":[{"name":"wp","href":"https:\/\/api.w.org\/{rel}","templated":true}]}}