
{"id":8276,"date":"2014-11-27T17:18:12","date_gmt":"2014-11-27T17:18:12","guid":{"rendered":"https:\/\/sport.luiss.it\/?p=8276"},"modified":"2014-11-27T17:18:12","modified_gmt":"2014-11-27T17:18:12","slug":"serie-b-la-luiss-e-pronta-per-ospitare-cagliari","status":"publish","type":"post","link":"https:\/\/sport.luiss.it\/en\/2014\/11\/27\/serie-b-la-luiss-e-pronta-per-ospitare-cagliari\/","title":{"rendered":"Serie B: la LUISS \u00e8 pronta per ospitare Cagliari"},"content":{"rendered":"<p><a href=\"https:\/\/sport.luiss.it\/wp-content\/uploads\/2014\/11\/Andrea-Storchi2.jpg\"><img loading=\"lazy\" decoding=\"async\" class=\"alignleft size-medium wp-image-8277\" src=\"https:\/\/sport.luiss.it\/wp-content\/uploads\/2014\/11\/Andrea-Storchi2-300x237.jpg\" alt=\"Andrea Storchi2\" width=\"300\" height=\"237\" \/><\/a>Ottenuto il primo successo lontano da Roma, \u00e8 pronta a tornare a casa l\u2019ASD LUISS che <strong>sabato 29 novembre alle 15.30 ospiter\u00e0 l\u2019Olimpia Cagliari<\/strong> per il 9\u00b0 turno stagionale del campionato nazionale di serie B.<\/p>\n<p>La formazione di Coach Paccari\u00e8 arriva a quest\u2019appuntamento forte di due successi consecutivi ottenuti contro l\u2019Eurobasket Roma e i Crabs Rimini, che hanno consentito alla squadra universitaria di risalire la china dopo un inizio di stagione che non aveva sorriso troppo a Marzoli e compagni. Conquistate queste due importanti vittorie, la LUISS non vuole assolutamente abbassare la guardia e l\u2019intensit\u00e0 mostrata nelle ultime gare, e la sfida con i sardi servir\u00e0 proprio per <strong>testare ulteriormente i miglioramenti del team biancoblu dopo questo primo scorcio di stagione<\/strong> che ha gi\u00e0 visto i luissini affrontare le prime 5 squadre del girone. Il match che si giocher\u00e0 al PalaLUISS sar\u00e0 particolarmente delicato per la LUISS che si trover\u00e0 di fronte un\u2019Olimpia reduce da tre sconfitte consecutive e che ha sinora ottenuto una sola vittoria, precisamente alla quinta giornata contro il Giulianova, sconfitto 74-62 al Pala Rockefeller di Cagliari. La formazione guidata da Grandesso ha in <strong>Putignano e Sanna<\/strong> le sue punte di diamante, che viaggiano ad oltre 14 punti di media a partita, seguiti da Ganguzza, Villani e Soro, tutte vecchie conoscenze della LUISS che negli scorsi campionati di serie C ha sempre affrontato l\u2019Olimpia. E\u2019 <strong>Andrea Storchi<\/strong>, il giocatore luissino pi\u00f9 esperto, forte dei suoi 35 anni, a parlare dell\u2019impegno casalingo della 9^ giornata: \u201c<em>Siamo reduci da due vittorie consecutive e adesso arriva a Roma un\u2019avversaria che non dobbiamo assolutamente prendere sottogamba, perch\u00e9 l\u2019attuale classifica tradisce il loro reale valore e anche un po\u2019 il passato di certi giocatori. <strong>Non possiamo permetterci di abbassare la guardia<\/strong> proprio adesso che abbiamo intrapreso la strada giusta, anche se sono fortemente convinto che siamo ancora molto lontani dall\u2019esprimere le nostre reali potenzialit\u00e0, diciamo che probabilmente siamo al 60% del nostro percorso, abbiamo tante cose da esplorare e tante risorse che non siamo neanche consapevoli di avere.\u201d<\/em><\/p>\n<p>Continuare a vincere \u00e8 ci\u00f2 che vuole fare la squadra di Paccari\u00e8, consapevole del fatto che affronter\u00e0 una formazione desiderosa di tornare a conquistare punti e di allontanarsi quindi dal penultimo posto in classifica (in coabitazione con Rimini), ma <strong>gli universitari dal canto loro hanno voglia di ottenere il terzo successo consecutivo per provare a restare in zona play-off<\/strong>, anche in vista delle ultime tre partite prima della fine del 2014 che li vedranno opposti a Giulianova, Viterbo e Cassino, tutte squadre che sono attualmente racchiuse nel giro di 4 punti (<em>Giulianova 10, Cassino 8, LUISS e Viterbo 6, nda<\/em>). La testa dei ragazzi biancoblu \u00e8 per\u00f2 focalizzata unicamente sulla sfida di sabato pomeriggio contro i cagliaritani: \u201c<em>C\u2019\u00e8 tanto da lavorare<\/em> \u2013 continua Storchi \u2013 <em>e per questo <strong>dobbiamo restare concentrati e pensare ad una gara per volta<\/strong>, perch\u00e9 possiamo fare tanto in questo campionato, d\u2019altronde abbiamo gi\u00e0 dimostrato di potercela giocare alla pari con le prime quattro del girone, e quindi il nostro obiettivo a breve termine deve essere quello di consolidare e migliorare la posizione in classifica, per poi arrivare a competere con le prime nella fase pi\u00f9 importante della stagione. Diciamo che <strong>abbiamo ancora tante frecce da scoccare<\/strong>, perch\u00e9 la nostra \u00e8 la classica squadra che arriva \u2018lunga\u2019, con il tempo, e noi ci dobbiamo preparare al meglio per far si che succeda, e possibilmente nel migliore dei modi.\u201d<\/em><\/p>\n<p><strong><a href=\"https:\/\/sport.luiss.it\/wp-content\/uploads\/2014\/11\/Andrea-Storchi.jpg\"><img loading=\"lazy\" decoding=\"async\" class=\"alignright wp-image-8278 size-medium\" src=\"https:\/\/sport.luiss.it\/wp-content\/uploads\/2014\/11\/Andrea-Storchi-199x300.jpg\" alt=\"Andrea Storchi\" width=\"199\" height=\"300\" \/><\/a>Andrea<\/strong>, pivot al primo anno in maglia LUISS, dove <strong>frequenta il Master in Business Administration<\/strong>, parla a 360\u00b0 del progetto di cui fa parte da agosto: \u201c<em>Sono entrato in una squadra particolare, la cui et\u00e0 media \u00e8 relativamente bassa e io da questo punto di vista sono la voce fuori dal coro<\/em> (ride, nda), <em>ma <strong>come giocatore e come persona pur avendo 35 anni me ne sento 20<\/strong>. Sento di essere tornato agli anni del Liceo, quando c\u2019era scuola la mattina, studiavo il pomeriggio e poi la sera andavo agli allenamenti, e quest\u2019avventura fatta adesso, nel periodo che \u00e8 sempre definito come quello di fine carriera, \u00e8 una cosa pazzesca, che d\u00e0 un\u2019energia ed un\u2019adrenalina che non ricordo di aver mai vissuto. Quindi diciamo che sono tornato un ragazzino, questo perch\u00e9<\/em> \u2013 continua il giocatore modenese \u2013 <em><strong>il progetto LUISS<\/strong>, che fa riferimento a quello dei college americani, <strong>pu\u00f2 dare grandi soddisfazioni e risultati, e ognuno di noi credo lo percepisca<\/strong>. Non \u00e8 sicuramente facile combinare studio e sport ad alto livello, ma per quanto mi riguarda \u00e8 un\u2019esperienza assolutamente fattibile, soprattutto considerato il momento storico della pallacanestro ed economico dell\u2019intero Paese, e quella che ci offre questa societ\u00e0 supportata da Dirigenti esperti e competenti \u00e8 un\u2019opportunit\u00e0 per noi ragazzi\/giocatori per fare qualcosa di diverso, per avere un ingresso nel mondo lavorativo non facilitato ma dal punto di vista qualitativo probabilmente migliore, quindi sono davvero soddisfatto della scelta fatta quest\u2019estate.\u201d<\/em><\/p>\n<p>Il match tra ASD LUISS e Olimpia Cagliari si disputer\u00e0<strong> sabato 29 novembre alle 15.30 al PalaLUISS<\/strong> di Via Martino Longhi di Roma, dove ad arbitrare saranno chiamati i Signori Giuseppe Nicosia di Erice (TP) e Dario Lombardo di Trapani.<\/p>\n<p>Sar\u00e0 possibile seguire l\u2019andamento del match in tempo reale sulle pagine facebook (Sport Luiss) e twitter (@SportLUISS) a partire dalle 15.30 con l\u2019hashtag #LuissCagliari.<\/p>\n<p><strong>Danila Di Biase<\/strong><br \/>\n<strong>ASD LUISS<\/strong><\/p>\n","protected":false},"excerpt":{"rendered":"<p>Ottenuto il primo successo lontano da Roma, \u00e8 pronta a tornare a casa l\u2019ASD LUISS che sabato 29 novembre alle 15.30 ospiter\u00e0 l\u2019Olimpia Cagliari per il 9\u00b0 turno stagionale del [&hellip;]<\/p>\n","protected":false},"author":441,"featured_media":8277,"comment_status":"closed","ping_status":"closed","sticky":false,"template":"","format":"standard","meta":{"_monsterinsights_skip_tracking":false,"_monsterinsights_sitenote_active":false,"_monsterinsights_sitenote_note":"","_monsterinsights_sitenote_category":0,"footnotes":""},"categories":[114],"tags":[],"class_list":["post-8276","post","type-post","status-publish","format-standard","has-post-thumbnail","hentry","category-news-basket-c"],"yoast_head":"<!-- This site is optimized with the Yoast SEO plugin v26.5 - https:\/\/yoast.com\/wordpress\/plugins\/seo\/ -->\n<title>Serie B: la LUISS \u00e8 pronta per ospitare Cagliari - Luiss Sport - Luiss Guido Carli<\/title>\n<meta name=\"robots\" content=\"index, follow, max-snippet:-1, max-image-preview:large, max-video-preview:-1\" \/>\n<link rel=\"canonical\" href=\"https:\/\/sport.luiss.it\/2014\/11\/27\/serie-b-la-luiss-e-pronta-per-ospitare-cagliari\/\" \/>\n<meta property=\"og:locale\" content=\"en_US\" \/>\n<meta property=\"og:type\" content=\"article\" \/>\n<meta property=\"og:title\" content=\"Serie B: la LUISS \u00e8 pronta per ospitare Cagliari - Luiss Sport - Luiss Guido Carli\" \/>\n<meta property=\"og:description\" content=\"Ottenuto il primo successo lontano da Roma, \u00e8 pronta a tornare a casa l\u2019ASD LUISS che sabato 29 novembre alle 15.30 ospiter\u00e0 l\u2019Olimpia Cagliari per il 9\u00b0 turno stagionale del [&hellip;]\" \/>\n<meta property=\"og:url\" content=\"https:\/\/sport.luiss.it\/2014\/11\/27\/serie-b-la-luiss-e-pronta-per-ospitare-cagliari\/\" \/>\n<meta property=\"og:site_name\" content=\"Luiss Sport - Luiss Guido Carli\" \/>\n<meta property=\"article:publisher\" content=\"https:\/\/www.facebook.com\/sportluiss\/\" \/>\n<meta property=\"article:published_time\" content=\"2014-11-27T17:18:12+00:00\" \/>\n<meta name=\"twitter:card\" content=\"summary_large_image\" \/>\n<meta name=\"twitter:label1\" content=\"Written by\" \/>\n\t<meta name=\"twitter:data1\" content=\"\" \/>\n\t<meta name=\"twitter:label2\" content=\"Est. reading time\" \/>\n\t<meta name=\"twitter:data2\" content=\"4 minutes\" \/>\n<script type=\"application\/ld+json\" class=\"yoast-schema-graph\">{\"@context\":\"https:\/\/schema.org\",\"@graph\":[{\"@type\":\"WebPage\",\"@id\":\"https:\/\/sport.luiss.it\/2014\/11\/27\/serie-b-la-luiss-e-pronta-per-ospitare-cagliari\/\",\"url\":\"https:\/\/sport.luiss.it\/2014\/11\/27\/serie-b-la-luiss-e-pronta-per-ospitare-cagliari\/\",\"name\":\"Serie B: la LUISS \u00e8 pronta per ospitare Cagliari - Luiss Sport - Luiss Guido Carli\",\"isPartOf\":{\"@id\":\"https:\/\/sport.luiss.it\/#website\"},\"primaryImageOfPage\":{\"@id\":\"https:\/\/sport.luiss.it\/2014\/11\/27\/serie-b-la-luiss-e-pronta-per-ospitare-cagliari\/#primaryimage\"},\"image\":{\"@id\":\"https:\/\/sport.luiss.it\/2014\/11\/27\/serie-b-la-luiss-e-pronta-per-ospitare-cagliari\/#primaryimage\"},\"thumbnailUrl\":\"\",\"datePublished\":\"2014-11-27T17:18:12+00:00\",\"author\":{\"@id\":\"\"},\"breadcrumb\":{\"@id\":\"https:\/\/sport.luiss.it\/2014\/11\/27\/serie-b-la-luiss-e-pronta-per-ospitare-cagliari\/#breadcrumb\"},\"inLanguage\":\"en-US\",\"potentialAction\":[{\"@type\":\"ReadAction\",\"target\":[\"https:\/\/sport.luiss.it\/2014\/11\/27\/serie-b-la-luiss-e-pronta-per-ospitare-cagliari\/\"]}]},{\"@type\":\"ImageObject\",\"inLanguage\":\"en-US\",\"@id\":\"https:\/\/sport.luiss.it\/2014\/11\/27\/serie-b-la-luiss-e-pronta-per-ospitare-cagliari\/#primaryimage\",\"url\":\"\",\"contentUrl\":\"\"},{\"@type\":\"BreadcrumbList\",\"@id\":\"https:\/\/sport.luiss.it\/2014\/11\/27\/serie-b-la-luiss-e-pronta-per-ospitare-cagliari\/#breadcrumb\",\"itemListElement\":[{\"@type\":\"ListItem\",\"position\":1,\"name\":\"Home\",\"item\":\"https:\/\/sport.luiss.it\/en\/\"},{\"@type\":\"ListItem\",\"position\":2,\"name\":\"Serie B: la LUISS \u00e8 pronta per ospitare Cagliari\"}]},{\"@type\":\"WebSite\",\"@id\":\"https:\/\/sport.luiss.it\/#website\",\"url\":\"https:\/\/sport.luiss.it\/\",\"name\":\"Luiss Sport - Luiss Guido Carli\",\"description\":\"Luiss Sport\",\"potentialAction\":[{\"@type\":\"SearchAction\",\"target\":{\"@type\":\"EntryPoint\",\"urlTemplate\":\"https:\/\/sport.luiss.it\/?s={search_term_string}\"},\"query-input\":{\"@type\":\"PropertyValueSpecification\",\"valueRequired\":true,\"valueName\":\"search_term_string\"}}],\"inLanguage\":\"en-US\"},{\"@type\":\"Person\",\"@id\":\"\"}]}<\/script>\n<!-- \/ Yoast SEO plugin. -->","yoast_head_json":{"title":"Serie B: la LUISS \u00e8 pronta per ospitare Cagliari - Luiss Sport - Luiss Guido Carli","robots":{"index":"index","follow":"follow","max-snippet":"max-snippet:-1","max-image-preview":"max-image-preview:large","max-video-preview":"max-video-preview:-1"},"canonical":"https:\/\/sport.luiss.it\/2014\/11\/27\/serie-b-la-luiss-e-pronta-per-ospitare-cagliari\/","og_locale":"en_US","og_type":"article","og_title":"Serie B: la LUISS \u00e8 pronta per ospitare Cagliari - Luiss Sport - Luiss Guido Carli","og_description":"Ottenuto il primo successo lontano da Roma, \u00e8 pronta a tornare a casa l\u2019ASD LUISS che sabato 29 novembre alle 15.30 ospiter\u00e0 l\u2019Olimpia Cagliari per il 9\u00b0 turno stagionale del [&hellip;]","og_url":"https:\/\/sport.luiss.it\/2014\/11\/27\/serie-b-la-luiss-e-pronta-per-ospitare-cagliari\/","og_site_name":"Luiss Sport - Luiss Guido Carli","article_publisher":"https:\/\/www.facebook.com\/sportluiss\/","article_published_time":"2014-11-27T17:18:12+00:00","twitter_card":"summary_large_image","twitter_misc":{"Written by":"","Est. reading time":"4 minutes"},"schema":{"@context":"https:\/\/schema.org","@graph":[{"@type":"WebPage","@id":"https:\/\/sport.luiss.it\/2014\/11\/27\/serie-b-la-luiss-e-pronta-per-ospitare-cagliari\/","url":"https:\/\/sport.luiss.it\/2014\/11\/27\/serie-b-la-luiss-e-pronta-per-ospitare-cagliari\/","name":"Serie B: la LUISS \u00e8 pronta per ospitare Cagliari - Luiss Sport - Luiss Guido Carli","isPartOf":{"@id":"https:\/\/sport.luiss.it\/#website"},"primaryImageOfPage":{"@id":"https:\/\/sport.luiss.it\/2014\/11\/27\/serie-b-la-luiss-e-pronta-per-ospitare-cagliari\/#primaryimage"},"image":{"@id":"https:\/\/sport.luiss.it\/2014\/11\/27\/serie-b-la-luiss-e-pronta-per-ospitare-cagliari\/#primaryimage"},"thumbnailUrl":"","datePublished":"2014-11-27T17:18:12+00:00","author":{"@id":""},"breadcrumb":{"@id":"https:\/\/sport.luiss.it\/2014\/11\/27\/serie-b-la-luiss-e-pronta-per-ospitare-cagliari\/#breadcrumb"},"inLanguage":"en-US","potentialAction":[{"@type":"ReadAction","target":["https:\/\/sport.luiss.it\/2014\/11\/27\/serie-b-la-luiss-e-pronta-per-ospitare-cagliari\/"]}]},{"@type":"ImageObject","inLanguage":"en-US","@id":"https:\/\/sport.luiss.it\/2014\/11\/27\/serie-b-la-luiss-e-pronta-per-ospitare-cagliari\/#primaryimage","url":"","contentUrl":""},{"@type":"BreadcrumbList","@id":"https:\/\/sport.luiss.it\/2014\/11\/27\/serie-b-la-luiss-e-pronta-per-ospitare-cagliari\/#breadcrumb","itemListElement":[{"@type":"ListItem","position":1,"name":"Home","item":"https:\/\/sport.luiss.it\/en\/"},{"@type":"ListItem","position":2,"name":"Serie B: la LUISS \u00e8 pronta per ospitare Cagliari"}]},{"@type":"WebSite","@id":"https:\/\/sport.luiss.it\/#website","url":"https:\/\/sport.luiss.it\/","name":"Luiss Sport - Luiss Guido Carli","description":"Luiss Sport","potentialAction":[{"@type":"SearchAction","target":{"@type":"EntryPoint","urlTemplate":"https:\/\/sport.luiss.it\/?s={search_term_string}"},"query-input":{"@type":"PropertyValueSpecification","valueRequired":true,"valueName":"search_term_string"}}],"inLanguage":"en-US"},{"@type":"Person","@id":""}]}},"_links":{"self":[{"href":"https:\/\/sport.luiss.it\/en\/wp-json\/wp\/v2\/posts\/8276","targetHints":{"allow":["GET"]}}],"collection":[{"href":"https:\/\/sport.luiss.it\/en\/wp-json\/wp\/v2\/posts"}],"about":[{"href":"https:\/\/sport.luiss.it\/en\/wp-json\/wp\/v2\/types\/post"}],"author":[{"embeddable":true,"href":"https:\/\/sport.luiss.it\/en\/wp-json\/wp\/v2\/users\/441"}],"replies":[{"embeddable":true,"href":"https:\/\/sport.luiss.it\/en\/wp-json\/wp\/v2\/comments?post=8276"}],"version-history":[{"count":0,"href":"https:\/\/sport.luiss.it\/en\/wp-json\/wp\/v2\/posts\/8276\/revisions"}],"wp:featuredmedia":[{"embeddable":true,"href":"https:\/\/sport.luiss.it\/en\/wp-json\/"}],"wp:attachment":[{"href":"https:\/\/sport.luiss.it\/en\/wp-json\/wp\/v2\/media?parent=8276"}],"wp:term":[{"taxonomy":"category","embeddable":true,"href":"https:\/\/sport.luiss.it\/en\/wp-json\/wp\/v2\/categories?post=8276"},{"taxonomy":"post_tag","embeddable":true,"href":"https:\/\/sport.luiss.it\/en\/wp-json\/wp\/v2\/tags?post=8276"}],"curies":[{"name":"wp","href":"https:\/\/api.w.org\/{rel}","templated":true}]}}