
{"id":8426,"date":"2015-01-02T11:09:14","date_gmt":"2015-01-02T11:09:14","guid":{"rendered":"https:\/\/sport.luiss.it\/?p=8426"},"modified":"2015-01-02T11:09:14","modified_gmt":"2015-01-02T11:09:14","slug":"serie-b-la-luiss-pronta-per-la-prima-gara-del-2015","status":"publish","type":"post","link":"https:\/\/sport.luiss.it\/en\/2015\/01\/02\/serie-b-la-luiss-pronta-per-la-prima-gara-del-2015\/","title":{"rendered":"Serie B: la LUISS pronta per la prima gara del 2015"},"content":{"rendered":"<p><a href=\"https:\/\/sport.luiss.it\/wp-content\/uploads\/2015\/01\/Riccardo_Marzoli.jpg\"><img loading=\"lazy\" decoding=\"async\" class=\"alignleft size-medium wp-image-8427\" src=\"https:\/\/sport.luiss.it\/wp-content\/uploads\/2015\/01\/Riccardo_Marzoli-300x199.jpg\" alt=\"Riccardo_Marzoli\" width=\"300\" height=\"199\" \/><\/a>Pronta a ripartire l\u2019ASD LUISS che per la prima gara del 2015 render\u00e0 visita, domenica 4 gennaio, alla <strong>Ecoelpidiense Sant\u2019Elpidio<\/strong>, nella sfida valevole per l\u2019ultima giornata del girone d\u2019andata del campionato di serie B.<\/p>\n<p>Saranno le due squadre appaiate a quota 14 punti in classifica (<em>in coabitazione con l\u2019Eurobasket Roma, nda<\/em>) a sfidarsi per conquistare la quinta piazza in solitaria del girone C. La formazione marchigiana \u00e8 reduce proprio dall\u2019importante, quanto imponente, successo in casa dell\u2019Eurobasket, sconfitta con un netto 75-55 grazie ai 25 punti di<strong> Francesco Boffini<\/strong>, che con i 16.92 realizzati a partita \u00e8 la bocca di fuoco del team guidato da Marchi Schiavi, seguito da Fabi, Romani e Torresi che sono tra i migliori marcatori della Ecoelpidiense. Anche l\u2019ASD LUISS ha chiuso il 2014 con un\u2019importante vittoria, ottenuta al PalaLUISS contro la Virtus Cassino battuta 86-80, che ha consentito ai ragazzi di Paccari\u00e8 di conquistare il sesto successo consecutivo. Le due squadre si sfideranno, quindi, forti di strisce positive che hanno dato morale ad entrambi gli ambienti, pronti in vista di una partita che ha in palio 2 punti importanti per arrivare al quinto posto al giro di boa di questa stagione.<\/p>\n<p>\u00c8 <strong>Riccardo Marzoli<\/strong>, Capitano dell\u2019ASD LUISS, a parlare in occasione della prima gara del 2015: \u201c<em>Domenica affronteremo una squadra in forma che gioca in un campo caldo e che pu\u00f2 contare su giovani carichi e grandi realizzatori come Boffini, quindi dovremo fare molta attenzione ed andare a Porto Sant\u2019Elpidio con la giusta concentrazione. <strong>La prima partita dopo le feste storicamente \u00e8 sempre stata dura<\/strong> e ha sempre riservato sorprese, noi per\u00f2 abbiamo lavorato bene in queste settimane e siamo preparati per affrontare l\u2019Ecoelpidiense\u201d.<\/em><\/p>\n<p>Il numero 5 luissino parla anche del recente passato della squadra biancoblu: \u201c<em>La prima parte del campionato \u00e8 stata difficile per noi, anche perch\u00e9 il calendario non ci ha sorriso mettendoci di fronte subito le prime quattro della classe, ma quel periodo ci \u00e8 servito a crescere come squadra, e credo che i risultati si siano visti nella seconda parte del girone d\u2019andata. Sicuramente, per\u00f2, <strong>adesso non ci culliamo sugli allori<\/strong>, e continuiamo a lavorare come abbiamo sempre fatto in questi mesi, perch\u00e9 ci aspettano 14 partite dure e difficili, e noi vogliamo consolidarci nei piani alti della classifica, come abbiamo dimostrato nelle ultime sei gare.\u201d<\/em><\/p>\n<p>Il match tra Ecoelpidiense Porto Sant\u2019Elpidio e ASD LUISS Roma andr\u00e0 in scena <strong>domenica 4 gennaio alle 18 al Palasport di Porto Sant\u2019Elpidio<\/strong> (FM) dove ad arbitrare sono chiamati i Signori Stefano Papini di Pistoia e Marco Piram di Rosignano Marittimo (LI).<\/p>\n<p>La partita potr\u00e0 essere seguita sulle fan-page Facebook e Twitter Sport Luiss a partire dalle 18 con l\u2019hashtag <strong>#PSElpidioLuiss<\/strong>.<\/p>\n<p><strong>Danila Di Biase<\/strong><br \/>\n<strong>ASD LUISS<\/strong><\/p>\n","protected":false},"excerpt":{"rendered":"<p>Pronta a ripartire l\u2019ASD LUISS che per la prima gara del 2015 render\u00e0 visita, domenica 4 gennaio, alla Ecoelpidiense Sant\u2019Elpidio, nella sfida valevole per l\u2019ultima giornata del girone d\u2019andata del [&hellip;]<\/p>\n","protected":false},"author":441,"featured_media":8427,"comment_status":"closed","ping_status":"closed","sticky":false,"template":"","format":"standard","meta":{"_monsterinsights_skip_tracking":false,"_monsterinsights_sitenote_active":false,"_monsterinsights_sitenote_note":"","_monsterinsights_sitenote_category":0,"footnotes":""},"categories":[114],"tags":[],"class_list":["post-8426","post","type-post","status-publish","format-standard","has-post-thumbnail","hentry","category-news-basket-c"],"yoast_head":"<!-- This site is optimized with the Yoast SEO plugin v26.5 - https:\/\/yoast.com\/wordpress\/plugins\/seo\/ -->\n<title>Serie B: la LUISS pronta per la prima gara del 2015 - Luiss Sport - Luiss Guido Carli<\/title>\n<meta name=\"robots\" content=\"index, follow, max-snippet:-1, max-image-preview:large, max-video-preview:-1\" \/>\n<link rel=\"canonical\" href=\"https:\/\/sport.luiss.it\/2015\/01\/02\/serie-b-la-luiss-pronta-per-la-prima-gara-del-2015\/\" \/>\n<meta property=\"og:locale\" content=\"en_US\" \/>\n<meta property=\"og:type\" content=\"article\" \/>\n<meta property=\"og:title\" content=\"Serie B: la LUISS pronta per la prima gara del 2015 - Luiss Sport - Luiss Guido Carli\" \/>\n<meta property=\"og:description\" content=\"Pronta a ripartire l\u2019ASD LUISS che per la prima gara del 2015 render\u00e0 visita, domenica 4 gennaio, alla Ecoelpidiense Sant\u2019Elpidio, nella sfida valevole per l\u2019ultima giornata del girone d\u2019andata del [&hellip;]\" \/>\n<meta property=\"og:url\" content=\"https:\/\/sport.luiss.it\/2015\/01\/02\/serie-b-la-luiss-pronta-per-la-prima-gara-del-2015\/\" \/>\n<meta property=\"og:site_name\" content=\"Luiss Sport - Luiss Guido Carli\" \/>\n<meta property=\"article:publisher\" content=\"https:\/\/www.facebook.com\/sportluiss\/\" \/>\n<meta property=\"article:published_time\" content=\"2015-01-02T11:09:14+00:00\" \/>\n<meta name=\"twitter:card\" content=\"summary_large_image\" \/>\n<meta name=\"twitter:label1\" content=\"Written by\" \/>\n\t<meta name=\"twitter:data1\" content=\"\" \/>\n\t<meta name=\"twitter:label2\" content=\"Est. reading time\" \/>\n\t<meta name=\"twitter:data2\" content=\"2 minutes\" \/>\n<script type=\"application\/ld+json\" class=\"yoast-schema-graph\">{\"@context\":\"https:\/\/schema.org\",\"@graph\":[{\"@type\":\"WebPage\",\"@id\":\"https:\/\/sport.luiss.it\/2015\/01\/02\/serie-b-la-luiss-pronta-per-la-prima-gara-del-2015\/\",\"url\":\"https:\/\/sport.luiss.it\/2015\/01\/02\/serie-b-la-luiss-pronta-per-la-prima-gara-del-2015\/\",\"name\":\"Serie B: la LUISS pronta per la prima gara del 2015 - Luiss Sport - Luiss Guido Carli\",\"isPartOf\":{\"@id\":\"https:\/\/sport.luiss.it\/#website\"},\"primaryImageOfPage\":{\"@id\":\"https:\/\/sport.luiss.it\/2015\/01\/02\/serie-b-la-luiss-pronta-per-la-prima-gara-del-2015\/#primaryimage\"},\"image\":{\"@id\":\"https:\/\/sport.luiss.it\/2015\/01\/02\/serie-b-la-luiss-pronta-per-la-prima-gara-del-2015\/#primaryimage\"},\"thumbnailUrl\":\"\",\"datePublished\":\"2015-01-02T11:09:14+00:00\",\"author\":{\"@id\":\"\"},\"breadcrumb\":{\"@id\":\"https:\/\/sport.luiss.it\/2015\/01\/02\/serie-b-la-luiss-pronta-per-la-prima-gara-del-2015\/#breadcrumb\"},\"inLanguage\":\"en-US\",\"potentialAction\":[{\"@type\":\"ReadAction\",\"target\":[\"https:\/\/sport.luiss.it\/2015\/01\/02\/serie-b-la-luiss-pronta-per-la-prima-gara-del-2015\/\"]}]},{\"@type\":\"ImageObject\",\"inLanguage\":\"en-US\",\"@id\":\"https:\/\/sport.luiss.it\/2015\/01\/02\/serie-b-la-luiss-pronta-per-la-prima-gara-del-2015\/#primaryimage\",\"url\":\"\",\"contentUrl\":\"\"},{\"@type\":\"BreadcrumbList\",\"@id\":\"https:\/\/sport.luiss.it\/2015\/01\/02\/serie-b-la-luiss-pronta-per-la-prima-gara-del-2015\/#breadcrumb\",\"itemListElement\":[{\"@type\":\"ListItem\",\"position\":1,\"name\":\"Home\",\"item\":\"https:\/\/sport.luiss.it\/en\/\"},{\"@type\":\"ListItem\",\"position\":2,\"name\":\"Serie B: la LUISS pronta per la prima gara del 2015\"}]},{\"@type\":\"WebSite\",\"@id\":\"https:\/\/sport.luiss.it\/#website\",\"url\":\"https:\/\/sport.luiss.it\/\",\"name\":\"Luiss Sport - Luiss Guido Carli\",\"description\":\"Luiss Sport\",\"potentialAction\":[{\"@type\":\"SearchAction\",\"target\":{\"@type\":\"EntryPoint\",\"urlTemplate\":\"https:\/\/sport.luiss.it\/?s={search_term_string}\"},\"query-input\":{\"@type\":\"PropertyValueSpecification\",\"valueRequired\":true,\"valueName\":\"search_term_string\"}}],\"inLanguage\":\"en-US\"},{\"@type\":\"Person\",\"@id\":\"\"}]}<\/script>\n<!-- \/ Yoast SEO plugin. -->","yoast_head_json":{"title":"Serie B: la LUISS pronta per la prima gara del 2015 - Luiss Sport - Luiss Guido Carli","robots":{"index":"index","follow":"follow","max-snippet":"max-snippet:-1","max-image-preview":"max-image-preview:large","max-video-preview":"max-video-preview:-1"},"canonical":"https:\/\/sport.luiss.it\/2015\/01\/02\/serie-b-la-luiss-pronta-per-la-prima-gara-del-2015\/","og_locale":"en_US","og_type":"article","og_title":"Serie B: la LUISS pronta per la prima gara del 2015 - Luiss Sport - Luiss Guido Carli","og_description":"Pronta a ripartire l\u2019ASD LUISS che per la prima gara del 2015 render\u00e0 visita, domenica 4 gennaio, alla Ecoelpidiense Sant\u2019Elpidio, nella sfida valevole per l\u2019ultima giornata del girone d\u2019andata del [&hellip;]","og_url":"https:\/\/sport.luiss.it\/2015\/01\/02\/serie-b-la-luiss-pronta-per-la-prima-gara-del-2015\/","og_site_name":"Luiss Sport - Luiss Guido Carli","article_publisher":"https:\/\/www.facebook.com\/sportluiss\/","article_published_time":"2015-01-02T11:09:14+00:00","twitter_card":"summary_large_image","twitter_misc":{"Written by":"","Est. reading time":"2 minutes"},"schema":{"@context":"https:\/\/schema.org","@graph":[{"@type":"WebPage","@id":"https:\/\/sport.luiss.it\/2015\/01\/02\/serie-b-la-luiss-pronta-per-la-prima-gara-del-2015\/","url":"https:\/\/sport.luiss.it\/2015\/01\/02\/serie-b-la-luiss-pronta-per-la-prima-gara-del-2015\/","name":"Serie B: la LUISS pronta per la prima gara del 2015 - Luiss Sport - Luiss Guido Carli","isPartOf":{"@id":"https:\/\/sport.luiss.it\/#website"},"primaryImageOfPage":{"@id":"https:\/\/sport.luiss.it\/2015\/01\/02\/serie-b-la-luiss-pronta-per-la-prima-gara-del-2015\/#primaryimage"},"image":{"@id":"https:\/\/sport.luiss.it\/2015\/01\/02\/serie-b-la-luiss-pronta-per-la-prima-gara-del-2015\/#primaryimage"},"thumbnailUrl":"","datePublished":"2015-01-02T11:09:14+00:00","author":{"@id":""},"breadcrumb":{"@id":"https:\/\/sport.luiss.it\/2015\/01\/02\/serie-b-la-luiss-pronta-per-la-prima-gara-del-2015\/#breadcrumb"},"inLanguage":"en-US","potentialAction":[{"@type":"ReadAction","target":["https:\/\/sport.luiss.it\/2015\/01\/02\/serie-b-la-luiss-pronta-per-la-prima-gara-del-2015\/"]}]},{"@type":"ImageObject","inLanguage":"en-US","@id":"https:\/\/sport.luiss.it\/2015\/01\/02\/serie-b-la-luiss-pronta-per-la-prima-gara-del-2015\/#primaryimage","url":"","contentUrl":""},{"@type":"BreadcrumbList","@id":"https:\/\/sport.luiss.it\/2015\/01\/02\/serie-b-la-luiss-pronta-per-la-prima-gara-del-2015\/#breadcrumb","itemListElement":[{"@type":"ListItem","position":1,"name":"Home","item":"https:\/\/sport.luiss.it\/en\/"},{"@type":"ListItem","position":2,"name":"Serie B: la LUISS pronta per la prima gara del 2015"}]},{"@type":"WebSite","@id":"https:\/\/sport.luiss.it\/#website","url":"https:\/\/sport.luiss.it\/","name":"Luiss Sport - Luiss Guido Carli","description":"Luiss Sport","potentialAction":[{"@type":"SearchAction","target":{"@type":"EntryPoint","urlTemplate":"https:\/\/sport.luiss.it\/?s={search_term_string}"},"query-input":{"@type":"PropertyValueSpecification","valueRequired":true,"valueName":"search_term_string"}}],"inLanguage":"en-US"},{"@type":"Person","@id":""}]}},"_links":{"self":[{"href":"https:\/\/sport.luiss.it\/en\/wp-json\/wp\/v2\/posts\/8426","targetHints":{"allow":["GET"]}}],"collection":[{"href":"https:\/\/sport.luiss.it\/en\/wp-json\/wp\/v2\/posts"}],"about":[{"href":"https:\/\/sport.luiss.it\/en\/wp-json\/wp\/v2\/types\/post"}],"author":[{"embeddable":true,"href":"https:\/\/sport.luiss.it\/en\/wp-json\/wp\/v2\/users\/441"}],"replies":[{"embeddable":true,"href":"https:\/\/sport.luiss.it\/en\/wp-json\/wp\/v2\/comments?post=8426"}],"version-history":[{"count":0,"href":"https:\/\/sport.luiss.it\/en\/wp-json\/wp\/v2\/posts\/8426\/revisions"}],"wp:featuredmedia":[{"embeddable":true,"href":"https:\/\/sport.luiss.it\/en\/wp-json\/"}],"wp:attachment":[{"href":"https:\/\/sport.luiss.it\/en\/wp-json\/wp\/v2\/media?parent=8426"}],"wp:term":[{"taxonomy":"category","embeddable":true,"href":"https:\/\/sport.luiss.it\/en\/wp-json\/wp\/v2\/categories?post=8426"},{"taxonomy":"post_tag","embeddable":true,"href":"https:\/\/sport.luiss.it\/en\/wp-json\/wp\/v2\/tags?post=8426"}],"curies":[{"name":"wp","href":"https:\/\/api.w.org\/{rel}","templated":true}]}}