
{"id":8434,"date":"2015-01-05T15:42:02","date_gmt":"2015-01-05T15:42:02","guid":{"rendered":"https:\/\/sport.luiss.it\/?p=8434"},"modified":"2015-01-05T15:42:02","modified_gmt":"2015-01-05T15:42:02","slug":"serie-b-dimostrato-di-essere-allaltezza-di-questo-campionato","status":"publish","type":"post","link":"https:\/\/sport.luiss.it\/en\/2015\/01\/05\/serie-b-dimostrato-di-essere-allaltezza-di-questo-campionato\/","title":{"rendered":"Serie B: &#8220;Dimostrato di essere all&#8217;altezza di questo campionato&#8221;"},"content":{"rendered":"<p><a href=\"https:\/\/sport.luiss.it\/wp-content\/uploads\/2015\/01\/Andrea_Paccari\u00e8.jpg\"><img loading=\"lazy\" decoding=\"async\" class=\"alignleft size-medium wp-image-8435\" src=\"https:\/\/sport.luiss.it\/wp-content\/uploads\/2015\/01\/Andrea_Paccari\u00e8-300x210.jpg\" alt=\"Andrea_Paccari\u00e8\" width=\"300\" height=\"210\" \/><\/a>L\u2019ASD LUISS scrive all\u2019inizio del nuovo anno un pezzo importante della sua storia, conquistando per la prima volta il <strong>5\u00b0 posto in classifica in serie B<\/strong>, miglior risultato di sempre in questa categoria per la formazione universitaria. Quinto posto che giunge, inoltre, al giro di boa di questa stagione iniziata con quattro sconfitte consecutive e che prosegue nel migliore dei modi, con una <strong>striscia vincente di 7 successi iniziata il 15 novembre<\/strong> con i due punti conquistati nel derby con l\u2019Eurobasket Roma. Da allora Marzoli e compagni non hanno pi\u00f9 perso, ottenendo ben 4 vittorie lontano dal PalaLUISS, espugnando Rimini, Giulianova, Viterbo e, ieri, Porto Sant\u2019Elpidio. A Roma sono invece cadute, oltre alla gi\u00e0 citata Eurobasket, l\u2019Olimpia Cagliari e la Virtus Cassino, nell\u2019ultima gara del 2014. Una marcia eccezionale per il team luissino, che anche nel match vinto ieri in casa della Ecoelpidiense battuta nettamente per 89-72 grazie ad un ultimo quarto straordinario, sta<strong> dimostrando di poter competere con le squadre che occupano attualmente le piazze nobili del girone C<\/strong>, dopo la fase iniziale di assestamento che \u00e8 servita ai ragazzi universitari per prendere le misure di un campionato per molti completamente nuovo e per cui \u00e8 servito un periodo di ambientamento. Adesso i biancoblu sono pronti per continuare a stupire, pur consapevoli delle difficolt\u00e0 cui andranno incontro in un girone di ritorno che vedr\u00e0 tutte le squadre lottare ulteriormente per conseguire gli obiettivi di inizio stagione.<\/p>\n<p>\u00c8 <strong>Coach Andrea Paccari\u00e8<\/strong> a parlare l\u2019indomani della vittoria con l\u2019Ecoelpidiense, garantendo che nessuno si permetter\u00e0 voli pindarici proprio adesso in cui si deve continuare a lavorare bene per ottenere altrettante soddisfazioni come quelle giunte sinora: \u201c<em>Ieri abbiamo disputato una partita molto intensa, e per certi versi \u00e8 stata quasi una sorpresa per noi perch\u00e9 in genere dopo le feste come quelle natalizie dove gli allenamenti si alternano a qualche giorno di stop pu\u00f2 esserci un calo d\u2019attenzione e di forma, cos\u00ec non \u00e8 stato ed anzi i 28 punti segnati nell\u2019ultimo quarto sono la <strong>dimostrazione di un bell\u2019atteggiamento e di una buona condizione fisica generale di tutti i giocator<\/strong>i. Dopo 4 mesi<\/em> \u2013 continua l\u2019allenatore luissino \u2013 <em>i valori del girone si sono delineati, e per quanto ci riguarda se si esclude la sconfitta a Fondi nella prima giornata, per il resto abbiamo sempre cercato di essere competitivi giocando partite intense, cosa che dobbiamo provare a fare anche in futuro per raggiungere il nostro obiettivo che resta quello di salvarci il prima possibile. Adesso il calendario ci mette di fronte a cinque partite difficili, dove incontreremo Fondi, le prime della classe ed una Stella Azzurra totalmente rivoluzionata rispetto a quella che abbiamo incontrato a novembre, quindi <strong>andiamo incontro ad un altro periodo particolarmente intenso<\/strong> come quello vissuto nelle prime settimane di dicembre. Penso che finora siamo stati all\u2019altezza di questo campionato, cosa che probabilmente non tutti ad inizio stagione pensavano sarebbe successo, ma comunque non ci fermiamo e lavoriamo per continuare a conquistare punti, consapevoli che tra 40 giorni avremo pi\u00f9 chiaro il nostro destino, in attesa di scoprire cosa ci riserver\u00e0 la primavera.\u201d<\/em><\/p>\n<p>La LUISS torner\u00e0 in campo direttamente<strong> domenica 18 gennaio per la sfida in casa della NPC Rieti,<\/strong> dopo lo spostamento della gara contro la Virtus Fondi che non si disputer\u00e0 il 10 gennaio, come previsto dal calendario, ma gioved\u00ec 29 alle 20.30 al PalaLUISS.<\/p>\n<p><strong>Danila Di Biase<\/strong><br \/>\n<strong>ASD LUISS<\/strong><\/p>\n","protected":false},"excerpt":{"rendered":"<p>L\u2019ASD LUISS scrive all\u2019inizio del nuovo anno un pezzo importante della sua storia, conquistando per la prima volta il 5\u00b0 posto in classifica in serie B, miglior risultato di sempre [&hellip;]<\/p>\n","protected":false},"author":441,"featured_media":8435,"comment_status":"closed","ping_status":"closed","sticky":false,"template":"","format":"standard","meta":{"_monsterinsights_skip_tracking":false,"_monsterinsights_sitenote_active":false,"_monsterinsights_sitenote_note":"","_monsterinsights_sitenote_category":0,"footnotes":""},"categories":[114],"tags":[],"class_list":["post-8434","post","type-post","status-publish","format-standard","has-post-thumbnail","hentry","category-news-basket-c"],"yoast_head":"<!-- This site is optimized with the Yoast SEO plugin v26.5 - https:\/\/yoast.com\/wordpress\/plugins\/seo\/ -->\n<title>Serie B: &quot;Dimostrato di essere all&#039;altezza di questo campionato&quot; - Luiss Sport - Luiss Guido Carli<\/title>\n<meta name=\"robots\" content=\"index, follow, max-snippet:-1, max-image-preview:large, max-video-preview:-1\" \/>\n<link rel=\"canonical\" href=\"https:\/\/sport.luiss.it\/2015\/01\/05\/serie-b-dimostrato-di-essere-allaltezza-di-questo-campionato\/\" \/>\n<meta property=\"og:locale\" content=\"en_US\" \/>\n<meta property=\"og:type\" content=\"article\" \/>\n<meta property=\"og:title\" content=\"Serie B: &quot;Dimostrato di essere all&#039;altezza di questo campionato&quot; - Luiss Sport - Luiss Guido Carli\" \/>\n<meta property=\"og:description\" content=\"L\u2019ASD LUISS scrive all\u2019inizio del nuovo anno un pezzo importante della sua storia, conquistando per la prima volta il 5\u00b0 posto in classifica in serie B, miglior risultato di sempre [&hellip;]\" \/>\n<meta property=\"og:url\" content=\"https:\/\/sport.luiss.it\/2015\/01\/05\/serie-b-dimostrato-di-essere-allaltezza-di-questo-campionato\/\" \/>\n<meta property=\"og:site_name\" content=\"Luiss Sport - Luiss Guido Carli\" \/>\n<meta property=\"article:publisher\" content=\"https:\/\/www.facebook.com\/sportluiss\/\" \/>\n<meta property=\"article:published_time\" content=\"2015-01-05T15:42:02+00:00\" \/>\n<meta name=\"twitter:card\" content=\"summary_large_image\" \/>\n<meta name=\"twitter:label1\" content=\"Written by\" \/>\n\t<meta name=\"twitter:data1\" content=\"\" \/>\n\t<meta name=\"twitter:label2\" content=\"Est. reading time\" \/>\n\t<meta name=\"twitter:data2\" content=\"3 minutes\" \/>\n<script type=\"application\/ld+json\" class=\"yoast-schema-graph\">{\"@context\":\"https:\/\/schema.org\",\"@graph\":[{\"@type\":\"WebPage\",\"@id\":\"https:\/\/sport.luiss.it\/2015\/01\/05\/serie-b-dimostrato-di-essere-allaltezza-di-questo-campionato\/\",\"url\":\"https:\/\/sport.luiss.it\/2015\/01\/05\/serie-b-dimostrato-di-essere-allaltezza-di-questo-campionato\/\",\"name\":\"Serie B: \\\"Dimostrato di essere all'altezza di questo campionato\\\" - Luiss Sport - Luiss Guido Carli\",\"isPartOf\":{\"@id\":\"https:\/\/sport.luiss.it\/#website\"},\"primaryImageOfPage\":{\"@id\":\"https:\/\/sport.luiss.it\/2015\/01\/05\/serie-b-dimostrato-di-essere-allaltezza-di-questo-campionato\/#primaryimage\"},\"image\":{\"@id\":\"https:\/\/sport.luiss.it\/2015\/01\/05\/serie-b-dimostrato-di-essere-allaltezza-di-questo-campionato\/#primaryimage\"},\"thumbnailUrl\":\"\",\"datePublished\":\"2015-01-05T15:42:02+00:00\",\"author\":{\"@id\":\"\"},\"breadcrumb\":{\"@id\":\"https:\/\/sport.luiss.it\/2015\/01\/05\/serie-b-dimostrato-di-essere-allaltezza-di-questo-campionato\/#breadcrumb\"},\"inLanguage\":\"en-US\",\"potentialAction\":[{\"@type\":\"ReadAction\",\"target\":[\"https:\/\/sport.luiss.it\/2015\/01\/05\/serie-b-dimostrato-di-essere-allaltezza-di-questo-campionato\/\"]}]},{\"@type\":\"ImageObject\",\"inLanguage\":\"en-US\",\"@id\":\"https:\/\/sport.luiss.it\/2015\/01\/05\/serie-b-dimostrato-di-essere-allaltezza-di-questo-campionato\/#primaryimage\",\"url\":\"\",\"contentUrl\":\"\"},{\"@type\":\"BreadcrumbList\",\"@id\":\"https:\/\/sport.luiss.it\/2015\/01\/05\/serie-b-dimostrato-di-essere-allaltezza-di-questo-campionato\/#breadcrumb\",\"itemListElement\":[{\"@type\":\"ListItem\",\"position\":1,\"name\":\"Home\",\"item\":\"https:\/\/sport.luiss.it\/en\/\"},{\"@type\":\"ListItem\",\"position\":2,\"name\":\"Serie B: &#8220;Dimostrato di essere all&#8217;altezza di questo campionato&#8221;\"}]},{\"@type\":\"WebSite\",\"@id\":\"https:\/\/sport.luiss.it\/#website\",\"url\":\"https:\/\/sport.luiss.it\/\",\"name\":\"Luiss Sport - Luiss Guido Carli\",\"description\":\"Luiss Sport\",\"potentialAction\":[{\"@type\":\"SearchAction\",\"target\":{\"@type\":\"EntryPoint\",\"urlTemplate\":\"https:\/\/sport.luiss.it\/?s={search_term_string}\"},\"query-input\":{\"@type\":\"PropertyValueSpecification\",\"valueRequired\":true,\"valueName\":\"search_term_string\"}}],\"inLanguage\":\"en-US\"},{\"@type\":\"Person\",\"@id\":\"\"}]}<\/script>\n<!-- \/ Yoast SEO plugin. -->","yoast_head_json":{"title":"Serie B: \"Dimostrato di essere all'altezza di questo campionato\" - Luiss Sport - Luiss Guido Carli","robots":{"index":"index","follow":"follow","max-snippet":"max-snippet:-1","max-image-preview":"max-image-preview:large","max-video-preview":"max-video-preview:-1"},"canonical":"https:\/\/sport.luiss.it\/2015\/01\/05\/serie-b-dimostrato-di-essere-allaltezza-di-questo-campionato\/","og_locale":"en_US","og_type":"article","og_title":"Serie B: \"Dimostrato di essere all'altezza di questo campionato\" - Luiss Sport - Luiss Guido Carli","og_description":"L\u2019ASD LUISS scrive all\u2019inizio del nuovo anno un pezzo importante della sua storia, conquistando per la prima volta il 5\u00b0 posto in classifica in serie B, miglior risultato di sempre [&hellip;]","og_url":"https:\/\/sport.luiss.it\/2015\/01\/05\/serie-b-dimostrato-di-essere-allaltezza-di-questo-campionato\/","og_site_name":"Luiss Sport - Luiss Guido Carli","article_publisher":"https:\/\/www.facebook.com\/sportluiss\/","article_published_time":"2015-01-05T15:42:02+00:00","twitter_card":"summary_large_image","twitter_misc":{"Written by":"","Est. reading time":"3 minutes"},"schema":{"@context":"https:\/\/schema.org","@graph":[{"@type":"WebPage","@id":"https:\/\/sport.luiss.it\/2015\/01\/05\/serie-b-dimostrato-di-essere-allaltezza-di-questo-campionato\/","url":"https:\/\/sport.luiss.it\/2015\/01\/05\/serie-b-dimostrato-di-essere-allaltezza-di-questo-campionato\/","name":"Serie B: \"Dimostrato di essere all'altezza di questo campionato\" - Luiss Sport - Luiss Guido Carli","isPartOf":{"@id":"https:\/\/sport.luiss.it\/#website"},"primaryImageOfPage":{"@id":"https:\/\/sport.luiss.it\/2015\/01\/05\/serie-b-dimostrato-di-essere-allaltezza-di-questo-campionato\/#primaryimage"},"image":{"@id":"https:\/\/sport.luiss.it\/2015\/01\/05\/serie-b-dimostrato-di-essere-allaltezza-di-questo-campionato\/#primaryimage"},"thumbnailUrl":"","datePublished":"2015-01-05T15:42:02+00:00","author":{"@id":""},"breadcrumb":{"@id":"https:\/\/sport.luiss.it\/2015\/01\/05\/serie-b-dimostrato-di-essere-allaltezza-di-questo-campionato\/#breadcrumb"},"inLanguage":"en-US","potentialAction":[{"@type":"ReadAction","target":["https:\/\/sport.luiss.it\/2015\/01\/05\/serie-b-dimostrato-di-essere-allaltezza-di-questo-campionato\/"]}]},{"@type":"ImageObject","inLanguage":"en-US","@id":"https:\/\/sport.luiss.it\/2015\/01\/05\/serie-b-dimostrato-di-essere-allaltezza-di-questo-campionato\/#primaryimage","url":"","contentUrl":""},{"@type":"BreadcrumbList","@id":"https:\/\/sport.luiss.it\/2015\/01\/05\/serie-b-dimostrato-di-essere-allaltezza-di-questo-campionato\/#breadcrumb","itemListElement":[{"@type":"ListItem","position":1,"name":"Home","item":"https:\/\/sport.luiss.it\/en\/"},{"@type":"ListItem","position":2,"name":"Serie B: &#8220;Dimostrato di essere all&#8217;altezza di questo campionato&#8221;"}]},{"@type":"WebSite","@id":"https:\/\/sport.luiss.it\/#website","url":"https:\/\/sport.luiss.it\/","name":"Luiss Sport - Luiss Guido Carli","description":"Luiss Sport","potentialAction":[{"@type":"SearchAction","target":{"@type":"EntryPoint","urlTemplate":"https:\/\/sport.luiss.it\/?s={search_term_string}"},"query-input":{"@type":"PropertyValueSpecification","valueRequired":true,"valueName":"search_term_string"}}],"inLanguage":"en-US"},{"@type":"Person","@id":""}]}},"_links":{"self":[{"href":"https:\/\/sport.luiss.it\/en\/wp-json\/wp\/v2\/posts\/8434","targetHints":{"allow":["GET"]}}],"collection":[{"href":"https:\/\/sport.luiss.it\/en\/wp-json\/wp\/v2\/posts"}],"about":[{"href":"https:\/\/sport.luiss.it\/en\/wp-json\/wp\/v2\/types\/post"}],"author":[{"embeddable":true,"href":"https:\/\/sport.luiss.it\/en\/wp-json\/wp\/v2\/users\/441"}],"replies":[{"embeddable":true,"href":"https:\/\/sport.luiss.it\/en\/wp-json\/wp\/v2\/comments?post=8434"}],"version-history":[{"count":0,"href":"https:\/\/sport.luiss.it\/en\/wp-json\/wp\/v2\/posts\/8434\/revisions"}],"wp:featuredmedia":[{"embeddable":true,"href":"https:\/\/sport.luiss.it\/en\/wp-json\/"}],"wp:attachment":[{"href":"https:\/\/sport.luiss.it\/en\/wp-json\/wp\/v2\/media?parent=8434"}],"wp:term":[{"taxonomy":"category","embeddable":true,"href":"https:\/\/sport.luiss.it\/en\/wp-json\/wp\/v2\/categories?post=8434"},{"taxonomy":"post_tag","embeddable":true,"href":"https:\/\/sport.luiss.it\/en\/wp-json\/wp\/v2\/tags?post=8434"}],"curies":[{"name":"wp","href":"https:\/\/api.w.org\/{rel}","templated":true}]}}