
{"id":8496,"date":"2015-01-22T11:23:34","date_gmt":"2015-01-22T11:23:34","guid":{"rendered":"https:\/\/sport.luiss.it\/?p=8496"},"modified":"2015-01-22T11:23:34","modified_gmt":"2015-01-22T11:23:34","slug":"serie-b-la-luiss-ospita-la-capolista-palestrina","status":"publish","type":"post","link":"https:\/\/sport.luiss.it\/en\/2015\/01\/22\/serie-b-la-luiss-ospita-la-capolista-palestrina\/","title":{"rendered":"Serie B: la LUISS ospita la capolista Palestrina"},"content":{"rendered":"<p><a href=\"https:\/\/sport.luiss.it\/wp-content\/uploads\/2015\/01\/Andrea_Paccari\u00e8_1.jpg\"><img loading=\"lazy\" decoding=\"async\" class=\"alignleft size-medium wp-image-8497\" src=\"https:\/\/sport.luiss.it\/wp-content\/uploads\/2015\/01\/Andrea_Paccari\u00e8_1-300x246.jpg\" alt=\"Andrea_Paccari\u00e8_1\" width=\"300\" height=\"246\" \/><\/a>Dopo la partita in casa della seconda della classe NPC Rieti, per l\u2019ASD LUISS \u00e8 ora tempo di affrontare la capolista <strong>Citysightseeing Palestrina<\/strong> che sabato 24 gennaio arriver\u00e0 al PalaLUISS in occasione del 16\u00b0 turno stagionale del campionato di serie B.<\/p>\n<p>Un altro match difficile, quindi, per gli universitari che gi\u00e0 domenica scorsa hanno dimostrato di poter ben figurare contro le corazzate del girone, pur uscendo sconfitti dal Pala Sojourner di Rieti con il risultato di 73-61. Questa volta, per\u00f2, a<strong>rriver\u00e0 a Roma una squadra ferita, che nell\u2019ultimo turno ha ottenuto la prima sconfitta della stagione dopo 14 vittorie consecutive<\/strong> che hanno portato la formazione di Coach Lulli al comando del girone B. Gli arancio-verdi, infatti, si sono fatti sorprendere dalla Pallacanestro Senigallia che ha espugnato il Pala Iaia con il risultato di 92-87, regalando a Gagliardo e compagni la prima delusione dell\u2019anno. Servir\u00e0 una grande LUISS per battere una Palestrina che gi\u00e0 da sabato vorr\u00e0 riprendere la marcia interrotta con Senigallia, anche perch\u00e9 alle spalle incombe Rieti ora distante solo 2 punti dalla Citysightseeing. Nel turno d\u2019andata gli arancio-verdi si imposero sulla LUISS con il risultato di 79-72 al termine di una partita che \u00e8 stata decisa solo negli ultimi 60\u2019\u2019 dalla tripla decisiva di Vitale (in dubbio per sabato, nda) che spense sul finale i sogni di gloria della prima vittoria stagionale degli universitari. Da quella gara per\u00f2 molto \u00e8 cambiato, con l\u2019<strong>ASD LUISS<\/strong> che ai tempi viaggiava in ultima posizione e che poi <strong>si \u00e8 resa protagonista di una grande cavalcata che l\u2019ha portata a conquistare il 5\u00b0 posto al giro di boa del campionato<\/strong>, con una striscia di 7 successi consecutivi che si \u00e8 interrotta proprio domenica in quel di Rieti.<\/p>\n<p>\u00c8 <strong>Coach Andrea Paccari\u00e8<\/strong> a parlare alla vigilia della sfida con la capolista: \u201c<em>Palestrina \u00e8 la seconda di una lunga serie di partite con le squadre di vertice che ci vedranno protagonisti in questi due mesi, quindi sar\u00e0 un altro test durissimo, che dovr\u00e0 permetterci di verificare quant\u2019\u00e8 la nostra voglia, la nostra idea di voler competere con le prime formazioni del girone, e di <strong>non accontentarci di quanto fatto finora<\/strong>. La forza delle prime della classe \u00e8 palese, la classifica parla chiaramente e non serve un indovino per rendersi conto di quanto siano competitive, noi comunque dobbiamo, come detto prima, cercare di capire quanto possiamo lottare con squadre di questo livello. A Rieti<\/em> \u2013 continua l\u2019allenatore capitolino \u2013 <em>questo non \u00e8 sempre successo, sicuramente non in maniera costante, perch\u00e9 abbiamo avuto un atteggiamento positivo ma non continuo nel tempo. Domenica scorsa avrei preferito rimanere in partita per tutta la durata del match piuttosto che vedere solo la reazione nel finale, perch\u00e9 non mi interessa avere una squadra che ricuce uno svantaggio in una partita gi\u00e0 persa, ma<strong> voglio averne una che resti in partita per 40\u2019, che giochi in maniera costante come sa fare, e che dimostri di voler vincere anche queste partite<\/strong> contro le squadre che ci precedono in classifica.<\/em>\u201d<\/p>\n<p>Il match tra ASD LUISS e Citysightseeing Palestrina andr\u00e0 in scena <strong>sabato 24 gennaio alle 18 al PalaLUISS<\/strong>, dove ad arbitrare sono chiamati i Signori Massimiliano D\u2019Errico di Pulsano (TA) e Nunzio Spano di Sannicandrio di Bari (BA).<\/p>\n<p>A partire dalle 17 sar\u00e0 possibile seguire la partita sulle fan-page facebook e twitter Sport LUISS con l\u2019hashtag #LuissPalestrina.<\/p>\n<p><strong>Danila Di Biase<\/strong><br \/>\n<strong>ASD LUISS<\/strong><\/p>\n<p>(fonte foto: twinsebastiani.it)<\/p>\n","protected":false},"excerpt":{"rendered":"<p>Dopo la partita in casa della seconda della classe NPC Rieti, per l\u2019ASD LUISS \u00e8 ora tempo di affrontare la capolista Citysightseeing Palestrina che sabato 24 gennaio arriver\u00e0 al PalaLUISS [&hellip;]<\/p>\n","protected":false},"author":441,"featured_media":8497,"comment_status":"closed","ping_status":"closed","sticky":false,"template":"","format":"standard","meta":{"_monsterinsights_skip_tracking":false,"_monsterinsights_sitenote_active":false,"_monsterinsights_sitenote_note":"","_monsterinsights_sitenote_category":0,"footnotes":""},"categories":[114],"tags":[],"class_list":["post-8496","post","type-post","status-publish","format-standard","has-post-thumbnail","hentry","category-news-basket-c"],"yoast_head":"<!-- This site is optimized with the Yoast SEO plugin v26.5 - https:\/\/yoast.com\/wordpress\/plugins\/seo\/ -->\n<title>Serie B: la LUISS ospita la capolista Palestrina - Luiss Sport - Luiss Guido Carli<\/title>\n<meta name=\"robots\" content=\"index, follow, max-snippet:-1, max-image-preview:large, max-video-preview:-1\" \/>\n<link rel=\"canonical\" href=\"https:\/\/sport.luiss.it\/2015\/01\/22\/serie-b-la-luiss-ospita-la-capolista-palestrina\/\" \/>\n<meta property=\"og:locale\" content=\"en_US\" \/>\n<meta property=\"og:type\" content=\"article\" \/>\n<meta property=\"og:title\" content=\"Serie B: la LUISS ospita la capolista Palestrina - Luiss Sport - Luiss Guido Carli\" \/>\n<meta property=\"og:description\" content=\"Dopo la partita in casa della seconda della classe NPC Rieti, per l\u2019ASD LUISS \u00e8 ora tempo di affrontare la capolista Citysightseeing Palestrina che sabato 24 gennaio arriver\u00e0 al PalaLUISS [&hellip;]\" \/>\n<meta property=\"og:url\" content=\"https:\/\/sport.luiss.it\/2015\/01\/22\/serie-b-la-luiss-ospita-la-capolista-palestrina\/\" \/>\n<meta property=\"og:site_name\" content=\"Luiss Sport - Luiss Guido Carli\" \/>\n<meta property=\"article:publisher\" content=\"https:\/\/www.facebook.com\/sportluiss\/\" \/>\n<meta property=\"article:published_time\" content=\"2015-01-22T11:23:34+00:00\" \/>\n<meta name=\"twitter:card\" content=\"summary_large_image\" \/>\n<meta name=\"twitter:label1\" content=\"Written by\" \/>\n\t<meta name=\"twitter:data1\" content=\"\" \/>\n\t<meta name=\"twitter:label2\" content=\"Est. reading time\" \/>\n\t<meta name=\"twitter:data2\" content=\"3 minutes\" \/>\n<script type=\"application\/ld+json\" class=\"yoast-schema-graph\">{\"@context\":\"https:\/\/schema.org\",\"@graph\":[{\"@type\":\"WebPage\",\"@id\":\"https:\/\/sport.luiss.it\/2015\/01\/22\/serie-b-la-luiss-ospita-la-capolista-palestrina\/\",\"url\":\"https:\/\/sport.luiss.it\/2015\/01\/22\/serie-b-la-luiss-ospita-la-capolista-palestrina\/\",\"name\":\"Serie B: la LUISS ospita la capolista Palestrina - Luiss Sport - Luiss Guido Carli\",\"isPartOf\":{\"@id\":\"https:\/\/sport.luiss.it\/#website\"},\"primaryImageOfPage\":{\"@id\":\"https:\/\/sport.luiss.it\/2015\/01\/22\/serie-b-la-luiss-ospita-la-capolista-palestrina\/#primaryimage\"},\"image\":{\"@id\":\"https:\/\/sport.luiss.it\/2015\/01\/22\/serie-b-la-luiss-ospita-la-capolista-palestrina\/#primaryimage\"},\"thumbnailUrl\":\"\",\"datePublished\":\"2015-01-22T11:23:34+00:00\",\"author\":{\"@id\":\"\"},\"breadcrumb\":{\"@id\":\"https:\/\/sport.luiss.it\/2015\/01\/22\/serie-b-la-luiss-ospita-la-capolista-palestrina\/#breadcrumb\"},\"inLanguage\":\"en-US\",\"potentialAction\":[{\"@type\":\"ReadAction\",\"target\":[\"https:\/\/sport.luiss.it\/2015\/01\/22\/serie-b-la-luiss-ospita-la-capolista-palestrina\/\"]}]},{\"@type\":\"ImageObject\",\"inLanguage\":\"en-US\",\"@id\":\"https:\/\/sport.luiss.it\/2015\/01\/22\/serie-b-la-luiss-ospita-la-capolista-palestrina\/#primaryimage\",\"url\":\"\",\"contentUrl\":\"\"},{\"@type\":\"BreadcrumbList\",\"@id\":\"https:\/\/sport.luiss.it\/2015\/01\/22\/serie-b-la-luiss-ospita-la-capolista-palestrina\/#breadcrumb\",\"itemListElement\":[{\"@type\":\"ListItem\",\"position\":1,\"name\":\"Home\",\"item\":\"https:\/\/sport.luiss.it\/en\/\"},{\"@type\":\"ListItem\",\"position\":2,\"name\":\"Serie B: la LUISS ospita la capolista Palestrina\"}]},{\"@type\":\"WebSite\",\"@id\":\"https:\/\/sport.luiss.it\/#website\",\"url\":\"https:\/\/sport.luiss.it\/\",\"name\":\"Luiss Sport - Luiss Guido Carli\",\"description\":\"Luiss Sport\",\"potentialAction\":[{\"@type\":\"SearchAction\",\"target\":{\"@type\":\"EntryPoint\",\"urlTemplate\":\"https:\/\/sport.luiss.it\/?s={search_term_string}\"},\"query-input\":{\"@type\":\"PropertyValueSpecification\",\"valueRequired\":true,\"valueName\":\"search_term_string\"}}],\"inLanguage\":\"en-US\"},{\"@type\":\"Person\",\"@id\":\"\"}]}<\/script>\n<!-- \/ Yoast SEO plugin. -->","yoast_head_json":{"title":"Serie B: la LUISS ospita la capolista Palestrina - Luiss Sport - Luiss Guido Carli","robots":{"index":"index","follow":"follow","max-snippet":"max-snippet:-1","max-image-preview":"max-image-preview:large","max-video-preview":"max-video-preview:-1"},"canonical":"https:\/\/sport.luiss.it\/2015\/01\/22\/serie-b-la-luiss-ospita-la-capolista-palestrina\/","og_locale":"en_US","og_type":"article","og_title":"Serie B: la LUISS ospita la capolista Palestrina - Luiss Sport - Luiss Guido Carli","og_description":"Dopo la partita in casa della seconda della classe NPC Rieti, per l\u2019ASD LUISS \u00e8 ora tempo di affrontare la capolista Citysightseeing Palestrina che sabato 24 gennaio arriver\u00e0 al PalaLUISS [&hellip;]","og_url":"https:\/\/sport.luiss.it\/2015\/01\/22\/serie-b-la-luiss-ospita-la-capolista-palestrina\/","og_site_name":"Luiss Sport - Luiss Guido Carli","article_publisher":"https:\/\/www.facebook.com\/sportluiss\/","article_published_time":"2015-01-22T11:23:34+00:00","twitter_card":"summary_large_image","twitter_misc":{"Written by":"","Est. reading time":"3 minutes"},"schema":{"@context":"https:\/\/schema.org","@graph":[{"@type":"WebPage","@id":"https:\/\/sport.luiss.it\/2015\/01\/22\/serie-b-la-luiss-ospita-la-capolista-palestrina\/","url":"https:\/\/sport.luiss.it\/2015\/01\/22\/serie-b-la-luiss-ospita-la-capolista-palestrina\/","name":"Serie B: la LUISS ospita la capolista Palestrina - Luiss Sport - Luiss Guido Carli","isPartOf":{"@id":"https:\/\/sport.luiss.it\/#website"},"primaryImageOfPage":{"@id":"https:\/\/sport.luiss.it\/2015\/01\/22\/serie-b-la-luiss-ospita-la-capolista-palestrina\/#primaryimage"},"image":{"@id":"https:\/\/sport.luiss.it\/2015\/01\/22\/serie-b-la-luiss-ospita-la-capolista-palestrina\/#primaryimage"},"thumbnailUrl":"","datePublished":"2015-01-22T11:23:34+00:00","author":{"@id":""},"breadcrumb":{"@id":"https:\/\/sport.luiss.it\/2015\/01\/22\/serie-b-la-luiss-ospita-la-capolista-palestrina\/#breadcrumb"},"inLanguage":"en-US","potentialAction":[{"@type":"ReadAction","target":["https:\/\/sport.luiss.it\/2015\/01\/22\/serie-b-la-luiss-ospita-la-capolista-palestrina\/"]}]},{"@type":"ImageObject","inLanguage":"en-US","@id":"https:\/\/sport.luiss.it\/2015\/01\/22\/serie-b-la-luiss-ospita-la-capolista-palestrina\/#primaryimage","url":"","contentUrl":""},{"@type":"BreadcrumbList","@id":"https:\/\/sport.luiss.it\/2015\/01\/22\/serie-b-la-luiss-ospita-la-capolista-palestrina\/#breadcrumb","itemListElement":[{"@type":"ListItem","position":1,"name":"Home","item":"https:\/\/sport.luiss.it\/en\/"},{"@type":"ListItem","position":2,"name":"Serie B: la LUISS ospita la capolista Palestrina"}]},{"@type":"WebSite","@id":"https:\/\/sport.luiss.it\/#website","url":"https:\/\/sport.luiss.it\/","name":"Luiss Sport - Luiss Guido Carli","description":"Luiss Sport","potentialAction":[{"@type":"SearchAction","target":{"@type":"EntryPoint","urlTemplate":"https:\/\/sport.luiss.it\/?s={search_term_string}"},"query-input":{"@type":"PropertyValueSpecification","valueRequired":true,"valueName":"search_term_string"}}],"inLanguage":"en-US"},{"@type":"Person","@id":""}]}},"_links":{"self":[{"href":"https:\/\/sport.luiss.it\/en\/wp-json\/wp\/v2\/posts\/8496","targetHints":{"allow":["GET"]}}],"collection":[{"href":"https:\/\/sport.luiss.it\/en\/wp-json\/wp\/v2\/posts"}],"about":[{"href":"https:\/\/sport.luiss.it\/en\/wp-json\/wp\/v2\/types\/post"}],"author":[{"embeddable":true,"href":"https:\/\/sport.luiss.it\/en\/wp-json\/wp\/v2\/users\/441"}],"replies":[{"embeddable":true,"href":"https:\/\/sport.luiss.it\/en\/wp-json\/wp\/v2\/comments?post=8496"}],"version-history":[{"count":0,"href":"https:\/\/sport.luiss.it\/en\/wp-json\/wp\/v2\/posts\/8496\/revisions"}],"wp:featuredmedia":[{"embeddable":true,"href":"https:\/\/sport.luiss.it\/en\/wp-json\/"}],"wp:attachment":[{"href":"https:\/\/sport.luiss.it\/en\/wp-json\/wp\/v2\/media?parent=8496"}],"wp:term":[{"taxonomy":"category","embeddable":true,"href":"https:\/\/sport.luiss.it\/en\/wp-json\/wp\/v2\/categories?post=8496"},{"taxonomy":"post_tag","embeddable":true,"href":"https:\/\/sport.luiss.it\/en\/wp-json\/wp\/v2\/tags?post=8496"}],"curies":[{"name":"wp","href":"https:\/\/api.w.org\/{rel}","templated":true}]}}