
{"id":8510,"date":"2015-01-25T10:50:40","date_gmt":"2015-01-25T10:50:40","guid":{"rendered":"https:\/\/sport.luiss.it\/?p=8510"},"modified":"2015-01-25T10:50:40","modified_gmt":"2015-01-25T10:50:40","slug":"serie-b-le-dichiarazioni-di-coach-paccarie","status":"publish","type":"post","link":"https:\/\/sport.luiss.it\/en\/2015\/01\/25\/serie-b-le-dichiarazioni-di-coach-paccarie\/","title":{"rendered":"Serie B: le dichiarazioni di Coach Paccari\u00e8"},"content":{"rendered":"<p><a href=\"https:\/\/sport.luiss.it\/wp-content\/uploads\/2015\/01\/Marzoli_Paccari\u00e8.png\"><img loading=\"lazy\" decoding=\"async\" class=\"alignleft size-medium wp-image-8511\" src=\"https:\/\/sport.luiss.it\/wp-content\/uploads\/2015\/01\/Marzoli_Paccari\u00e8-199x300.png\" alt=\"Marzoli_Paccari\u00e8\" width=\"199\" height=\"300\" \/><\/a>L\u2019indomani della sconfitta con Palestrina (82-84), giunta solo nei secondi finali di un match combattuto per 40\u2019, \u00e8 tempo di analisi per l\u2019ASD LUISS, che per\u00f2 gi\u00e0 guarda alla sfida che<strong> gioved\u00ec 29 gennaio alle 20.30 PalaLUISS la vedr\u00e0 affrontare la Virtus Fondi<\/strong> nel recupero della prima giornata di ritorno che non si \u00e8 disputata il 10 gennaio.<\/p>\n<p>Le impressioni del post-partita sono affidate a <strong>Coach Andrea Paccari\u00e8<\/strong>: \u201c<em>Quella con Palestrina \u00e8 stata una partita intensa e sempre in equilibrio, dove siamo stati molto pi\u00f9 competitivi rispetto a quanto dimostrato a Rieti, anche se purtroppo non sempre attenti in alcune situazioni difensive, dove abbiamo concesso troppo spazio a giocatori come Samoggia, che sapevamo si sarebbero presi pi\u00f9 responsabilit\u00e0 data l\u2019assenza di Vitale. <strong>Siamo andati meglio in fase offensiva<\/strong>, anche senza percentuali particolarmente positive, poi abbiamo pagato alla fine la maggiore determinazione dei nostri avversari e un paio di errori difensivi che ci hanno penalizzato, quindi direi che l\u2019abbiamo \u2018soltanto\u2019 persa, non buttata.\u201d<\/em><\/p>\n<p>Sui miglioramenti della sua squadra l\u2019allenatore capitolino commenta: \u201c<em>Sono sicuro che si possa fare meglio, <strong>la nostra situazione attuale di classifica ci dice che siamo sempre stati competitivi nel corso di tutto il campionato<\/strong>, quindi non abbiamo bisogno di dimostrare che possiamo giocarcela con tutti, ma di migliorare certi aspetti, d\u2019altronde sapevamo che sarebbe stato un campionato duro, non dobbiamo dimenticare che abbiamo iniziato con uno 0\/5, per questo non possiamo pensare ad altro se non al crescere come forza sia dei singoli che del collettivo.\u201d<\/em><\/p>\n<p>Chiusa la pagina Palestrina, Coach Paccari\u00e8 parla poi <strong>in vista del recupero di gioved\u00ec 29<\/strong> che vedr\u00e0 la formazione universitaria opposta alla <strong>Virtus Fondi<\/strong>, squadra che occupa attualmente l\u201911\u00b0 posto nel girone C a quota 8 punti, e che all\u2019andata, nel match d\u2019esordio di questa stagione, si era imposta sui luissini con il risultato di 62-52: \u201c<em>La gara con Fondi \u00e8 una partita chiave per noi, per rimanere agganciati alle squadre di testa e a non venire quindi risucchiati da quelle che abbiamo alle spalle, ci dovr\u00e0 servire per mettere un altro tassello importante nella pratica salvezza che resta comunque il nostro obiettivo primario. <strong>Il match di gioved\u00ec diventa quindi fondamentale per quanto ci riguarda<\/strong>, quindi dovremo essere lucidi, attenti, sperando di avere pi\u00f9 contributo da parte di tutti i giocatori chiamati in causa.\u201d<\/em><\/p>\n<p><strong>Danila Di Biase<\/strong><br \/>\n<strong>ASD LUISS<\/strong><\/p>\n<p>(fonte foto: basketinside.com)<\/p>\n","protected":false},"excerpt":{"rendered":"<p>L\u2019indomani della sconfitta con Palestrina (82-84), giunta solo nei secondi finali di un match combattuto per 40\u2019, \u00e8 tempo di analisi per l\u2019ASD LUISS, che per\u00f2 gi\u00e0 guarda alla sfida [&hellip;]<\/p>\n","protected":false},"author":441,"featured_media":8511,"comment_status":"closed","ping_status":"closed","sticky":false,"template":"","format":"standard","meta":{"_monsterinsights_skip_tracking":false,"_monsterinsights_sitenote_active":false,"_monsterinsights_sitenote_note":"","_monsterinsights_sitenote_category":0,"footnotes":""},"categories":[114],"tags":[],"class_list":["post-8510","post","type-post","status-publish","format-standard","has-post-thumbnail","hentry","category-news-basket-c"],"yoast_head":"<!-- This site is optimized with the Yoast SEO plugin v26.5 - https:\/\/yoast.com\/wordpress\/plugins\/seo\/ -->\n<title>Serie B: le dichiarazioni di Coach Paccari\u00e8 - Luiss Sport - Luiss Guido Carli<\/title>\n<meta name=\"robots\" content=\"index, follow, max-snippet:-1, max-image-preview:large, max-video-preview:-1\" \/>\n<link rel=\"canonical\" href=\"https:\/\/sport.luiss.it\/2015\/01\/25\/serie-b-le-dichiarazioni-di-coach-paccarie\/\" \/>\n<meta property=\"og:locale\" content=\"en_US\" \/>\n<meta property=\"og:type\" content=\"article\" \/>\n<meta property=\"og:title\" content=\"Serie B: le dichiarazioni di Coach Paccari\u00e8 - Luiss Sport - Luiss Guido Carli\" \/>\n<meta property=\"og:description\" content=\"L\u2019indomani della sconfitta con Palestrina (82-84), giunta solo nei secondi finali di un match combattuto per 40\u2019, \u00e8 tempo di analisi per l\u2019ASD LUISS, che per\u00f2 gi\u00e0 guarda alla sfida [&hellip;]\" \/>\n<meta property=\"og:url\" content=\"https:\/\/sport.luiss.it\/2015\/01\/25\/serie-b-le-dichiarazioni-di-coach-paccarie\/\" \/>\n<meta property=\"og:site_name\" content=\"Luiss Sport - Luiss Guido Carli\" \/>\n<meta property=\"article:publisher\" content=\"https:\/\/www.facebook.com\/sportluiss\/\" \/>\n<meta property=\"article:published_time\" content=\"2015-01-25T10:50:40+00:00\" \/>\n<meta name=\"twitter:card\" content=\"summary_large_image\" \/>\n<meta name=\"twitter:label1\" content=\"Written by\" \/>\n\t<meta name=\"twitter:data1\" content=\"\" \/>\n\t<meta name=\"twitter:label2\" content=\"Est. reading time\" \/>\n\t<meta name=\"twitter:data2\" content=\"2 minutes\" \/>\n<script type=\"application\/ld+json\" class=\"yoast-schema-graph\">{\"@context\":\"https:\/\/schema.org\",\"@graph\":[{\"@type\":\"WebPage\",\"@id\":\"https:\/\/sport.luiss.it\/2015\/01\/25\/serie-b-le-dichiarazioni-di-coach-paccarie\/\",\"url\":\"https:\/\/sport.luiss.it\/2015\/01\/25\/serie-b-le-dichiarazioni-di-coach-paccarie\/\",\"name\":\"Serie B: le dichiarazioni di Coach Paccari\u00e8 - Luiss Sport - Luiss Guido Carli\",\"isPartOf\":{\"@id\":\"https:\/\/sport.luiss.it\/#website\"},\"primaryImageOfPage\":{\"@id\":\"https:\/\/sport.luiss.it\/2015\/01\/25\/serie-b-le-dichiarazioni-di-coach-paccarie\/#primaryimage\"},\"image\":{\"@id\":\"https:\/\/sport.luiss.it\/2015\/01\/25\/serie-b-le-dichiarazioni-di-coach-paccarie\/#primaryimage\"},\"thumbnailUrl\":\"\",\"datePublished\":\"2015-01-25T10:50:40+00:00\",\"author\":{\"@id\":\"\"},\"breadcrumb\":{\"@id\":\"https:\/\/sport.luiss.it\/2015\/01\/25\/serie-b-le-dichiarazioni-di-coach-paccarie\/#breadcrumb\"},\"inLanguage\":\"en-US\",\"potentialAction\":[{\"@type\":\"ReadAction\",\"target\":[\"https:\/\/sport.luiss.it\/2015\/01\/25\/serie-b-le-dichiarazioni-di-coach-paccarie\/\"]}]},{\"@type\":\"ImageObject\",\"inLanguage\":\"en-US\",\"@id\":\"https:\/\/sport.luiss.it\/2015\/01\/25\/serie-b-le-dichiarazioni-di-coach-paccarie\/#primaryimage\",\"url\":\"\",\"contentUrl\":\"\"},{\"@type\":\"BreadcrumbList\",\"@id\":\"https:\/\/sport.luiss.it\/2015\/01\/25\/serie-b-le-dichiarazioni-di-coach-paccarie\/#breadcrumb\",\"itemListElement\":[{\"@type\":\"ListItem\",\"position\":1,\"name\":\"Home\",\"item\":\"https:\/\/sport.luiss.it\/en\/\"},{\"@type\":\"ListItem\",\"position\":2,\"name\":\"Serie B: le dichiarazioni di Coach Paccari\u00e8\"}]},{\"@type\":\"WebSite\",\"@id\":\"https:\/\/sport.luiss.it\/#website\",\"url\":\"https:\/\/sport.luiss.it\/\",\"name\":\"Luiss Sport - Luiss Guido Carli\",\"description\":\"Luiss Sport\",\"potentialAction\":[{\"@type\":\"SearchAction\",\"target\":{\"@type\":\"EntryPoint\",\"urlTemplate\":\"https:\/\/sport.luiss.it\/?s={search_term_string}\"},\"query-input\":{\"@type\":\"PropertyValueSpecification\",\"valueRequired\":true,\"valueName\":\"search_term_string\"}}],\"inLanguage\":\"en-US\"},{\"@type\":\"Person\",\"@id\":\"\"}]}<\/script>\n<!-- \/ Yoast SEO plugin. -->","yoast_head_json":{"title":"Serie B: le dichiarazioni di Coach Paccari\u00e8 - Luiss Sport - Luiss Guido Carli","robots":{"index":"index","follow":"follow","max-snippet":"max-snippet:-1","max-image-preview":"max-image-preview:large","max-video-preview":"max-video-preview:-1"},"canonical":"https:\/\/sport.luiss.it\/2015\/01\/25\/serie-b-le-dichiarazioni-di-coach-paccarie\/","og_locale":"en_US","og_type":"article","og_title":"Serie B: le dichiarazioni di Coach Paccari\u00e8 - Luiss Sport - Luiss Guido Carli","og_description":"L\u2019indomani della sconfitta con Palestrina (82-84), giunta solo nei secondi finali di un match combattuto per 40\u2019, \u00e8 tempo di analisi per l\u2019ASD LUISS, che per\u00f2 gi\u00e0 guarda alla sfida [&hellip;]","og_url":"https:\/\/sport.luiss.it\/2015\/01\/25\/serie-b-le-dichiarazioni-di-coach-paccarie\/","og_site_name":"Luiss Sport - Luiss Guido Carli","article_publisher":"https:\/\/www.facebook.com\/sportluiss\/","article_published_time":"2015-01-25T10:50:40+00:00","twitter_card":"summary_large_image","twitter_misc":{"Written by":"","Est. reading time":"2 minutes"},"schema":{"@context":"https:\/\/schema.org","@graph":[{"@type":"WebPage","@id":"https:\/\/sport.luiss.it\/2015\/01\/25\/serie-b-le-dichiarazioni-di-coach-paccarie\/","url":"https:\/\/sport.luiss.it\/2015\/01\/25\/serie-b-le-dichiarazioni-di-coach-paccarie\/","name":"Serie B: le dichiarazioni di Coach Paccari\u00e8 - Luiss Sport - Luiss Guido Carli","isPartOf":{"@id":"https:\/\/sport.luiss.it\/#website"},"primaryImageOfPage":{"@id":"https:\/\/sport.luiss.it\/2015\/01\/25\/serie-b-le-dichiarazioni-di-coach-paccarie\/#primaryimage"},"image":{"@id":"https:\/\/sport.luiss.it\/2015\/01\/25\/serie-b-le-dichiarazioni-di-coach-paccarie\/#primaryimage"},"thumbnailUrl":"","datePublished":"2015-01-25T10:50:40+00:00","author":{"@id":""},"breadcrumb":{"@id":"https:\/\/sport.luiss.it\/2015\/01\/25\/serie-b-le-dichiarazioni-di-coach-paccarie\/#breadcrumb"},"inLanguage":"en-US","potentialAction":[{"@type":"ReadAction","target":["https:\/\/sport.luiss.it\/2015\/01\/25\/serie-b-le-dichiarazioni-di-coach-paccarie\/"]}]},{"@type":"ImageObject","inLanguage":"en-US","@id":"https:\/\/sport.luiss.it\/2015\/01\/25\/serie-b-le-dichiarazioni-di-coach-paccarie\/#primaryimage","url":"","contentUrl":""},{"@type":"BreadcrumbList","@id":"https:\/\/sport.luiss.it\/2015\/01\/25\/serie-b-le-dichiarazioni-di-coach-paccarie\/#breadcrumb","itemListElement":[{"@type":"ListItem","position":1,"name":"Home","item":"https:\/\/sport.luiss.it\/en\/"},{"@type":"ListItem","position":2,"name":"Serie B: le dichiarazioni di Coach Paccari\u00e8"}]},{"@type":"WebSite","@id":"https:\/\/sport.luiss.it\/#website","url":"https:\/\/sport.luiss.it\/","name":"Luiss Sport - Luiss Guido Carli","description":"Luiss Sport","potentialAction":[{"@type":"SearchAction","target":{"@type":"EntryPoint","urlTemplate":"https:\/\/sport.luiss.it\/?s={search_term_string}"},"query-input":{"@type":"PropertyValueSpecification","valueRequired":true,"valueName":"search_term_string"}}],"inLanguage":"en-US"},{"@type":"Person","@id":""}]}},"_links":{"self":[{"href":"https:\/\/sport.luiss.it\/en\/wp-json\/wp\/v2\/posts\/8510","targetHints":{"allow":["GET"]}}],"collection":[{"href":"https:\/\/sport.luiss.it\/en\/wp-json\/wp\/v2\/posts"}],"about":[{"href":"https:\/\/sport.luiss.it\/en\/wp-json\/wp\/v2\/types\/post"}],"author":[{"embeddable":true,"href":"https:\/\/sport.luiss.it\/en\/wp-json\/wp\/v2\/users\/441"}],"replies":[{"embeddable":true,"href":"https:\/\/sport.luiss.it\/en\/wp-json\/wp\/v2\/comments?post=8510"}],"version-history":[{"count":0,"href":"https:\/\/sport.luiss.it\/en\/wp-json\/wp\/v2\/posts\/8510\/revisions"}],"wp:featuredmedia":[{"embeddable":true,"href":"https:\/\/sport.luiss.it\/en\/wp-json\/"}],"wp:attachment":[{"href":"https:\/\/sport.luiss.it\/en\/wp-json\/wp\/v2\/media?parent=8510"}],"wp:term":[{"taxonomy":"category","embeddable":true,"href":"https:\/\/sport.luiss.it\/en\/wp-json\/wp\/v2\/categories?post=8510"},{"taxonomy":"post_tag","embeddable":true,"href":"https:\/\/sport.luiss.it\/en\/wp-json\/wp\/v2\/tags?post=8510"}],"curies":[{"name":"wp","href":"https:\/\/api.w.org\/{rel}","templated":true}]}}