
{"id":8637,"date":"2015-02-12T18:26:36","date_gmt":"2015-02-12T18:26:36","guid":{"rendered":"https:\/\/sport.luiss.it\/?p=8637"},"modified":"2015-02-12T18:26:36","modified_gmt":"2015-02-12T18:26:36","slug":"serie-b-speriamo-in-un-palaluiss-pieno-per-la-sfida-con-montegranaro","status":"publish","type":"post","link":"https:\/\/sport.luiss.it\/en\/2015\/02\/12\/serie-b-speriamo-in-un-palaluiss-pieno-per-la-sfida-con-montegranaro\/","title":{"rendered":"Serie B: &#8220;Speriamo in un PalaLUISS pieno per la sfida con Montegranaro!&#8221;"},"content":{"rendered":"<p><a href=\"https:\/\/sport.luiss.it\/wp-content\/uploads\/2015\/02\/Pandelis_Bouboukas.jpg\"><img loading=\"lazy\" decoding=\"async\" class=\"alignleft size-medium wp-image-8638\" src=\"https:\/\/sport.luiss.it\/wp-content\/uploads\/2015\/02\/Pandelis_Bouboukas-300x199.jpg\" alt=\"ADECCO CUP - FINAL EIGHT DNC - LUISS ROMA - CATANZARO\" width=\"300\" height=\"199\" \/><\/a>Torna al PalaLUISS l\u2019ASD LUISS che dopo aver trionfato nel derby capitolino contro la Stella Azzurra, sabato 14 febbraio ospiter\u00e0 la <strong>Poderosa Montegranaro<\/strong> per il 19\u00b0 turno del campionato di serie B.<\/p>\n<p>Impegno difficile per gli universitari che si troveranno di fronte la seconda forza del campionato che ha sinora conquistato 30 punti e che pu\u00f2 contare su giocatori di categoria superiore come<strong> Coviello, Gatti, Ciribeni, Micevic, Ravazzani, Temperini,<\/strong> tutti con un passato importante alle spalle, e che vogliono portare la societ\u00e0 marchigiana in alto. La squadra guidata da Furio Steff\u00e8 \u00e8 reduce da ben 7 successi consecutivi, che hanno permesso ai gialloblu di conquistare la seconda piazza del girone E in coabitazione con la NPC Rieti, che \u00e8 stata proprio l\u2019ultimo team a battere la Poderosa lo scorso 7 dicembre. <strong>Montegranaro \u00e8 la miglior realizzatrice del torneo<\/strong>, con 87 punti di media a partita che la dicono lunga sulle capacit\u00e0 offensive dei marchigiani, cui si aggiungono i 37.8 rimbalzi e i 15.3 assist a gara.<\/p>\n<p>Servir\u00e0 la miglior LUISS per ottenere i due punti in palio, che sarebbero anche i primi dell\u2019anno contro una delle prime 4 formazioni del campionato, motivazione in pi\u00f9 per gli universitari per provare a far bene, come dichiara <strong>Pandelis Bouboukas<\/strong>: \u201c<em>Montegranaro \u00e8 una delle corazzate del campionato che sicuramente punta al salto di categoria, sono forti e completi in tutti i ruoli, ma <strong>secondo me abbiamo tutte le carte in regola per batterli e lotteremo per questo.<\/strong> Con il tempo stiamo diventando sempre pi\u00f9 squadra, e la vittoria della scorsa settimana contro la Stella Azzurra lo ha dimostrato, perch\u00e9 tutti ci siamo aiutati nei momenti di difficolt\u00e0 e tutti quelli scesi in campo hanno dato il loro contributo. Per quanto ci riguarda<\/em> \u2013 continua la guardia luissina \u2013 <em>\u00e8 inutile nascondere che il nostro obiettivo \u00e8 il quinto posto, e ora sta solo a noi dare il massimo per cercare di raggiungere questo traguardo. Sabato sar\u00e0 fondamentale anche il tifo, quindi<strong> speriamo tutti di riuscire a riempire il PalaLUISS<\/strong>, anche perch\u00e9 sono sicuro che sar\u00e0 una partita bella da vedere, tra due ottime squadre che si daranno battaglia fino alla fine.\u201d<\/em><\/p>\n<p>Il match tra ASD LUISS Roma e Poderosa Montegranaro si giocher\u00e0 <strong>sabato 14 febbraio alle 18 al PalaLUISS di Piazza Mancini<\/strong>, dove ad arbitrare sono chiamati i Signori Denny Lillo di Brindisi e Andrea Valzani di Martina Franca (TA).<\/p>\n<p>Sar\u00e0 inoltre possibile seguire gli aggiornamenti della sfida anche sui social Sport Luiss con l\u2019hashtag <strong>#LuissMontegranaro<\/strong>.<\/p>\n<p><strong>Danila Di Biase<\/strong><br \/>\n<strong>ASD LUISS<\/strong><\/p>\n","protected":false},"excerpt":{"rendered":"<p>Torna al PalaLUISS l\u2019ASD LUISS che dopo aver trionfato nel derby capitolino contro la Stella Azzurra, sabato 14 febbraio ospiter\u00e0 la Poderosa Montegranaro per il 19\u00b0 turno del campionato di [&hellip;]<\/p>\n","protected":false},"author":441,"featured_media":8638,"comment_status":"closed","ping_status":"closed","sticky":false,"template":"","format":"standard","meta":{"_monsterinsights_skip_tracking":false,"_monsterinsights_sitenote_active":false,"_monsterinsights_sitenote_note":"","_monsterinsights_sitenote_category":0,"footnotes":""},"categories":[114],"tags":[],"class_list":["post-8637","post","type-post","status-publish","format-standard","has-post-thumbnail","hentry","category-news-basket-c"],"yoast_head":"<!-- This site is optimized with the Yoast SEO plugin v26.5 - https:\/\/yoast.com\/wordpress\/plugins\/seo\/ -->\n<title>Serie B: &quot;Speriamo in un PalaLUISS pieno per la sfida con Montegranaro!&quot; - Luiss Sport - Luiss Guido Carli<\/title>\n<meta name=\"robots\" content=\"index, follow, max-snippet:-1, max-image-preview:large, max-video-preview:-1\" \/>\n<link rel=\"canonical\" href=\"https:\/\/sport.luiss.it\/2015\/02\/12\/serie-b-speriamo-in-un-palaluiss-pieno-per-la-sfida-con-montegranaro\/\" \/>\n<meta property=\"og:locale\" content=\"en_US\" \/>\n<meta property=\"og:type\" content=\"article\" \/>\n<meta property=\"og:title\" content=\"Serie B: &quot;Speriamo in un PalaLUISS pieno per la sfida con Montegranaro!&quot; - Luiss Sport - Luiss Guido Carli\" \/>\n<meta property=\"og:description\" content=\"Torna al PalaLUISS l\u2019ASD LUISS che dopo aver trionfato nel derby capitolino contro la Stella Azzurra, sabato 14 febbraio ospiter\u00e0 la Poderosa Montegranaro per il 19\u00b0 turno del campionato di [&hellip;]\" \/>\n<meta property=\"og:url\" content=\"https:\/\/sport.luiss.it\/2015\/02\/12\/serie-b-speriamo-in-un-palaluiss-pieno-per-la-sfida-con-montegranaro\/\" \/>\n<meta property=\"og:site_name\" content=\"Luiss Sport - Luiss Guido Carli\" \/>\n<meta property=\"article:publisher\" content=\"https:\/\/www.facebook.com\/sportluiss\/\" \/>\n<meta property=\"article:published_time\" content=\"2015-02-12T18:26:36+00:00\" \/>\n<meta name=\"twitter:card\" content=\"summary_large_image\" \/>\n<meta name=\"twitter:label1\" content=\"Written by\" \/>\n\t<meta name=\"twitter:data1\" content=\"\" \/>\n\t<meta name=\"twitter:label2\" content=\"Est. reading time\" \/>\n\t<meta name=\"twitter:data2\" content=\"2 minutes\" \/>\n<script type=\"application\/ld+json\" class=\"yoast-schema-graph\">{\"@context\":\"https:\/\/schema.org\",\"@graph\":[{\"@type\":\"WebPage\",\"@id\":\"https:\/\/sport.luiss.it\/2015\/02\/12\/serie-b-speriamo-in-un-palaluiss-pieno-per-la-sfida-con-montegranaro\/\",\"url\":\"https:\/\/sport.luiss.it\/2015\/02\/12\/serie-b-speriamo-in-un-palaluiss-pieno-per-la-sfida-con-montegranaro\/\",\"name\":\"Serie B: \\\"Speriamo in un PalaLUISS pieno per la sfida con Montegranaro!\\\" - Luiss Sport - Luiss Guido Carli\",\"isPartOf\":{\"@id\":\"https:\/\/sport.luiss.it\/#website\"},\"primaryImageOfPage\":{\"@id\":\"https:\/\/sport.luiss.it\/2015\/02\/12\/serie-b-speriamo-in-un-palaluiss-pieno-per-la-sfida-con-montegranaro\/#primaryimage\"},\"image\":{\"@id\":\"https:\/\/sport.luiss.it\/2015\/02\/12\/serie-b-speriamo-in-un-palaluiss-pieno-per-la-sfida-con-montegranaro\/#primaryimage\"},\"thumbnailUrl\":\"\",\"datePublished\":\"2015-02-12T18:26:36+00:00\",\"author\":{\"@id\":\"\"},\"breadcrumb\":{\"@id\":\"https:\/\/sport.luiss.it\/2015\/02\/12\/serie-b-speriamo-in-un-palaluiss-pieno-per-la-sfida-con-montegranaro\/#breadcrumb\"},\"inLanguage\":\"en-US\",\"potentialAction\":[{\"@type\":\"ReadAction\",\"target\":[\"https:\/\/sport.luiss.it\/2015\/02\/12\/serie-b-speriamo-in-un-palaluiss-pieno-per-la-sfida-con-montegranaro\/\"]}]},{\"@type\":\"ImageObject\",\"inLanguage\":\"en-US\",\"@id\":\"https:\/\/sport.luiss.it\/2015\/02\/12\/serie-b-speriamo-in-un-palaluiss-pieno-per-la-sfida-con-montegranaro\/#primaryimage\",\"url\":\"\",\"contentUrl\":\"\"},{\"@type\":\"BreadcrumbList\",\"@id\":\"https:\/\/sport.luiss.it\/2015\/02\/12\/serie-b-speriamo-in-un-palaluiss-pieno-per-la-sfida-con-montegranaro\/#breadcrumb\",\"itemListElement\":[{\"@type\":\"ListItem\",\"position\":1,\"name\":\"Home\",\"item\":\"https:\/\/sport.luiss.it\/en\/\"},{\"@type\":\"ListItem\",\"position\":2,\"name\":\"Serie B: &#8220;Speriamo in un PalaLUISS pieno per la sfida con Montegranaro!&#8221;\"}]},{\"@type\":\"WebSite\",\"@id\":\"https:\/\/sport.luiss.it\/#website\",\"url\":\"https:\/\/sport.luiss.it\/\",\"name\":\"Luiss Sport - Luiss Guido Carli\",\"description\":\"Luiss Sport\",\"potentialAction\":[{\"@type\":\"SearchAction\",\"target\":{\"@type\":\"EntryPoint\",\"urlTemplate\":\"https:\/\/sport.luiss.it\/?s={search_term_string}\"},\"query-input\":{\"@type\":\"PropertyValueSpecification\",\"valueRequired\":true,\"valueName\":\"search_term_string\"}}],\"inLanguage\":\"en-US\"},{\"@type\":\"Person\",\"@id\":\"\"}]}<\/script>\n<!-- \/ Yoast SEO plugin. -->","yoast_head_json":{"title":"Serie B: \"Speriamo in un PalaLUISS pieno per la sfida con Montegranaro!\" - Luiss Sport - Luiss Guido Carli","robots":{"index":"index","follow":"follow","max-snippet":"max-snippet:-1","max-image-preview":"max-image-preview:large","max-video-preview":"max-video-preview:-1"},"canonical":"https:\/\/sport.luiss.it\/2015\/02\/12\/serie-b-speriamo-in-un-palaluiss-pieno-per-la-sfida-con-montegranaro\/","og_locale":"en_US","og_type":"article","og_title":"Serie B: \"Speriamo in un PalaLUISS pieno per la sfida con Montegranaro!\" - Luiss Sport - Luiss Guido Carli","og_description":"Torna al PalaLUISS l\u2019ASD LUISS che dopo aver trionfato nel derby capitolino contro la Stella Azzurra, sabato 14 febbraio ospiter\u00e0 la Poderosa Montegranaro per il 19\u00b0 turno del campionato di [&hellip;]","og_url":"https:\/\/sport.luiss.it\/2015\/02\/12\/serie-b-speriamo-in-un-palaluiss-pieno-per-la-sfida-con-montegranaro\/","og_site_name":"Luiss Sport - Luiss Guido Carli","article_publisher":"https:\/\/www.facebook.com\/sportluiss\/","article_published_time":"2015-02-12T18:26:36+00:00","twitter_card":"summary_large_image","twitter_misc":{"Written by":"","Est. reading time":"2 minutes"},"schema":{"@context":"https:\/\/schema.org","@graph":[{"@type":"WebPage","@id":"https:\/\/sport.luiss.it\/2015\/02\/12\/serie-b-speriamo-in-un-palaluiss-pieno-per-la-sfida-con-montegranaro\/","url":"https:\/\/sport.luiss.it\/2015\/02\/12\/serie-b-speriamo-in-un-palaluiss-pieno-per-la-sfida-con-montegranaro\/","name":"Serie B: \"Speriamo in un PalaLUISS pieno per la sfida con Montegranaro!\" - Luiss Sport - Luiss Guido Carli","isPartOf":{"@id":"https:\/\/sport.luiss.it\/#website"},"primaryImageOfPage":{"@id":"https:\/\/sport.luiss.it\/2015\/02\/12\/serie-b-speriamo-in-un-palaluiss-pieno-per-la-sfida-con-montegranaro\/#primaryimage"},"image":{"@id":"https:\/\/sport.luiss.it\/2015\/02\/12\/serie-b-speriamo-in-un-palaluiss-pieno-per-la-sfida-con-montegranaro\/#primaryimage"},"thumbnailUrl":"","datePublished":"2015-02-12T18:26:36+00:00","author":{"@id":""},"breadcrumb":{"@id":"https:\/\/sport.luiss.it\/2015\/02\/12\/serie-b-speriamo-in-un-palaluiss-pieno-per-la-sfida-con-montegranaro\/#breadcrumb"},"inLanguage":"en-US","potentialAction":[{"@type":"ReadAction","target":["https:\/\/sport.luiss.it\/2015\/02\/12\/serie-b-speriamo-in-un-palaluiss-pieno-per-la-sfida-con-montegranaro\/"]}]},{"@type":"ImageObject","inLanguage":"en-US","@id":"https:\/\/sport.luiss.it\/2015\/02\/12\/serie-b-speriamo-in-un-palaluiss-pieno-per-la-sfida-con-montegranaro\/#primaryimage","url":"","contentUrl":""},{"@type":"BreadcrumbList","@id":"https:\/\/sport.luiss.it\/2015\/02\/12\/serie-b-speriamo-in-un-palaluiss-pieno-per-la-sfida-con-montegranaro\/#breadcrumb","itemListElement":[{"@type":"ListItem","position":1,"name":"Home","item":"https:\/\/sport.luiss.it\/en\/"},{"@type":"ListItem","position":2,"name":"Serie B: &#8220;Speriamo in un PalaLUISS pieno per la sfida con Montegranaro!&#8221;"}]},{"@type":"WebSite","@id":"https:\/\/sport.luiss.it\/#website","url":"https:\/\/sport.luiss.it\/","name":"Luiss Sport - Luiss Guido Carli","description":"Luiss Sport","potentialAction":[{"@type":"SearchAction","target":{"@type":"EntryPoint","urlTemplate":"https:\/\/sport.luiss.it\/?s={search_term_string}"},"query-input":{"@type":"PropertyValueSpecification","valueRequired":true,"valueName":"search_term_string"}}],"inLanguage":"en-US"},{"@type":"Person","@id":""}]}},"_links":{"self":[{"href":"https:\/\/sport.luiss.it\/en\/wp-json\/wp\/v2\/posts\/8637","targetHints":{"allow":["GET"]}}],"collection":[{"href":"https:\/\/sport.luiss.it\/en\/wp-json\/wp\/v2\/posts"}],"about":[{"href":"https:\/\/sport.luiss.it\/en\/wp-json\/wp\/v2\/types\/post"}],"author":[{"embeddable":true,"href":"https:\/\/sport.luiss.it\/en\/wp-json\/wp\/v2\/users\/441"}],"replies":[{"embeddable":true,"href":"https:\/\/sport.luiss.it\/en\/wp-json\/wp\/v2\/comments?post=8637"}],"version-history":[{"count":0,"href":"https:\/\/sport.luiss.it\/en\/wp-json\/wp\/v2\/posts\/8637\/revisions"}],"wp:featuredmedia":[{"embeddable":true,"href":"https:\/\/sport.luiss.it\/en\/wp-json\/"}],"wp:attachment":[{"href":"https:\/\/sport.luiss.it\/en\/wp-json\/wp\/v2\/media?parent=8637"}],"wp:term":[{"taxonomy":"category","embeddable":true,"href":"https:\/\/sport.luiss.it\/en\/wp-json\/wp\/v2\/categories?post=8637"},{"taxonomy":"post_tag","embeddable":true,"href":"https:\/\/sport.luiss.it\/en\/wp-json\/wp\/v2\/tags?post=8637"}],"curies":[{"name":"wp","href":"https:\/\/api.w.org\/{rel}","templated":true}]}}