
{"id":8821,"date":"2015-03-12T10:01:57","date_gmt":"2015-03-12T10:01:57","guid":{"rendered":"https:\/\/sport.luiss.it\/?p=8821"},"modified":"2015-03-12T10:01:57","modified_gmt":"2015-03-12T10:01:57","slug":"serie-b-la-luiss-rende-visita-a-cagliari","status":"publish","type":"post","link":"https:\/\/sport.luiss.it\/en\/2015\/03\/12\/serie-b-la-luiss-rende-visita-a-cagliari\/","title":{"rendered":"Serie B: la LUISS rende visita a Cagliari"},"content":{"rendered":"<p><a href=\"https:\/\/sport.luiss.it\/wp-content\/uploads\/2015\/03\/Marzoli_1Rimini.jpg\"><img loading=\"lazy\" decoding=\"async\" class=\"alignleft size-medium wp-image-8822\" src=\"https:\/\/sport.luiss.it\/wp-content\/uploads\/2015\/03\/Marzoli_1Rimini-300x199.jpg\" alt=\"Marzoli_1Rimini\" width=\"300\" height=\"199\" \/><\/a>Dopo la sosta del campionato per le Finali di Coppa Italia, che hanno visto trionfare Verona per l\u2019A2, Orzinuovi per la serie B e Scauri per la serie C, torna in campo l\u2019ASD LUISS che per il 22\u00b0 turno stagionale render\u00e0 visita all\u2019<strong>Olimpia Cagliari<\/strong> sabato 14 marzo alle 15.30.<\/p>\n<p>Sar\u00e0 quindi ospite del fanalino di coda del girone C la formazione di Paccari\u00e8 che contro i cagliaritani vuole proseguire nella sua marcia d\u2019avvicinamento all\u2019obiettivo play-off. Per vincere servir\u00e0 la miglior LUISS in Sardegna, <strong>contro una formazione che non vuole perdere le ultime speranze di salvezza<\/strong> e quindi ulteriore terreno nei confronti della Stella Azzurra Roma, della Virtus Fondi e dei Crabs Rimini. La LUISS nell\u2019ultimo turno di campionato ha battuto Rimini con il risultato di 76-70, e ha sfruttato questa settimana di pausa per recuperare energie fisiche e mentali in vista del rush finale della stagione stagione, che dopo Cagliari vedr\u00e0 gli universitari sfidare Giulianova, Viterbo, Cassino ed infine Porto S.Elpidio per chiudere la regular season. Cagliari, dal canto suo, \u00e8 reduce da 4 sconfitte consecutive, e per non lasciare andare definitivamente il treno salvezza si affider\u00e0 ai soliti Putignano, Sanna e Mastio, gli uomini migliori della formazione guidata da Coach Caboni.<\/p>\n<p><strong>Andrea Paccari\u00e8<\/strong> alla vigilia del match dichiara: \u201c<em>Questa settimana di sosta ci \u00e8 servita per recuperare le nostre routine dal punto di vista atletico, e di conseguenza ne abbiamo approfittato per cercare di prepararci al meglio per lo slancio finale di questi ultimi 40 giorni, che ci vedranno impegnati tre volte al PalaLUISS e due volte in trasferta, e in cui <strong>cercheremo di strappare un posto nel tabellone play-off, risultato che \u00e8 alla nostra portata<\/strong>, non possiamo nasconderci ma solo provarci fino alla fine. Per quanto riguarda Cagliari<\/em> \u2013 prosegue l\u2019allenatore capitolino <em>\u2013 sappiamo che \u00e8 una partita delicatissima per tanti motivi, primo fra tutti perch\u00e9 se loro perdono sarebbero praticamente ad un passo dalla serie C e questo significa che, a 4 giornate dalla fine, sar\u00e0 per loro una gara vitale. L\u2019ultimo match casalingo \u00e8 stato di altissimo livello contro Palestrina, dove l\u2019Olimpia ha dimostrato grande intensit\u00e0 nel proprio gioco, come sempre succede in casa loro, quindi le insidie sono tutte l\u00ec ad aspettarci. Noi <strong>dovremo essere bravi, preparati ed intelligenti nel capire che questo \u00e8 quello che ci aspetta<\/strong>, e cercare quindi di imporre in maniera chiara le nostre capacit\u00e0, dimostrando una volta di pi\u00f9 che il nostro \u00e8 stato un campionato di eccellente livello. Stiamo lavorando tanto in allenamento sulle situazioni legate al ritmo e all\u2019intensit\u00e0, cercando di migliorare alcuni aspetti del nostro attacco che nelle ultime uscite non \u00e8 stato folgorante, cos\u00ec come la nostra tenuta fisica e mentale che non \u00e8 stata all\u2019altezza delle nostre aspettative nelle ultime uscite<\/em>.\u201d<\/p>\n<p>La sfida tra Olimpia Cagliari e ASD LUISS Roma si giocher\u00e0<strong> sabato 14 marzo alle 15.30 al Pala Rockefeller di Cagliari<\/strong>, dove ad arbitrare sono chiamati il Signor Ettore Zanotti di Piacenza e la Signora Veronica Restuccia di Bologna.<\/p>\n<p><strong>Danila Di Biase<\/strong><br \/>\n<strong>ASD LUISS<\/strong><\/p>\n<p>(foto a cura di 61pixel.it)<\/p>\n","protected":false},"excerpt":{"rendered":"<p>Dopo la sosta del campionato per le Finali di Coppa Italia, che hanno visto trionfare Verona per l\u2019A2, Orzinuovi per la serie B e Scauri per la serie C, torna [&hellip;]<\/p>\n","protected":false},"author":441,"featured_media":8822,"comment_status":"closed","ping_status":"closed","sticky":false,"template":"","format":"standard","meta":{"_monsterinsights_skip_tracking":false,"_monsterinsights_sitenote_active":false,"_monsterinsights_sitenote_note":"","_monsterinsights_sitenote_category":0,"footnotes":""},"categories":[114],"tags":[],"class_list":["post-8821","post","type-post","status-publish","format-standard","has-post-thumbnail","hentry","category-news-basket-c"],"yoast_head":"<!-- This site is optimized with the Yoast SEO plugin v26.5 - https:\/\/yoast.com\/wordpress\/plugins\/seo\/ -->\n<title>Serie B: la LUISS rende visita a Cagliari - Luiss Sport - Luiss Guido Carli<\/title>\n<meta name=\"robots\" content=\"index, follow, max-snippet:-1, max-image-preview:large, max-video-preview:-1\" \/>\n<link rel=\"canonical\" href=\"https:\/\/sport.luiss.it\/2015\/03\/12\/serie-b-la-luiss-rende-visita-a-cagliari\/\" \/>\n<meta property=\"og:locale\" content=\"en_US\" \/>\n<meta property=\"og:type\" content=\"article\" \/>\n<meta property=\"og:title\" content=\"Serie B: la LUISS rende visita a Cagliari - Luiss Sport - Luiss Guido Carli\" \/>\n<meta property=\"og:description\" content=\"Dopo la sosta del campionato per le Finali di Coppa Italia, che hanno visto trionfare Verona per l\u2019A2, Orzinuovi per la serie B e Scauri per la serie C, torna [&hellip;]\" \/>\n<meta property=\"og:url\" content=\"https:\/\/sport.luiss.it\/2015\/03\/12\/serie-b-la-luiss-rende-visita-a-cagliari\/\" \/>\n<meta property=\"og:site_name\" content=\"Luiss Sport - Luiss Guido Carli\" \/>\n<meta property=\"article:publisher\" content=\"https:\/\/www.facebook.com\/sportluiss\/\" \/>\n<meta property=\"article:published_time\" content=\"2015-03-12T10:01:57+00:00\" \/>\n<meta name=\"twitter:card\" content=\"summary_large_image\" \/>\n<meta name=\"twitter:label1\" content=\"Written by\" \/>\n\t<meta name=\"twitter:data1\" content=\"\" \/>\n\t<meta name=\"twitter:label2\" content=\"Est. reading time\" \/>\n\t<meta name=\"twitter:data2\" content=\"2 minutes\" \/>\n<script type=\"application\/ld+json\" class=\"yoast-schema-graph\">{\"@context\":\"https:\/\/schema.org\",\"@graph\":[{\"@type\":\"WebPage\",\"@id\":\"https:\/\/sport.luiss.it\/2015\/03\/12\/serie-b-la-luiss-rende-visita-a-cagliari\/\",\"url\":\"https:\/\/sport.luiss.it\/2015\/03\/12\/serie-b-la-luiss-rende-visita-a-cagliari\/\",\"name\":\"Serie B: la LUISS rende visita a Cagliari - Luiss Sport - Luiss Guido Carli\",\"isPartOf\":{\"@id\":\"https:\/\/sport.luiss.it\/#website\"},\"primaryImageOfPage\":{\"@id\":\"https:\/\/sport.luiss.it\/2015\/03\/12\/serie-b-la-luiss-rende-visita-a-cagliari\/#primaryimage\"},\"image\":{\"@id\":\"https:\/\/sport.luiss.it\/2015\/03\/12\/serie-b-la-luiss-rende-visita-a-cagliari\/#primaryimage\"},\"thumbnailUrl\":\"\",\"datePublished\":\"2015-03-12T10:01:57+00:00\",\"author\":{\"@id\":\"\"},\"breadcrumb\":{\"@id\":\"https:\/\/sport.luiss.it\/2015\/03\/12\/serie-b-la-luiss-rende-visita-a-cagliari\/#breadcrumb\"},\"inLanguage\":\"en-US\",\"potentialAction\":[{\"@type\":\"ReadAction\",\"target\":[\"https:\/\/sport.luiss.it\/2015\/03\/12\/serie-b-la-luiss-rende-visita-a-cagliari\/\"]}]},{\"@type\":\"ImageObject\",\"inLanguage\":\"en-US\",\"@id\":\"https:\/\/sport.luiss.it\/2015\/03\/12\/serie-b-la-luiss-rende-visita-a-cagliari\/#primaryimage\",\"url\":\"\",\"contentUrl\":\"\"},{\"@type\":\"BreadcrumbList\",\"@id\":\"https:\/\/sport.luiss.it\/2015\/03\/12\/serie-b-la-luiss-rende-visita-a-cagliari\/#breadcrumb\",\"itemListElement\":[{\"@type\":\"ListItem\",\"position\":1,\"name\":\"Home\",\"item\":\"https:\/\/sport.luiss.it\/en\/\"},{\"@type\":\"ListItem\",\"position\":2,\"name\":\"Serie B: la LUISS rende visita a Cagliari\"}]},{\"@type\":\"WebSite\",\"@id\":\"https:\/\/sport.luiss.it\/#website\",\"url\":\"https:\/\/sport.luiss.it\/\",\"name\":\"Luiss Sport - Luiss Guido Carli\",\"description\":\"Luiss Sport\",\"potentialAction\":[{\"@type\":\"SearchAction\",\"target\":{\"@type\":\"EntryPoint\",\"urlTemplate\":\"https:\/\/sport.luiss.it\/?s={search_term_string}\"},\"query-input\":{\"@type\":\"PropertyValueSpecification\",\"valueRequired\":true,\"valueName\":\"search_term_string\"}}],\"inLanguage\":\"en-US\"},{\"@type\":\"Person\",\"@id\":\"\"}]}<\/script>\n<!-- \/ Yoast SEO plugin. -->","yoast_head_json":{"title":"Serie B: la LUISS rende visita a Cagliari - Luiss Sport - Luiss Guido Carli","robots":{"index":"index","follow":"follow","max-snippet":"max-snippet:-1","max-image-preview":"max-image-preview:large","max-video-preview":"max-video-preview:-1"},"canonical":"https:\/\/sport.luiss.it\/2015\/03\/12\/serie-b-la-luiss-rende-visita-a-cagliari\/","og_locale":"en_US","og_type":"article","og_title":"Serie B: la LUISS rende visita a Cagliari - Luiss Sport - Luiss Guido Carli","og_description":"Dopo la sosta del campionato per le Finali di Coppa Italia, che hanno visto trionfare Verona per l\u2019A2, Orzinuovi per la serie B e Scauri per la serie C, torna [&hellip;]","og_url":"https:\/\/sport.luiss.it\/2015\/03\/12\/serie-b-la-luiss-rende-visita-a-cagliari\/","og_site_name":"Luiss Sport - Luiss Guido Carli","article_publisher":"https:\/\/www.facebook.com\/sportluiss\/","article_published_time":"2015-03-12T10:01:57+00:00","twitter_card":"summary_large_image","twitter_misc":{"Written by":"","Est. reading time":"2 minutes"},"schema":{"@context":"https:\/\/schema.org","@graph":[{"@type":"WebPage","@id":"https:\/\/sport.luiss.it\/2015\/03\/12\/serie-b-la-luiss-rende-visita-a-cagliari\/","url":"https:\/\/sport.luiss.it\/2015\/03\/12\/serie-b-la-luiss-rende-visita-a-cagliari\/","name":"Serie B: la LUISS rende visita a Cagliari - Luiss Sport - Luiss Guido Carli","isPartOf":{"@id":"https:\/\/sport.luiss.it\/#website"},"primaryImageOfPage":{"@id":"https:\/\/sport.luiss.it\/2015\/03\/12\/serie-b-la-luiss-rende-visita-a-cagliari\/#primaryimage"},"image":{"@id":"https:\/\/sport.luiss.it\/2015\/03\/12\/serie-b-la-luiss-rende-visita-a-cagliari\/#primaryimage"},"thumbnailUrl":"","datePublished":"2015-03-12T10:01:57+00:00","author":{"@id":""},"breadcrumb":{"@id":"https:\/\/sport.luiss.it\/2015\/03\/12\/serie-b-la-luiss-rende-visita-a-cagliari\/#breadcrumb"},"inLanguage":"en-US","potentialAction":[{"@type":"ReadAction","target":["https:\/\/sport.luiss.it\/2015\/03\/12\/serie-b-la-luiss-rende-visita-a-cagliari\/"]}]},{"@type":"ImageObject","inLanguage":"en-US","@id":"https:\/\/sport.luiss.it\/2015\/03\/12\/serie-b-la-luiss-rende-visita-a-cagliari\/#primaryimage","url":"","contentUrl":""},{"@type":"BreadcrumbList","@id":"https:\/\/sport.luiss.it\/2015\/03\/12\/serie-b-la-luiss-rende-visita-a-cagliari\/#breadcrumb","itemListElement":[{"@type":"ListItem","position":1,"name":"Home","item":"https:\/\/sport.luiss.it\/en\/"},{"@type":"ListItem","position":2,"name":"Serie B: la LUISS rende visita a Cagliari"}]},{"@type":"WebSite","@id":"https:\/\/sport.luiss.it\/#website","url":"https:\/\/sport.luiss.it\/","name":"Luiss Sport - Luiss Guido Carli","description":"Luiss Sport","potentialAction":[{"@type":"SearchAction","target":{"@type":"EntryPoint","urlTemplate":"https:\/\/sport.luiss.it\/?s={search_term_string}"},"query-input":{"@type":"PropertyValueSpecification","valueRequired":true,"valueName":"search_term_string"}}],"inLanguage":"en-US"},{"@type":"Person","@id":""}]}},"_links":{"self":[{"href":"https:\/\/sport.luiss.it\/en\/wp-json\/wp\/v2\/posts\/8821","targetHints":{"allow":["GET"]}}],"collection":[{"href":"https:\/\/sport.luiss.it\/en\/wp-json\/wp\/v2\/posts"}],"about":[{"href":"https:\/\/sport.luiss.it\/en\/wp-json\/wp\/v2\/types\/post"}],"author":[{"embeddable":true,"href":"https:\/\/sport.luiss.it\/en\/wp-json\/wp\/v2\/users\/441"}],"replies":[{"embeddable":true,"href":"https:\/\/sport.luiss.it\/en\/wp-json\/wp\/v2\/comments?post=8821"}],"version-history":[{"count":0,"href":"https:\/\/sport.luiss.it\/en\/wp-json\/wp\/v2\/posts\/8821\/revisions"}],"wp:featuredmedia":[{"embeddable":true,"href":"https:\/\/sport.luiss.it\/en\/wp-json\/"}],"wp:attachment":[{"href":"https:\/\/sport.luiss.it\/en\/wp-json\/wp\/v2\/media?parent=8821"}],"wp:term":[{"taxonomy":"category","embeddable":true,"href":"https:\/\/sport.luiss.it\/en\/wp-json\/wp\/v2\/categories?post=8821"},{"taxonomy":"post_tag","embeddable":true,"href":"https:\/\/sport.luiss.it\/en\/wp-json\/wp\/v2\/tags?post=8821"}],"curies":[{"name":"wp","href":"https:\/\/api.w.org\/{rel}","templated":true}]}}