
{"id":8965,"date":"2015-04-16T10:38:16","date_gmt":"2015-04-16T10:38:16","guid":{"rendered":"https:\/\/sport.luiss.it\/?p=8965"},"modified":"2015-04-16T10:38:16","modified_gmt":"2015-04-16T10:38:16","slug":"serie-b-la-luiss-chiude-la-regular-season","status":"publish","type":"post","link":"https:\/\/sport.luiss.it\/en\/2015\/04\/16\/serie-b-la-luiss-chiude-la-regular-season\/","title":{"rendered":"Serie B: la LUISS chiude la regular season"},"content":{"rendered":"<p><a href=\"https:\/\/sport.luiss.it\/wp-content\/uploads\/2015\/04\/Marzoli_palleggio.jpg\"><img loading=\"lazy\" decoding=\"async\" class=\"alignleft size-medium wp-image-8966\" src=\"https:\/\/sport.luiss.it\/wp-content\/uploads\/2015\/04\/Marzoli_palleggio-300x200.jpg\" alt=\"Marzoli_palleggio\" width=\"300\" height=\"200\" \/><\/a>\u00c8 tutto pronto per l\u2019ultima giornata di regular season che vedr\u00e0 opposte l\u2019ASD LUISS Roma e l\u2019<strong>Ecoelpidiense Porto Sant\u2019Elpidio<\/strong> domenica 19 aprile alle 18 al PalaLUISS.<\/p>\n<p>Un match molto particolare quello che si disputer\u00e0 nella Capitale, tra due formazioni che cercheranno la vittoria per motivazioni opposte: la <strong>LUISS per blindare il 7\u00b0 posto<\/strong> nel girone C che varrebbe la sfida con la seconda forza del campionato nella seconda fase, mentre l\u2019Ecoelpidiense per provare a conquistare i playoff, sperando contemporaneamente nella sconfitta di Giulianova sul campo di Senigallia. Sar\u00e0 quindi una sfida molto delicata per Marzoli e compagni che <strong>dopo aver conquistato per la prima volta nella storia dell\u2019ASD LUISS<\/strong> <strong>l\u2019accesso ai playoff per la promozione in serie A2<\/strong>, vogliono assolutamente riscattare il pesante ko sub\u00ecto lo scorso sabato in quel di Cassino. Porto Sant\u2019Elpidio, dal canto suo, torna in campo dopo la delusione della scorsa settimana, quando l\u2019Eurobasket ha espugnato il Palasport marchigiano solo dopo un supplementare, rendendo quindi particolarmente difficile la strada verso i playoff che ora non dipendE solo dal risultato che la squadra di Coach Schiavi otterr\u00e0 al PalaLUISS, ma anche da quanto accadr\u00e0 a Senigallia tra i padroni di casa della Goldengas e il Globo Giulianova.<\/p>\n<p>La squadra di Paccari\u00e8, per\u00f2, <strong>dar\u00e0 il massimo per ottenere i due punti in palio<\/strong> e chiudere la stagione regolare al 7\u00b0 posto, che significherebbe affrontare la seconda della classe, che sar\u00e0 una tra Montegranaro, Palestrina e Rieti, in base ai risultati dell\u2019ultima giornata, che si giocher\u00e0 in contemporanea su tutti i campi.<\/p>\n<p>Porto Sant\u2019Elpidio si presenter\u00e0 a Roma con <strong>Boffini, miglior marcatore dei marchigiani<\/strong> con 15.7 punti realizzati a partita, Fabi, Centanni, Romani e De Leo, che sono i punti di riferimento dell\u2019Ecoelpidiense, che dovr\u00e0 per\u00f2 fare a meno di Diego Torresi, due settimane fa vittima di un grave infortunio che lo ha costretto a chiudere anzitempo la stagione.<\/p>\n<p>Il match tra ASD LUISS Roma e l\u2019Ecoelpidiense Porto Sant\u2019Elpidio si disputer\u00e0<strong> domenica 19 aprile alle 18 al PalaLUISS di Roma<\/strong>, dove ad arbitrare sono chiamati i Signori Giuseppe Nicosia di Erice (TP) e Sebastiano Tarascio di Priolo Gargallo (SR).<\/p>\n<p>Sar\u00e0 possibile inoltre seguire il live-match sulle pagine social Sport LUISS di facebook e twitter con l\u2019hashtag <strong>#LuissPSE<\/strong>.<\/p>\n<p><strong>Danila Di Biase<\/strong><br \/>\n<strong>ASD LUISS<\/strong><\/p>\n<p><strong>\u00a0<\/strong><\/p>\n","protected":false},"excerpt":{"rendered":"<p>\u00c8 tutto pronto per l\u2019ultima giornata di regular season che vedr\u00e0 opposte l\u2019ASD LUISS Roma e l\u2019Ecoelpidiense Porto Sant\u2019Elpidio domenica 19 aprile alle 18 al PalaLUISS. Un match molto particolare [&hellip;]<\/p>\n","protected":false},"author":441,"featured_media":8966,"comment_status":"closed","ping_status":"closed","sticky":false,"template":"","format":"standard","meta":{"_monsterinsights_skip_tracking":false,"_monsterinsights_sitenote_active":false,"_monsterinsights_sitenote_note":"","_monsterinsights_sitenote_category":0,"footnotes":""},"categories":[114],"tags":[],"class_list":["post-8965","post","type-post","status-publish","format-standard","has-post-thumbnail","hentry","category-news-basket-c"],"yoast_head":"<!-- This site is optimized with the Yoast SEO plugin v26.5 - https:\/\/yoast.com\/wordpress\/plugins\/seo\/ -->\n<title>Serie B: la LUISS chiude la regular season - Luiss Sport - Luiss Guido Carli<\/title>\n<meta name=\"robots\" content=\"index, follow, max-snippet:-1, max-image-preview:large, max-video-preview:-1\" \/>\n<link rel=\"canonical\" href=\"https:\/\/sport.luiss.it\/2015\/04\/16\/serie-b-la-luiss-chiude-la-regular-season\/\" \/>\n<meta property=\"og:locale\" content=\"en_US\" \/>\n<meta property=\"og:type\" content=\"article\" \/>\n<meta property=\"og:title\" content=\"Serie B: la LUISS chiude la regular season - Luiss Sport - Luiss Guido Carli\" \/>\n<meta property=\"og:description\" content=\"\u00c8 tutto pronto per l\u2019ultima giornata di regular season che vedr\u00e0 opposte l\u2019ASD LUISS Roma e l\u2019Ecoelpidiense Porto Sant\u2019Elpidio domenica 19 aprile alle 18 al PalaLUISS. Un match molto particolare [&hellip;]\" \/>\n<meta property=\"og:url\" content=\"https:\/\/sport.luiss.it\/2015\/04\/16\/serie-b-la-luiss-chiude-la-regular-season\/\" \/>\n<meta property=\"og:site_name\" content=\"Luiss Sport - Luiss Guido Carli\" \/>\n<meta property=\"article:publisher\" content=\"https:\/\/www.facebook.com\/sportluiss\/\" \/>\n<meta property=\"article:published_time\" content=\"2015-04-16T10:38:16+00:00\" \/>\n<meta name=\"twitter:card\" content=\"summary_large_image\" \/>\n<meta name=\"twitter:label1\" content=\"Written by\" \/>\n\t<meta name=\"twitter:data1\" content=\"\" \/>\n\t<meta name=\"twitter:label2\" content=\"Est. reading time\" \/>\n\t<meta name=\"twitter:data2\" content=\"2 minutes\" \/>\n<script type=\"application\/ld+json\" class=\"yoast-schema-graph\">{\"@context\":\"https:\/\/schema.org\",\"@graph\":[{\"@type\":\"WebPage\",\"@id\":\"https:\/\/sport.luiss.it\/2015\/04\/16\/serie-b-la-luiss-chiude-la-regular-season\/\",\"url\":\"https:\/\/sport.luiss.it\/2015\/04\/16\/serie-b-la-luiss-chiude-la-regular-season\/\",\"name\":\"Serie B: la LUISS chiude la regular season - Luiss Sport - Luiss Guido Carli\",\"isPartOf\":{\"@id\":\"https:\/\/sport.luiss.it\/#website\"},\"primaryImageOfPage\":{\"@id\":\"https:\/\/sport.luiss.it\/2015\/04\/16\/serie-b-la-luiss-chiude-la-regular-season\/#primaryimage\"},\"image\":{\"@id\":\"https:\/\/sport.luiss.it\/2015\/04\/16\/serie-b-la-luiss-chiude-la-regular-season\/#primaryimage\"},\"thumbnailUrl\":\"\",\"datePublished\":\"2015-04-16T10:38:16+00:00\",\"author\":{\"@id\":\"\"},\"breadcrumb\":{\"@id\":\"https:\/\/sport.luiss.it\/2015\/04\/16\/serie-b-la-luiss-chiude-la-regular-season\/#breadcrumb\"},\"inLanguage\":\"en-US\",\"potentialAction\":[{\"@type\":\"ReadAction\",\"target\":[\"https:\/\/sport.luiss.it\/2015\/04\/16\/serie-b-la-luiss-chiude-la-regular-season\/\"]}]},{\"@type\":\"ImageObject\",\"inLanguage\":\"en-US\",\"@id\":\"https:\/\/sport.luiss.it\/2015\/04\/16\/serie-b-la-luiss-chiude-la-regular-season\/#primaryimage\",\"url\":\"\",\"contentUrl\":\"\"},{\"@type\":\"BreadcrumbList\",\"@id\":\"https:\/\/sport.luiss.it\/2015\/04\/16\/serie-b-la-luiss-chiude-la-regular-season\/#breadcrumb\",\"itemListElement\":[{\"@type\":\"ListItem\",\"position\":1,\"name\":\"Home\",\"item\":\"https:\/\/sport.luiss.it\/en\/\"},{\"@type\":\"ListItem\",\"position\":2,\"name\":\"Serie B: la LUISS chiude la regular season\"}]},{\"@type\":\"WebSite\",\"@id\":\"https:\/\/sport.luiss.it\/#website\",\"url\":\"https:\/\/sport.luiss.it\/\",\"name\":\"Luiss Sport - Luiss Guido Carli\",\"description\":\"Luiss Sport\",\"potentialAction\":[{\"@type\":\"SearchAction\",\"target\":{\"@type\":\"EntryPoint\",\"urlTemplate\":\"https:\/\/sport.luiss.it\/?s={search_term_string}\"},\"query-input\":{\"@type\":\"PropertyValueSpecification\",\"valueRequired\":true,\"valueName\":\"search_term_string\"}}],\"inLanguage\":\"en-US\"},{\"@type\":\"Person\",\"@id\":\"\"}]}<\/script>\n<!-- \/ Yoast SEO plugin. -->","yoast_head_json":{"title":"Serie B: la LUISS chiude la regular season - Luiss Sport - Luiss Guido Carli","robots":{"index":"index","follow":"follow","max-snippet":"max-snippet:-1","max-image-preview":"max-image-preview:large","max-video-preview":"max-video-preview:-1"},"canonical":"https:\/\/sport.luiss.it\/2015\/04\/16\/serie-b-la-luiss-chiude-la-regular-season\/","og_locale":"en_US","og_type":"article","og_title":"Serie B: la LUISS chiude la regular season - Luiss Sport - Luiss Guido Carli","og_description":"\u00c8 tutto pronto per l\u2019ultima giornata di regular season che vedr\u00e0 opposte l\u2019ASD LUISS Roma e l\u2019Ecoelpidiense Porto Sant\u2019Elpidio domenica 19 aprile alle 18 al PalaLUISS. Un match molto particolare [&hellip;]","og_url":"https:\/\/sport.luiss.it\/2015\/04\/16\/serie-b-la-luiss-chiude-la-regular-season\/","og_site_name":"Luiss Sport - Luiss Guido Carli","article_publisher":"https:\/\/www.facebook.com\/sportluiss\/","article_published_time":"2015-04-16T10:38:16+00:00","twitter_card":"summary_large_image","twitter_misc":{"Written by":"","Est. reading time":"2 minutes"},"schema":{"@context":"https:\/\/schema.org","@graph":[{"@type":"WebPage","@id":"https:\/\/sport.luiss.it\/2015\/04\/16\/serie-b-la-luiss-chiude-la-regular-season\/","url":"https:\/\/sport.luiss.it\/2015\/04\/16\/serie-b-la-luiss-chiude-la-regular-season\/","name":"Serie B: la LUISS chiude la regular season - Luiss Sport - Luiss Guido Carli","isPartOf":{"@id":"https:\/\/sport.luiss.it\/#website"},"primaryImageOfPage":{"@id":"https:\/\/sport.luiss.it\/2015\/04\/16\/serie-b-la-luiss-chiude-la-regular-season\/#primaryimage"},"image":{"@id":"https:\/\/sport.luiss.it\/2015\/04\/16\/serie-b-la-luiss-chiude-la-regular-season\/#primaryimage"},"thumbnailUrl":"","datePublished":"2015-04-16T10:38:16+00:00","author":{"@id":""},"breadcrumb":{"@id":"https:\/\/sport.luiss.it\/2015\/04\/16\/serie-b-la-luiss-chiude-la-regular-season\/#breadcrumb"},"inLanguage":"en-US","potentialAction":[{"@type":"ReadAction","target":["https:\/\/sport.luiss.it\/2015\/04\/16\/serie-b-la-luiss-chiude-la-regular-season\/"]}]},{"@type":"ImageObject","inLanguage":"en-US","@id":"https:\/\/sport.luiss.it\/2015\/04\/16\/serie-b-la-luiss-chiude-la-regular-season\/#primaryimage","url":"","contentUrl":""},{"@type":"BreadcrumbList","@id":"https:\/\/sport.luiss.it\/2015\/04\/16\/serie-b-la-luiss-chiude-la-regular-season\/#breadcrumb","itemListElement":[{"@type":"ListItem","position":1,"name":"Home","item":"https:\/\/sport.luiss.it\/en\/"},{"@type":"ListItem","position":2,"name":"Serie B: la LUISS chiude la regular season"}]},{"@type":"WebSite","@id":"https:\/\/sport.luiss.it\/#website","url":"https:\/\/sport.luiss.it\/","name":"Luiss Sport - Luiss Guido Carli","description":"Luiss Sport","potentialAction":[{"@type":"SearchAction","target":{"@type":"EntryPoint","urlTemplate":"https:\/\/sport.luiss.it\/?s={search_term_string}"},"query-input":{"@type":"PropertyValueSpecification","valueRequired":true,"valueName":"search_term_string"}}],"inLanguage":"en-US"},{"@type":"Person","@id":""}]}},"_links":{"self":[{"href":"https:\/\/sport.luiss.it\/en\/wp-json\/wp\/v2\/posts\/8965","targetHints":{"allow":["GET"]}}],"collection":[{"href":"https:\/\/sport.luiss.it\/en\/wp-json\/wp\/v2\/posts"}],"about":[{"href":"https:\/\/sport.luiss.it\/en\/wp-json\/wp\/v2\/types\/post"}],"author":[{"embeddable":true,"href":"https:\/\/sport.luiss.it\/en\/wp-json\/wp\/v2\/users\/441"}],"replies":[{"embeddable":true,"href":"https:\/\/sport.luiss.it\/en\/wp-json\/wp\/v2\/comments?post=8965"}],"version-history":[{"count":0,"href":"https:\/\/sport.luiss.it\/en\/wp-json\/wp\/v2\/posts\/8965\/revisions"}],"wp:featuredmedia":[{"embeddable":true,"href":"https:\/\/sport.luiss.it\/en\/wp-json\/"}],"wp:attachment":[{"href":"https:\/\/sport.luiss.it\/en\/wp-json\/wp\/v2\/media?parent=8965"}],"wp:term":[{"taxonomy":"category","embeddable":true,"href":"https:\/\/sport.luiss.it\/en\/wp-json\/wp\/v2\/categories?post=8965"},{"taxonomy":"post_tag","embeddable":true,"href":"https:\/\/sport.luiss.it\/en\/wp-json\/wp\/v2\/tags?post=8965"}],"curies":[{"name":"wp","href":"https:\/\/api.w.org\/{rel}","templated":true}]}}