
{"id":9025,"date":"2015-04-23T09:57:41","date_gmt":"2015-04-23T09:57:41","guid":{"rendered":"https:\/\/sport.luiss.it\/?p=9025"},"modified":"2015-04-23T09:57:41","modified_gmt":"2015-04-23T09:57:41","slug":"serie-b-la-luiss-a-rieti-per-la-prima-gara-playoff","status":"publish","type":"post","link":"https:\/\/sport.luiss.it\/en\/2015\/04\/23\/serie-b-la-luiss-a-rieti-per-la-prima-gara-playoff\/","title":{"rendered":"Serie B: la LUISS a Rieti per la prima gara playoff"},"content":{"rendered":"<p><a href=\"https:\/\/sport.luiss.it\/wp-content\/uploads\/2015\/04\/Paccari\u00e8_Fulgaro.jpg\"><img loading=\"lazy\" decoding=\"async\" class=\"alignleft size-medium wp-image-9026\" src=\"https:\/\/sport.luiss.it\/wp-content\/uploads\/2015\/04\/Paccari\u00e8_Fulgaro-300x200.jpg\" alt=\"Paccari\u00e8_Fulgaro\" width=\"300\" height=\"200\" \/><\/a>Si giocher\u00e0 domenica 26 aprile alle 18, al Pala Sojourner di Rieti, una partita storica per l\u2019ASD LUISS Roma che giocher\u00e0 contro la NPC Rieti <strong>la prima gara della sua storia nei playoff valevoli per la promozione in serie A2<\/strong>.<\/p>\n<p>Un\u2019occasione speciale quella che vivranno Coach Paccari\u00e8 e i suoi ragazzi che andranno a giocarsi su un campo difficile, contro una delle squadre pi\u00f9 forti dell\u2019intera categoria, il sogno di allungare ulteriormente la propria stagione, dopo aver raggiunto l\u2019obiettivo salvezza, e dopo essere entrati tre le prime 8 squadre del girone C. <strong>Di fronte ci sar\u00e0 una formazione di assoluto spessore <\/strong>che vuole raggiungere, al termine di questa stagione, la promozione in A2 per ritornare ai fasti del passato, che hanno fatto di Rieti una delle societ\u00e0 pi\u00f9 gloriose dell\u2019intero panorama nazionale. La squadra guidata da Luciano Nunzi \u00e8 composta da giocatori che hanno svolto la loro carriera praticamente quasi sempre ai piani pi\u00f9 alti, proprio dove ambiscono a riportare la NPC. Sono Nicolas Stanic, Roberto Feliciangeli, Stefano Spizzichini, Armando Iannone, Davide Rosignoli, Andrea Giampaoli e <strong>l\u2019ex-capitano luissino Federico Granato<\/strong> i giocatori pi\u00f9 importanti su cui pu\u00f2 contare Coach Nunzi, che fanno di Rieti una vera corazzata. La NPC ha infatti chiuso la stagione al secondo posto con 22 vittorie e 4 sconfitte, a soli due punti di distanza dalla capolista Palestrina, ed \u00e8 reduce da 9 vittorie nelle ultime 10 partite disputate.<\/p>\n<p>Sar\u00e0 una sfida delicata quella che si giocher\u00e0 nello storico Pala Sojourner, e lo sa bene Andrea Paccari\u00e8 che in settimana ha caricato i suoi in vista dell\u2019inizio dei playoff dove, come dichiarato da Capitan Marzoli, la LUISS prover\u00e0 ad essere una mina vagante. <strong>L\u2019allenatore luissino<\/strong> \u00e8 per\u00f2 consapevole delle insidie che nasconde la serie con Rieti, ed alla vigilia del primo appuntamento dichiara: <em>\u201cCerchiamo di goderci questo bellissimo\u00a0momento, nella maniera che compete ad atleti che devono fare tesoro di quest\u2019esperienza che nel nostro caso \u00e8 straordinaria, nel senso letterale del termine che significa \u2018fuori dall\u2019ordinario\u2019. <strong>Faremo il possibile per mantenere alto il livello dell\u2019impegno<\/strong> come abbiamo fatto nel corso del campionato, pi\u00f9 nella prima fase ad onore del vero che non nella seconda, per moltissimi motivi. <strong>\u00c8 assolutamente fuori discussione la differenza di motivazioni, di organico e di qualit\u00e0 con la squadra di Rieti<\/strong>, ma comunque noi daremo il massimo per onorare il raggiungimento di questo posto in classifica.\u201d<\/em><\/p>\n<p>Sugli avversari di questi quarti di finale Coach Paccari\u00e8 \u00e8 laconico: \u201c<em>Parlare di un\u2019attenzione tecnica e tattica piuttosto che di un\u2019altra per una squadra come la NPC, che sono anni che arriva nelle prime posizioni e lotta per vincere, e quindi <strong>ridurre la partita a limitare un giocatore piuttosto che un altro mi sembra davvero un torto ad una formazione di altissimo livello<\/strong> come quella che andremo ad affrontare domenica.\u201d<\/em><\/p>\n<p>Il match tra NPC Rieti e ASD LUISS Roma andr\u00e0 in scena <strong>domenica 26 alle 18 al Pala Sojourner di Rieti<\/strong>, dove ad arbitrare sono chiamati i Signori Luca Santilli di Recanati (MC) e Francesco Venturini di Capannori (LU).<\/p>\n<p>La gara potr\u00e0 essere seguita in diretta anche sui social Sport Luiss con l\u2019hashtag <strong>#RietiLuiss<\/strong>.<\/p>\n<p><strong>Danila Di Biase<\/strong><br \/>\n<strong>ASD LUISS<\/strong><\/p>\n","protected":false},"excerpt":{"rendered":"<p>Si giocher\u00e0 domenica 26 aprile alle 18, al Pala Sojourner di Rieti, una partita storica per l\u2019ASD LUISS Roma che giocher\u00e0 contro la NPC Rieti la prima gara della sua [&hellip;]<\/p>\n","protected":false},"author":441,"featured_media":9026,"comment_status":"closed","ping_status":"closed","sticky":false,"template":"","format":"standard","meta":{"_monsterinsights_skip_tracking":false,"_monsterinsights_sitenote_active":false,"_monsterinsights_sitenote_note":"","_monsterinsights_sitenote_category":0,"footnotes":""},"categories":[114],"tags":[],"class_list":["post-9025","post","type-post","status-publish","format-standard","has-post-thumbnail","hentry","category-news-basket-c"],"yoast_head":"<!-- This site is optimized with the Yoast SEO plugin v26.5 - https:\/\/yoast.com\/wordpress\/plugins\/seo\/ -->\n<title>Serie B: la LUISS a Rieti per la prima gara playoff - Luiss Sport - Luiss Guido Carli<\/title>\n<meta name=\"robots\" content=\"index, follow, max-snippet:-1, max-image-preview:large, max-video-preview:-1\" \/>\n<link rel=\"canonical\" href=\"https:\/\/sport.luiss.it\/2015\/04\/23\/serie-b-la-luiss-a-rieti-per-la-prima-gara-playoff\/\" \/>\n<meta property=\"og:locale\" content=\"en_US\" \/>\n<meta property=\"og:type\" content=\"article\" \/>\n<meta property=\"og:title\" content=\"Serie B: la LUISS a Rieti per la prima gara playoff - Luiss Sport - Luiss Guido Carli\" \/>\n<meta property=\"og:description\" content=\"Si giocher\u00e0 domenica 26 aprile alle 18, al Pala Sojourner di Rieti, una partita storica per l\u2019ASD LUISS Roma che giocher\u00e0 contro la NPC Rieti la prima gara della sua [&hellip;]\" \/>\n<meta property=\"og:url\" content=\"https:\/\/sport.luiss.it\/2015\/04\/23\/serie-b-la-luiss-a-rieti-per-la-prima-gara-playoff\/\" \/>\n<meta property=\"og:site_name\" content=\"Luiss Sport - Luiss Guido Carli\" \/>\n<meta property=\"article:publisher\" content=\"https:\/\/www.facebook.com\/sportluiss\/\" \/>\n<meta property=\"article:published_time\" content=\"2015-04-23T09:57:41+00:00\" \/>\n<meta name=\"twitter:card\" content=\"summary_large_image\" \/>\n<meta name=\"twitter:label1\" content=\"Written by\" \/>\n\t<meta name=\"twitter:data1\" content=\"\" \/>\n\t<meta name=\"twitter:label2\" content=\"Est. reading time\" \/>\n\t<meta name=\"twitter:data2\" content=\"3 minutes\" \/>\n<script type=\"application\/ld+json\" class=\"yoast-schema-graph\">{\"@context\":\"https:\/\/schema.org\",\"@graph\":[{\"@type\":\"WebPage\",\"@id\":\"https:\/\/sport.luiss.it\/2015\/04\/23\/serie-b-la-luiss-a-rieti-per-la-prima-gara-playoff\/\",\"url\":\"https:\/\/sport.luiss.it\/2015\/04\/23\/serie-b-la-luiss-a-rieti-per-la-prima-gara-playoff\/\",\"name\":\"Serie B: la LUISS a Rieti per la prima gara playoff - Luiss Sport - Luiss Guido Carli\",\"isPartOf\":{\"@id\":\"https:\/\/sport.luiss.it\/#website\"},\"primaryImageOfPage\":{\"@id\":\"https:\/\/sport.luiss.it\/2015\/04\/23\/serie-b-la-luiss-a-rieti-per-la-prima-gara-playoff\/#primaryimage\"},\"image\":{\"@id\":\"https:\/\/sport.luiss.it\/2015\/04\/23\/serie-b-la-luiss-a-rieti-per-la-prima-gara-playoff\/#primaryimage\"},\"thumbnailUrl\":\"\",\"datePublished\":\"2015-04-23T09:57:41+00:00\",\"author\":{\"@id\":\"\"},\"breadcrumb\":{\"@id\":\"https:\/\/sport.luiss.it\/2015\/04\/23\/serie-b-la-luiss-a-rieti-per-la-prima-gara-playoff\/#breadcrumb\"},\"inLanguage\":\"en-US\",\"potentialAction\":[{\"@type\":\"ReadAction\",\"target\":[\"https:\/\/sport.luiss.it\/2015\/04\/23\/serie-b-la-luiss-a-rieti-per-la-prima-gara-playoff\/\"]}]},{\"@type\":\"ImageObject\",\"inLanguage\":\"en-US\",\"@id\":\"https:\/\/sport.luiss.it\/2015\/04\/23\/serie-b-la-luiss-a-rieti-per-la-prima-gara-playoff\/#primaryimage\",\"url\":\"\",\"contentUrl\":\"\"},{\"@type\":\"BreadcrumbList\",\"@id\":\"https:\/\/sport.luiss.it\/2015\/04\/23\/serie-b-la-luiss-a-rieti-per-la-prima-gara-playoff\/#breadcrumb\",\"itemListElement\":[{\"@type\":\"ListItem\",\"position\":1,\"name\":\"Home\",\"item\":\"https:\/\/sport.luiss.it\/en\/\"},{\"@type\":\"ListItem\",\"position\":2,\"name\":\"Serie B: la LUISS a Rieti per la prima gara playoff\"}]},{\"@type\":\"WebSite\",\"@id\":\"https:\/\/sport.luiss.it\/#website\",\"url\":\"https:\/\/sport.luiss.it\/\",\"name\":\"Luiss Sport - Luiss Guido Carli\",\"description\":\"Luiss Sport\",\"potentialAction\":[{\"@type\":\"SearchAction\",\"target\":{\"@type\":\"EntryPoint\",\"urlTemplate\":\"https:\/\/sport.luiss.it\/?s={search_term_string}\"},\"query-input\":{\"@type\":\"PropertyValueSpecification\",\"valueRequired\":true,\"valueName\":\"search_term_string\"}}],\"inLanguage\":\"en-US\"},{\"@type\":\"Person\",\"@id\":\"\"}]}<\/script>\n<!-- \/ Yoast SEO plugin. -->","yoast_head_json":{"title":"Serie B: la LUISS a Rieti per la prima gara playoff - Luiss Sport - Luiss Guido Carli","robots":{"index":"index","follow":"follow","max-snippet":"max-snippet:-1","max-image-preview":"max-image-preview:large","max-video-preview":"max-video-preview:-1"},"canonical":"https:\/\/sport.luiss.it\/2015\/04\/23\/serie-b-la-luiss-a-rieti-per-la-prima-gara-playoff\/","og_locale":"en_US","og_type":"article","og_title":"Serie B: la LUISS a Rieti per la prima gara playoff - Luiss Sport - Luiss Guido Carli","og_description":"Si giocher\u00e0 domenica 26 aprile alle 18, al Pala Sojourner di Rieti, una partita storica per l\u2019ASD LUISS Roma che giocher\u00e0 contro la NPC Rieti la prima gara della sua [&hellip;]","og_url":"https:\/\/sport.luiss.it\/2015\/04\/23\/serie-b-la-luiss-a-rieti-per-la-prima-gara-playoff\/","og_site_name":"Luiss Sport - Luiss Guido Carli","article_publisher":"https:\/\/www.facebook.com\/sportluiss\/","article_published_time":"2015-04-23T09:57:41+00:00","twitter_card":"summary_large_image","twitter_misc":{"Written by":"","Est. reading time":"3 minutes"},"schema":{"@context":"https:\/\/schema.org","@graph":[{"@type":"WebPage","@id":"https:\/\/sport.luiss.it\/2015\/04\/23\/serie-b-la-luiss-a-rieti-per-la-prima-gara-playoff\/","url":"https:\/\/sport.luiss.it\/2015\/04\/23\/serie-b-la-luiss-a-rieti-per-la-prima-gara-playoff\/","name":"Serie B: la LUISS a Rieti per la prima gara playoff - Luiss Sport - Luiss Guido Carli","isPartOf":{"@id":"https:\/\/sport.luiss.it\/#website"},"primaryImageOfPage":{"@id":"https:\/\/sport.luiss.it\/2015\/04\/23\/serie-b-la-luiss-a-rieti-per-la-prima-gara-playoff\/#primaryimage"},"image":{"@id":"https:\/\/sport.luiss.it\/2015\/04\/23\/serie-b-la-luiss-a-rieti-per-la-prima-gara-playoff\/#primaryimage"},"thumbnailUrl":"","datePublished":"2015-04-23T09:57:41+00:00","author":{"@id":""},"breadcrumb":{"@id":"https:\/\/sport.luiss.it\/2015\/04\/23\/serie-b-la-luiss-a-rieti-per-la-prima-gara-playoff\/#breadcrumb"},"inLanguage":"en-US","potentialAction":[{"@type":"ReadAction","target":["https:\/\/sport.luiss.it\/2015\/04\/23\/serie-b-la-luiss-a-rieti-per-la-prima-gara-playoff\/"]}]},{"@type":"ImageObject","inLanguage":"en-US","@id":"https:\/\/sport.luiss.it\/2015\/04\/23\/serie-b-la-luiss-a-rieti-per-la-prima-gara-playoff\/#primaryimage","url":"","contentUrl":""},{"@type":"BreadcrumbList","@id":"https:\/\/sport.luiss.it\/2015\/04\/23\/serie-b-la-luiss-a-rieti-per-la-prima-gara-playoff\/#breadcrumb","itemListElement":[{"@type":"ListItem","position":1,"name":"Home","item":"https:\/\/sport.luiss.it\/en\/"},{"@type":"ListItem","position":2,"name":"Serie B: la LUISS a Rieti per la prima gara playoff"}]},{"@type":"WebSite","@id":"https:\/\/sport.luiss.it\/#website","url":"https:\/\/sport.luiss.it\/","name":"Luiss Sport - Luiss Guido Carli","description":"Luiss Sport","potentialAction":[{"@type":"SearchAction","target":{"@type":"EntryPoint","urlTemplate":"https:\/\/sport.luiss.it\/?s={search_term_string}"},"query-input":{"@type":"PropertyValueSpecification","valueRequired":true,"valueName":"search_term_string"}}],"inLanguage":"en-US"},{"@type":"Person","@id":""}]}},"_links":{"self":[{"href":"https:\/\/sport.luiss.it\/en\/wp-json\/wp\/v2\/posts\/9025","targetHints":{"allow":["GET"]}}],"collection":[{"href":"https:\/\/sport.luiss.it\/en\/wp-json\/wp\/v2\/posts"}],"about":[{"href":"https:\/\/sport.luiss.it\/en\/wp-json\/wp\/v2\/types\/post"}],"author":[{"embeddable":true,"href":"https:\/\/sport.luiss.it\/en\/wp-json\/wp\/v2\/users\/441"}],"replies":[{"embeddable":true,"href":"https:\/\/sport.luiss.it\/en\/wp-json\/wp\/v2\/comments?post=9025"}],"version-history":[{"count":0,"href":"https:\/\/sport.luiss.it\/en\/wp-json\/wp\/v2\/posts\/9025\/revisions"}],"wp:featuredmedia":[{"embeddable":true,"href":"https:\/\/sport.luiss.it\/en\/wp-json\/"}],"wp:attachment":[{"href":"https:\/\/sport.luiss.it\/en\/wp-json\/wp\/v2\/media?parent=9025"}],"wp:term":[{"taxonomy":"category","embeddable":true,"href":"https:\/\/sport.luiss.it\/en\/wp-json\/wp\/v2\/categories?post=9025"},{"taxonomy":"post_tag","embeddable":true,"href":"https:\/\/sport.luiss.it\/en\/wp-json\/wp\/v2\/tags?post=9025"}],"curies":[{"name":"wp","href":"https:\/\/api.w.org\/{rel}","templated":true}]}}