
{"id":9124,"date":"2015-04-30T10:15:26","date_gmt":"2015-04-30T10:15:26","guid":{"rendered":"https:\/\/sport.luiss.it\/?p=9124"},"modified":"2015-04-30T10:15:26","modified_gmt":"2015-04-30T10:15:26","slug":"serie-b-luiss-rieti-le-considerazioni-del-coach","status":"publish","type":"post","link":"https:\/\/sport.luiss.it\/en\/2015\/04\/30\/serie-b-luiss-rieti-le-considerazioni-del-coach\/","title":{"rendered":"Serie B: LUISS-Rieti, le considerazioni del Coach"},"content":{"rendered":"<p><a href=\"https:\/\/sport.luiss.it\/wp-content\/uploads\/2015\/04\/11178246_946938398662500_5361697150720009801_n.jpg\"><img loading=\"lazy\" decoding=\"async\" class=\"alignleft size-medium wp-image-9125\" src=\"https:\/\/sport.luiss.it\/wp-content\/uploads\/2015\/04\/11178246_946938398662500_5361697150720009801_n-300x201.jpg\" alt=\"11178246_946938398662500_5361697150720009801_n\" width=\"300\" height=\"201\" \/><\/a>L\u2019indomani dell\u2019eliminazione dai quarti di finale playoff per la promozione in serie A2 subita contro la NPC Rieti, c\u2019\u00e8 serenit\u00e0 in casa ASD LUISS, dove regna la consapevolezza <strong>di aver disputato una fantastica stagione<\/strong> ed un\u2019ultima partita eccezionale contro una delle squadre pi\u00f9 forti dell\u2019intera categoria.<\/p>\n<p>Un match bellissimo quello andato in scena in un PalaLUISS gremito di tifosi locali ed ospiti, che hanno potuto assistere a <strong>40\u2019 di intensit\u00e0 e spettacolo tra le due squadre in campo<\/strong>. Ad avere la meglio, alla fine, \u00e8 stata la NPC Rieti che ha trionfato con il risultato di 83-76 conquistando cos\u00ec l\u2019accesso alle semifinali, ma che ha sofferto particolarmente la verve dei luissini, desiderosi di riscattare subito la debacle di 3 giorni prima al Pala Sojourner.<\/p>\n<p>Visibilmente soddisfatto <strong>Coach Paccari\u00e8<\/strong> che pochi secondi prima della sirena finale, quando ormai non c\u2019era pi\u00f9 nulla da fare sul -6, <strong>ha abbracciato tutti i suoi ragazzi in campo e in panchina ringraziandoli per quanto fatto in questa straordinaria stagione<\/strong>. \u00c8 proprio l\u2019allenatore luissino, tornato sulla panchina biancoblu a distanza di 14 anni dalla prima volta, a commentare questo finale di stagione che ha visto la sua squadra disputare un\u2019ottima gara: \u201c<em>Per intensit\u00e0 e determinazione \u00e8 stata una delle migliori partite disputate quest\u2019anno, forse dal punto di vista tecnico generale ce ne sono state di ancora pi\u00f9 positive, ma il livello dell\u2019avversario ha comportato un innalzamento della qualit\u00e0 fisica ed agonistica a discapito sicuramente di quella tecnica. Abbiamo dato una bella risposta dopo gli schiaffi di Rieti, con <strong>una partita che ha ridato la giusta collocazione ad una squadra che ha conquistato i playoff con merito<\/strong>. Sarebbe stato un peccato finire come sembrava sarebbe successo dopo domenica<\/em> \u2013 continua Paccari\u00e8 \u2013 <em>ed invece c\u2019\u00e8 stata una bella reazione da parte di tutto il gruppo, sotto ogni punto di vista. Fino a 38\u2019\u2019 dalla fine abbiamo creduto di poterla vincere, poi Rieti ha meritato la vittoria e la qualificazione, grazie a due gare in cui ha tirato fuori una prestazione balistica di primissimo livello e quindi pieno merito ad una squadra che ha sbagliato pochissimo e che ha fatto due prestazioni super.\u201d<\/em><\/p>\n<p>Un ultimo commento l\u2019allenatore universitario lo riserva ai suoi ragazzi: \u201c<em>Abbiamo giocato una partita in cui finalmente siamo riusciti a tradurre in campo quello che avevamo preparato. A Rieti tre giorni prima sembravamo degli sprovveduti, mentre ieri abbiamo dimostrato che non \u00e8 cos\u00ec e che abbiamo meritato i playoff al termine di una stagione che ha alternato momenti esaltanti ad altri pi\u00f9 difficili. <strong>Gli aspetti curati in allenamento li abbiamo ritrovati in partita <\/strong>e la prestazione di ieri \u00e8 la dimostrazione che se alcune cose vengono fatte come ci si aspetta arrivano degli utili, magari non sufficienti per vincere ma sicuramente per essere competitivi. Nel complesso abbiamo giocato bene e la squadra ha dimostrato che pu\u00f2 essere competitiva anche quando ci sono serate negative per qualcuno o quando comunque non si \u00e8 al top della condizione fisica, ed infine credo che abbiamo fatto vedere che si pu\u00f2 essere competitivi anche negli ultimi mesi della stagione, che \u00e8 uno dei problemi che la LUISS ha accusato spesso negli anni.\u201d<\/em><\/p>\n<p><strong>Danila Di Biase<\/strong><br \/>\n<strong>ASD LUISS<\/strong><\/p>\n<p><em>foto di 61pixel.it<\/em><\/p>\n<p>&nbsp;<\/p>\n","protected":false},"excerpt":{"rendered":"<p>L\u2019indomani dell\u2019eliminazione dai quarti di finale playoff per la promozione in serie A2 subita contro la NPC Rieti, c\u2019\u00e8 serenit\u00e0 in casa ASD LUISS, dove regna la consapevolezza di aver [&hellip;]<\/p>\n","protected":false},"author":441,"featured_media":9125,"comment_status":"closed","ping_status":"closed","sticky":false,"template":"","format":"standard","meta":{"_monsterinsights_skip_tracking":false,"_monsterinsights_sitenote_active":false,"_monsterinsights_sitenote_note":"","_monsterinsights_sitenote_category":0,"footnotes":""},"categories":[114],"tags":[],"class_list":["post-9124","post","type-post","status-publish","format-standard","has-post-thumbnail","hentry","category-news-basket-c"],"yoast_head":"<!-- This site is optimized with the Yoast SEO plugin v26.5 - https:\/\/yoast.com\/wordpress\/plugins\/seo\/ -->\n<title>Serie B: LUISS-Rieti, le considerazioni del Coach - Luiss Sport - Luiss Guido Carli<\/title>\n<meta name=\"robots\" content=\"index, follow, max-snippet:-1, max-image-preview:large, max-video-preview:-1\" \/>\n<link rel=\"canonical\" href=\"https:\/\/sport.luiss.it\/2015\/04\/30\/serie-b-luiss-rieti-le-considerazioni-del-coach\/\" \/>\n<meta property=\"og:locale\" content=\"en_US\" \/>\n<meta property=\"og:type\" content=\"article\" \/>\n<meta property=\"og:title\" content=\"Serie B: LUISS-Rieti, le considerazioni del Coach - Luiss Sport - Luiss Guido Carli\" \/>\n<meta property=\"og:description\" content=\"L\u2019indomani dell\u2019eliminazione dai quarti di finale playoff per la promozione in serie A2 subita contro la NPC Rieti, c\u2019\u00e8 serenit\u00e0 in casa ASD LUISS, dove regna la consapevolezza di aver [&hellip;]\" \/>\n<meta property=\"og:url\" content=\"https:\/\/sport.luiss.it\/2015\/04\/30\/serie-b-luiss-rieti-le-considerazioni-del-coach\/\" \/>\n<meta property=\"og:site_name\" content=\"Luiss Sport - Luiss Guido Carli\" \/>\n<meta property=\"article:publisher\" content=\"https:\/\/www.facebook.com\/sportluiss\/\" \/>\n<meta property=\"article:published_time\" content=\"2015-04-30T10:15:26+00:00\" \/>\n<meta name=\"twitter:card\" content=\"summary_large_image\" \/>\n<meta name=\"twitter:label1\" content=\"Written by\" \/>\n\t<meta name=\"twitter:data1\" content=\"\" \/>\n\t<meta name=\"twitter:label2\" content=\"Est. reading time\" \/>\n\t<meta name=\"twitter:data2\" content=\"3 minutes\" \/>\n<script type=\"application\/ld+json\" class=\"yoast-schema-graph\">{\"@context\":\"https:\/\/schema.org\",\"@graph\":[{\"@type\":\"WebPage\",\"@id\":\"https:\/\/sport.luiss.it\/2015\/04\/30\/serie-b-luiss-rieti-le-considerazioni-del-coach\/\",\"url\":\"https:\/\/sport.luiss.it\/2015\/04\/30\/serie-b-luiss-rieti-le-considerazioni-del-coach\/\",\"name\":\"Serie B: LUISS-Rieti, le considerazioni del Coach - Luiss Sport - Luiss Guido Carli\",\"isPartOf\":{\"@id\":\"https:\/\/sport.luiss.it\/#website\"},\"primaryImageOfPage\":{\"@id\":\"https:\/\/sport.luiss.it\/2015\/04\/30\/serie-b-luiss-rieti-le-considerazioni-del-coach\/#primaryimage\"},\"image\":{\"@id\":\"https:\/\/sport.luiss.it\/2015\/04\/30\/serie-b-luiss-rieti-le-considerazioni-del-coach\/#primaryimage\"},\"thumbnailUrl\":\"\",\"datePublished\":\"2015-04-30T10:15:26+00:00\",\"author\":{\"@id\":\"\"},\"breadcrumb\":{\"@id\":\"https:\/\/sport.luiss.it\/2015\/04\/30\/serie-b-luiss-rieti-le-considerazioni-del-coach\/#breadcrumb\"},\"inLanguage\":\"en-US\",\"potentialAction\":[{\"@type\":\"ReadAction\",\"target\":[\"https:\/\/sport.luiss.it\/2015\/04\/30\/serie-b-luiss-rieti-le-considerazioni-del-coach\/\"]}]},{\"@type\":\"ImageObject\",\"inLanguage\":\"en-US\",\"@id\":\"https:\/\/sport.luiss.it\/2015\/04\/30\/serie-b-luiss-rieti-le-considerazioni-del-coach\/#primaryimage\",\"url\":\"\",\"contentUrl\":\"\"},{\"@type\":\"BreadcrumbList\",\"@id\":\"https:\/\/sport.luiss.it\/2015\/04\/30\/serie-b-luiss-rieti-le-considerazioni-del-coach\/#breadcrumb\",\"itemListElement\":[{\"@type\":\"ListItem\",\"position\":1,\"name\":\"Home\",\"item\":\"https:\/\/sport.luiss.it\/en\/\"},{\"@type\":\"ListItem\",\"position\":2,\"name\":\"Serie B: LUISS-Rieti, le considerazioni del Coach\"}]},{\"@type\":\"WebSite\",\"@id\":\"https:\/\/sport.luiss.it\/#website\",\"url\":\"https:\/\/sport.luiss.it\/\",\"name\":\"Luiss Sport - Luiss Guido Carli\",\"description\":\"Luiss Sport\",\"potentialAction\":[{\"@type\":\"SearchAction\",\"target\":{\"@type\":\"EntryPoint\",\"urlTemplate\":\"https:\/\/sport.luiss.it\/?s={search_term_string}\"},\"query-input\":{\"@type\":\"PropertyValueSpecification\",\"valueRequired\":true,\"valueName\":\"search_term_string\"}}],\"inLanguage\":\"en-US\"},{\"@type\":\"Person\",\"@id\":\"\"}]}<\/script>\n<!-- \/ Yoast SEO plugin. -->","yoast_head_json":{"title":"Serie B: LUISS-Rieti, le considerazioni del Coach - Luiss Sport - Luiss Guido Carli","robots":{"index":"index","follow":"follow","max-snippet":"max-snippet:-1","max-image-preview":"max-image-preview:large","max-video-preview":"max-video-preview:-1"},"canonical":"https:\/\/sport.luiss.it\/2015\/04\/30\/serie-b-luiss-rieti-le-considerazioni-del-coach\/","og_locale":"en_US","og_type":"article","og_title":"Serie B: LUISS-Rieti, le considerazioni del Coach - Luiss Sport - Luiss Guido Carli","og_description":"L\u2019indomani dell\u2019eliminazione dai quarti di finale playoff per la promozione in serie A2 subita contro la NPC Rieti, c\u2019\u00e8 serenit\u00e0 in casa ASD LUISS, dove regna la consapevolezza di aver [&hellip;]","og_url":"https:\/\/sport.luiss.it\/2015\/04\/30\/serie-b-luiss-rieti-le-considerazioni-del-coach\/","og_site_name":"Luiss Sport - Luiss Guido Carli","article_publisher":"https:\/\/www.facebook.com\/sportluiss\/","article_published_time":"2015-04-30T10:15:26+00:00","twitter_card":"summary_large_image","twitter_misc":{"Written by":"","Est. reading time":"3 minutes"},"schema":{"@context":"https:\/\/schema.org","@graph":[{"@type":"WebPage","@id":"https:\/\/sport.luiss.it\/2015\/04\/30\/serie-b-luiss-rieti-le-considerazioni-del-coach\/","url":"https:\/\/sport.luiss.it\/2015\/04\/30\/serie-b-luiss-rieti-le-considerazioni-del-coach\/","name":"Serie B: LUISS-Rieti, le considerazioni del Coach - Luiss Sport - Luiss Guido Carli","isPartOf":{"@id":"https:\/\/sport.luiss.it\/#website"},"primaryImageOfPage":{"@id":"https:\/\/sport.luiss.it\/2015\/04\/30\/serie-b-luiss-rieti-le-considerazioni-del-coach\/#primaryimage"},"image":{"@id":"https:\/\/sport.luiss.it\/2015\/04\/30\/serie-b-luiss-rieti-le-considerazioni-del-coach\/#primaryimage"},"thumbnailUrl":"","datePublished":"2015-04-30T10:15:26+00:00","author":{"@id":""},"breadcrumb":{"@id":"https:\/\/sport.luiss.it\/2015\/04\/30\/serie-b-luiss-rieti-le-considerazioni-del-coach\/#breadcrumb"},"inLanguage":"en-US","potentialAction":[{"@type":"ReadAction","target":["https:\/\/sport.luiss.it\/2015\/04\/30\/serie-b-luiss-rieti-le-considerazioni-del-coach\/"]}]},{"@type":"ImageObject","inLanguage":"en-US","@id":"https:\/\/sport.luiss.it\/2015\/04\/30\/serie-b-luiss-rieti-le-considerazioni-del-coach\/#primaryimage","url":"","contentUrl":""},{"@type":"BreadcrumbList","@id":"https:\/\/sport.luiss.it\/2015\/04\/30\/serie-b-luiss-rieti-le-considerazioni-del-coach\/#breadcrumb","itemListElement":[{"@type":"ListItem","position":1,"name":"Home","item":"https:\/\/sport.luiss.it\/en\/"},{"@type":"ListItem","position":2,"name":"Serie B: LUISS-Rieti, le considerazioni del Coach"}]},{"@type":"WebSite","@id":"https:\/\/sport.luiss.it\/#website","url":"https:\/\/sport.luiss.it\/","name":"Luiss Sport - Luiss Guido Carli","description":"Luiss Sport","potentialAction":[{"@type":"SearchAction","target":{"@type":"EntryPoint","urlTemplate":"https:\/\/sport.luiss.it\/?s={search_term_string}"},"query-input":{"@type":"PropertyValueSpecification","valueRequired":true,"valueName":"search_term_string"}}],"inLanguage":"en-US"},{"@type":"Person","@id":""}]}},"_links":{"self":[{"href":"https:\/\/sport.luiss.it\/en\/wp-json\/wp\/v2\/posts\/9124","targetHints":{"allow":["GET"]}}],"collection":[{"href":"https:\/\/sport.luiss.it\/en\/wp-json\/wp\/v2\/posts"}],"about":[{"href":"https:\/\/sport.luiss.it\/en\/wp-json\/wp\/v2\/types\/post"}],"author":[{"embeddable":true,"href":"https:\/\/sport.luiss.it\/en\/wp-json\/wp\/v2\/users\/441"}],"replies":[{"embeddable":true,"href":"https:\/\/sport.luiss.it\/en\/wp-json\/wp\/v2\/comments?post=9124"}],"version-history":[{"count":0,"href":"https:\/\/sport.luiss.it\/en\/wp-json\/wp\/v2\/posts\/9124\/revisions"}],"wp:featuredmedia":[{"embeddable":true,"href":"https:\/\/sport.luiss.it\/en\/wp-json\/"}],"wp:attachment":[{"href":"https:\/\/sport.luiss.it\/en\/wp-json\/wp\/v2\/media?parent=9124"}],"wp:term":[{"taxonomy":"category","embeddable":true,"href":"https:\/\/sport.luiss.it\/en\/wp-json\/wp\/v2\/categories?post=9124"},{"taxonomy":"post_tag","embeddable":true,"href":"https:\/\/sport.luiss.it\/en\/wp-json\/wp\/v2\/tags?post=9124"}],"curies":[{"name":"wp","href":"https:\/\/api.w.org\/{rel}","templated":true}]}}