
{"id":9259,"date":"2015-07-11T08:41:28","date_gmt":"2015-07-11T08:41:28","guid":{"rendered":"https:\/\/sport.luiss.it\/?p=9259"},"modified":"2015-07-11T08:41:28","modified_gmt":"2015-07-11T08:41:28","slug":"basket-70-atleti-alla-summer-league-asd-luiss","status":"publish","type":"post","link":"https:\/\/sport.luiss.it\/en\/2015\/07\/11\/basket-70-atleti-alla-summer-league-asd-luiss\/","title":{"rendered":"Basket: 70 atleti alla Summer League ASD LUISS"},"content":{"rendered":"<p><a href=\"https:\/\/sport.luiss.it\/wp-content\/uploads\/2015\/07\/locandina_summer.jpg\"><img loading=\"lazy\" decoding=\"async\" class=\"alignleft size-medium wp-image-9260\" src=\"https:\/\/sport.luiss.it\/wp-content\/uploads\/2015\/07\/locandina_summer-200x300.jpg\" alt=\"locandina_summer\" width=\"200\" height=\"300\" \/><\/a>Saranno 70 gli atleti che dal 13 al\u00a015 luglio\u00a0prenderanno parte alla &#8220;<strong>Summer League ASD LUISS<\/strong>&#8221; che si terr\u00e0 al PalaLUISS e che permetter\u00e0 a Coach Paccari\u00e8 e al suo Staff di valutare quelli che saranno i <strong>7 innesti per il team ASD LUISS<\/strong> che anche nella <strong>stagione 2015\/16<\/strong> parteciper\u00e0 al campionato Nazionale di serie B.<\/p>\n<p>Provengono da tutta Italia i ragazzi che in questi mesi hanno richiesto di poter prendere parte alla tre giorni luissina, per provare a mettersi in mostra e strappare il pass per entrare nel nuovo roster biancoblu. Molti i giocatori romani, ma tanti soprattutto quelli <strong>provenienti da Milano, Varese, Trieste, Ferrara, Roseto, Latina, Agropoli, Catanzaro,<\/strong> a conferma di quanto le prospettive offerte dall&#8217;ASD LUISS, sia sotto l&#8217;ambito cestistico che universitario, interessino ormai atleti di tutto il Paese che hanno esperienze gi\u00e0 importanti alle spalle e che sono contestualmente dal sicuro avvenire. <strong>Un interesse<\/strong>, quindi,<strong> sempre crescente da parte dei cestisti italiani e dei loro entourage<\/strong> che con il passare degli anni hanno compreso fino in fondo la bont\u00e0 e la seriet\u00e0 del progetto \u201cStudio&amp;Sport\u201d della LUISS e che ogni estate lottano duramente per provare a divenirne protagonisti. Per gli atleti, per\u00f2, l&#8217;impegno non sar\u00e0 da riversare solo sul parquet perch\u00e9 per coloro che saranno scelti dallo Staff Tecnico luissino <strong>sar\u00e0 imprescindibile aver passato il test d&#8217;ammissione alla LUISS Guido Carli <\/strong>lo scorso marzo <strong>o superare quello che si terr\u00e0 il 4 settembre<\/strong> nella Capitale.<\/p>\n<p>L&#8217;ASD LUISS, forte di conferme importanti del nucleo che lo scorso anno ha conquistato i playoff per la serie A2, \u00e8 pronta a ripartire dall&#8217;entusiasmo di questi giocatori che ce la metteranno tutta per convincere il Coach luissino e per <strong>entrare cos\u00ec a far parte di questo progetto, unico in Italia<\/strong>, che unisce la passione per la pallacanestro alla possibilit\u00e0 di sostenere studi universitari di alto livello.<\/p>\n<p><strong>Danila Di Biase<\/strong><br \/>\n<strong>ASD LUISS<\/strong><\/p>\n","protected":false},"excerpt":{"rendered":"<p>Saranno 70 gli atleti che dal 13 al\u00a015 luglio\u00a0prenderanno parte alla &#8220;Summer League ASD LUISS&#8221; che si terr\u00e0 al PalaLUISS e che permetter\u00e0 a Coach Paccari\u00e8 e al suo Staff [&hellip;]<\/p>\n","protected":false},"author":441,"featured_media":9260,"comment_status":"closed","ping_status":"closed","sticky":false,"template":"","format":"standard","meta":{"_monsterinsights_skip_tracking":false,"_monsterinsights_sitenote_active":false,"_monsterinsights_sitenote_note":"","_monsterinsights_sitenote_category":0,"footnotes":""},"categories":[114],"tags":[],"class_list":["post-9259","post","type-post","status-publish","format-standard","has-post-thumbnail","hentry","category-news-basket-c"],"yoast_head":"<!-- This site is optimized with the Yoast SEO plugin v26.5 - https:\/\/yoast.com\/wordpress\/plugins\/seo\/ -->\n<title>Basket: 70 atleti alla Summer League ASD LUISS - Luiss Sport - Luiss Guido Carli<\/title>\n<meta name=\"robots\" content=\"index, follow, max-snippet:-1, max-image-preview:large, max-video-preview:-1\" \/>\n<link rel=\"canonical\" href=\"https:\/\/sport.luiss.it\/2015\/07\/11\/basket-70-atleti-alla-summer-league-asd-luiss\/\" \/>\n<meta property=\"og:locale\" content=\"en_US\" \/>\n<meta property=\"og:type\" content=\"article\" \/>\n<meta property=\"og:title\" content=\"Basket: 70 atleti alla Summer League ASD LUISS - Luiss Sport - Luiss Guido Carli\" \/>\n<meta property=\"og:description\" content=\"Saranno 70 gli atleti che dal 13 al\u00a015 luglio\u00a0prenderanno parte alla &#8220;Summer League ASD LUISS&#8221; che si terr\u00e0 al PalaLUISS e che permetter\u00e0 a Coach Paccari\u00e8 e al suo Staff [&hellip;]\" \/>\n<meta property=\"og:url\" content=\"https:\/\/sport.luiss.it\/2015\/07\/11\/basket-70-atleti-alla-summer-league-asd-luiss\/\" \/>\n<meta property=\"og:site_name\" content=\"Luiss Sport - Luiss Guido Carli\" \/>\n<meta property=\"article:publisher\" content=\"https:\/\/www.facebook.com\/sportluiss\/\" \/>\n<meta property=\"article:published_time\" content=\"2015-07-11T08:41:28+00:00\" \/>\n<meta name=\"twitter:card\" content=\"summary_large_image\" \/>\n<meta name=\"twitter:label1\" content=\"Written by\" \/>\n\t<meta name=\"twitter:data1\" content=\"\" \/>\n\t<meta name=\"twitter:label2\" content=\"Est. reading time\" \/>\n\t<meta name=\"twitter:data2\" content=\"2 minutes\" \/>\n<script type=\"application\/ld+json\" class=\"yoast-schema-graph\">{\"@context\":\"https:\/\/schema.org\",\"@graph\":[{\"@type\":\"WebPage\",\"@id\":\"https:\/\/sport.luiss.it\/2015\/07\/11\/basket-70-atleti-alla-summer-league-asd-luiss\/\",\"url\":\"https:\/\/sport.luiss.it\/2015\/07\/11\/basket-70-atleti-alla-summer-league-asd-luiss\/\",\"name\":\"Basket: 70 atleti alla Summer League ASD LUISS - Luiss Sport - Luiss Guido Carli\",\"isPartOf\":{\"@id\":\"https:\/\/sport.luiss.it\/#website\"},\"primaryImageOfPage\":{\"@id\":\"https:\/\/sport.luiss.it\/2015\/07\/11\/basket-70-atleti-alla-summer-league-asd-luiss\/#primaryimage\"},\"image\":{\"@id\":\"https:\/\/sport.luiss.it\/2015\/07\/11\/basket-70-atleti-alla-summer-league-asd-luiss\/#primaryimage\"},\"thumbnailUrl\":\"\",\"datePublished\":\"2015-07-11T08:41:28+00:00\",\"author\":{\"@id\":\"\"},\"breadcrumb\":{\"@id\":\"https:\/\/sport.luiss.it\/2015\/07\/11\/basket-70-atleti-alla-summer-league-asd-luiss\/#breadcrumb\"},\"inLanguage\":\"en-US\",\"potentialAction\":[{\"@type\":\"ReadAction\",\"target\":[\"https:\/\/sport.luiss.it\/2015\/07\/11\/basket-70-atleti-alla-summer-league-asd-luiss\/\"]}]},{\"@type\":\"ImageObject\",\"inLanguage\":\"en-US\",\"@id\":\"https:\/\/sport.luiss.it\/2015\/07\/11\/basket-70-atleti-alla-summer-league-asd-luiss\/#primaryimage\",\"url\":\"\",\"contentUrl\":\"\"},{\"@type\":\"BreadcrumbList\",\"@id\":\"https:\/\/sport.luiss.it\/2015\/07\/11\/basket-70-atleti-alla-summer-league-asd-luiss\/#breadcrumb\",\"itemListElement\":[{\"@type\":\"ListItem\",\"position\":1,\"name\":\"Home\",\"item\":\"https:\/\/sport.luiss.it\/en\/\"},{\"@type\":\"ListItem\",\"position\":2,\"name\":\"Basket: 70 atleti alla Summer League ASD LUISS\"}]},{\"@type\":\"WebSite\",\"@id\":\"https:\/\/sport.luiss.it\/#website\",\"url\":\"https:\/\/sport.luiss.it\/\",\"name\":\"Luiss Sport - Luiss Guido Carli\",\"description\":\"Luiss Sport\",\"potentialAction\":[{\"@type\":\"SearchAction\",\"target\":{\"@type\":\"EntryPoint\",\"urlTemplate\":\"https:\/\/sport.luiss.it\/?s={search_term_string}\"},\"query-input\":{\"@type\":\"PropertyValueSpecification\",\"valueRequired\":true,\"valueName\":\"search_term_string\"}}],\"inLanguage\":\"en-US\"},{\"@type\":\"Person\",\"@id\":\"\"}]}<\/script>\n<!-- \/ Yoast SEO plugin. -->","yoast_head_json":{"title":"Basket: 70 atleti alla Summer League ASD LUISS - Luiss Sport - Luiss Guido Carli","robots":{"index":"index","follow":"follow","max-snippet":"max-snippet:-1","max-image-preview":"max-image-preview:large","max-video-preview":"max-video-preview:-1"},"canonical":"https:\/\/sport.luiss.it\/2015\/07\/11\/basket-70-atleti-alla-summer-league-asd-luiss\/","og_locale":"en_US","og_type":"article","og_title":"Basket: 70 atleti alla Summer League ASD LUISS - Luiss Sport - Luiss Guido Carli","og_description":"Saranno 70 gli atleti che dal 13 al\u00a015 luglio\u00a0prenderanno parte alla &#8220;Summer League ASD LUISS&#8221; che si terr\u00e0 al PalaLUISS e che permetter\u00e0 a Coach Paccari\u00e8 e al suo Staff [&hellip;]","og_url":"https:\/\/sport.luiss.it\/2015\/07\/11\/basket-70-atleti-alla-summer-league-asd-luiss\/","og_site_name":"Luiss Sport - Luiss Guido Carli","article_publisher":"https:\/\/www.facebook.com\/sportluiss\/","article_published_time":"2015-07-11T08:41:28+00:00","twitter_card":"summary_large_image","twitter_misc":{"Written by":"","Est. reading time":"2 minutes"},"schema":{"@context":"https:\/\/schema.org","@graph":[{"@type":"WebPage","@id":"https:\/\/sport.luiss.it\/2015\/07\/11\/basket-70-atleti-alla-summer-league-asd-luiss\/","url":"https:\/\/sport.luiss.it\/2015\/07\/11\/basket-70-atleti-alla-summer-league-asd-luiss\/","name":"Basket: 70 atleti alla Summer League ASD LUISS - Luiss Sport - Luiss Guido Carli","isPartOf":{"@id":"https:\/\/sport.luiss.it\/#website"},"primaryImageOfPage":{"@id":"https:\/\/sport.luiss.it\/2015\/07\/11\/basket-70-atleti-alla-summer-league-asd-luiss\/#primaryimage"},"image":{"@id":"https:\/\/sport.luiss.it\/2015\/07\/11\/basket-70-atleti-alla-summer-league-asd-luiss\/#primaryimage"},"thumbnailUrl":"","datePublished":"2015-07-11T08:41:28+00:00","author":{"@id":""},"breadcrumb":{"@id":"https:\/\/sport.luiss.it\/2015\/07\/11\/basket-70-atleti-alla-summer-league-asd-luiss\/#breadcrumb"},"inLanguage":"en-US","potentialAction":[{"@type":"ReadAction","target":["https:\/\/sport.luiss.it\/2015\/07\/11\/basket-70-atleti-alla-summer-league-asd-luiss\/"]}]},{"@type":"ImageObject","inLanguage":"en-US","@id":"https:\/\/sport.luiss.it\/2015\/07\/11\/basket-70-atleti-alla-summer-league-asd-luiss\/#primaryimage","url":"","contentUrl":""},{"@type":"BreadcrumbList","@id":"https:\/\/sport.luiss.it\/2015\/07\/11\/basket-70-atleti-alla-summer-league-asd-luiss\/#breadcrumb","itemListElement":[{"@type":"ListItem","position":1,"name":"Home","item":"https:\/\/sport.luiss.it\/en\/"},{"@type":"ListItem","position":2,"name":"Basket: 70 atleti alla Summer League ASD LUISS"}]},{"@type":"WebSite","@id":"https:\/\/sport.luiss.it\/#website","url":"https:\/\/sport.luiss.it\/","name":"Luiss Sport - Luiss Guido Carli","description":"Luiss Sport","potentialAction":[{"@type":"SearchAction","target":{"@type":"EntryPoint","urlTemplate":"https:\/\/sport.luiss.it\/?s={search_term_string}"},"query-input":{"@type":"PropertyValueSpecification","valueRequired":true,"valueName":"search_term_string"}}],"inLanguage":"en-US"},{"@type":"Person","@id":""}]}},"_links":{"self":[{"href":"https:\/\/sport.luiss.it\/en\/wp-json\/wp\/v2\/posts\/9259","targetHints":{"allow":["GET"]}}],"collection":[{"href":"https:\/\/sport.luiss.it\/en\/wp-json\/wp\/v2\/posts"}],"about":[{"href":"https:\/\/sport.luiss.it\/en\/wp-json\/wp\/v2\/types\/post"}],"author":[{"embeddable":true,"href":"https:\/\/sport.luiss.it\/en\/wp-json\/wp\/v2\/users\/441"}],"replies":[{"embeddable":true,"href":"https:\/\/sport.luiss.it\/en\/wp-json\/wp\/v2\/comments?post=9259"}],"version-history":[{"count":0,"href":"https:\/\/sport.luiss.it\/en\/wp-json\/wp\/v2\/posts\/9259\/revisions"}],"wp:featuredmedia":[{"embeddable":true,"href":"https:\/\/sport.luiss.it\/en\/wp-json\/"}],"wp:attachment":[{"href":"https:\/\/sport.luiss.it\/en\/wp-json\/wp\/v2\/media?parent=9259"}],"wp:term":[{"taxonomy":"category","embeddable":true,"href":"https:\/\/sport.luiss.it\/en\/wp-json\/wp\/v2\/categories?post=9259"},{"taxonomy":"post_tag","embeddable":true,"href":"https:\/\/sport.luiss.it\/en\/wp-json\/wp\/v2\/tags?post=9259"}],"curies":[{"name":"wp","href":"https:\/\/api.w.org\/{rel}","templated":true}]}}