
{"id":9271,"date":"2015-07-15T19:25:05","date_gmt":"2015-07-15T19:25:05","guid":{"rendered":"https:\/\/sport.luiss.it\/?p=9271"},"modified":"2015-07-15T19:25:05","modified_gmt":"2015-07-15T19:25:05","slug":"serie-b-le-notizie-del-giorno","status":"publish","type":"post","link":"https:\/\/sport.luiss.it\/en\/2015\/07\/15\/serie-b-le-notizie-del-giorno\/","title":{"rendered":"Serie B: le notizie del giorno"},"content":{"rendered":"<p><a href=\"https:\/\/sport.luiss.it\/wp-content\/uploads\/2015\/07\/dlm_1389.jpg\"><img loading=\"lazy\" decoding=\"async\" class=\"alignleft size-medium wp-image-9273\" src=\"https:\/\/sport.luiss.it\/wp-content\/uploads\/2015\/07\/dlm_1389-300x200.jpg\" alt=\"dlm_1389\" width=\"300\" height=\"200\" \/><\/a>Si \u00e8 conclusa questa sera la <em>\u201cSummer League ASD LUISS\u201d<\/em> che ha visto partecipare 70 atleti giunti da tutta Italia, con ragazzi provenienti da categorie superiori e da importanti settori giovanili del panorama cestistico nazionale. <strong>Una tre giorni utilissima a Coach Paccari\u00e8 per valutare quali dovranno essere gli innesti per la prossima stagione<\/strong>, in base alle esigenze tecniche dello Staff luissino. Saranno selezionati alcuni dei 70 giocatori che hanno preso parte agli allenamenti andati in scena al PalaLUISS, in attesa del test d\u2019ammissione alla LUISS Guido Carli che si terr\u00e0 il 4 settembre e che potr\u00e0 definire il roster universitario che parteciper\u00e0 al campionato di serie B.<\/p>\n<p>\u00c8 stata ufficializzata oggi dalla Lega Nazionale Pallacanestro la <strong>data d\u2019inizio della stagione 2015\/16<\/strong> che vedr\u00e0 i 4 gironi della serie B scendere in campo nel <strong>weekend del 26 e 27 settembre<\/strong>, con i calendari che saranno diffusi una volta che tutte le pratiche burocratiche per le iscrizioni delle squadre partecipanti saranno ultimate.<\/p>\n<p>L\u2019ASD LUISS, inserita nel girone C, oltre alle squadre laziali, campane, calabresi, siciliane e molisane, dovr\u00e0 <strong>recarsi anche in Toscana per rendere visita all\u2019USE Empoli<\/strong>, ripescata in serie B nella giornata di ieri e che ha avanzato richiesta di poter giocare in questo girone.<\/p>\n<p><strong>Danila Di Biase<\/strong><br \/>\n<strong>ASD LUISS<\/strong><\/p>\n","protected":false},"excerpt":{"rendered":"<p>Si \u00e8 conclusa questa sera la \u201cSummer League ASD LUISS\u201d che ha visto partecipare 70 atleti giunti da tutta Italia, con ragazzi provenienti da categorie superiori e da importanti settori [&hellip;]<\/p>\n","protected":false},"author":441,"featured_media":9273,"comment_status":"closed","ping_status":"closed","sticky":false,"template":"","format":"standard","meta":{"_monsterinsights_skip_tracking":false,"_monsterinsights_sitenote_active":false,"_monsterinsights_sitenote_note":"","_monsterinsights_sitenote_category":0,"footnotes":""},"categories":[114],"tags":[],"class_list":["post-9271","post","type-post","status-publish","format-standard","has-post-thumbnail","hentry","category-news-basket-c"],"yoast_head":"<!-- This site is optimized with the Yoast SEO plugin v26.5 - https:\/\/yoast.com\/wordpress\/plugins\/seo\/ -->\n<title>Serie B: le notizie del giorno - Luiss Sport - Luiss Guido Carli<\/title>\n<meta name=\"robots\" content=\"index, follow, max-snippet:-1, max-image-preview:large, max-video-preview:-1\" \/>\n<link rel=\"canonical\" href=\"https:\/\/sport.luiss.it\/2015\/07\/15\/serie-b-le-notizie-del-giorno\/\" \/>\n<meta property=\"og:locale\" content=\"en_US\" \/>\n<meta property=\"og:type\" content=\"article\" \/>\n<meta property=\"og:title\" content=\"Serie B: le notizie del giorno - Luiss Sport - Luiss Guido Carli\" \/>\n<meta property=\"og:description\" content=\"Si \u00e8 conclusa questa sera la \u201cSummer League ASD LUISS\u201d che ha visto partecipare 70 atleti giunti da tutta Italia, con ragazzi provenienti da categorie superiori e da importanti settori [&hellip;]\" \/>\n<meta property=\"og:url\" content=\"https:\/\/sport.luiss.it\/2015\/07\/15\/serie-b-le-notizie-del-giorno\/\" \/>\n<meta property=\"og:site_name\" content=\"Luiss Sport - Luiss Guido Carli\" \/>\n<meta property=\"article:publisher\" content=\"https:\/\/www.facebook.com\/sportluiss\/\" \/>\n<meta property=\"article:published_time\" content=\"2015-07-15T19:25:05+00:00\" \/>\n<meta name=\"twitter:card\" content=\"summary_large_image\" \/>\n<meta name=\"twitter:label1\" content=\"Written by\" \/>\n\t<meta name=\"twitter:data1\" content=\"\" \/>\n\t<meta name=\"twitter:label2\" content=\"Est. reading time\" \/>\n\t<meta name=\"twitter:data2\" content=\"1 minute\" \/>\n<script type=\"application\/ld+json\" class=\"yoast-schema-graph\">{\"@context\":\"https:\/\/schema.org\",\"@graph\":[{\"@type\":\"WebPage\",\"@id\":\"https:\/\/sport.luiss.it\/2015\/07\/15\/serie-b-le-notizie-del-giorno\/\",\"url\":\"https:\/\/sport.luiss.it\/2015\/07\/15\/serie-b-le-notizie-del-giorno\/\",\"name\":\"Serie B: le notizie del giorno - Luiss Sport - Luiss Guido Carli\",\"isPartOf\":{\"@id\":\"https:\/\/sport.luiss.it\/#website\"},\"primaryImageOfPage\":{\"@id\":\"https:\/\/sport.luiss.it\/2015\/07\/15\/serie-b-le-notizie-del-giorno\/#primaryimage\"},\"image\":{\"@id\":\"https:\/\/sport.luiss.it\/2015\/07\/15\/serie-b-le-notizie-del-giorno\/#primaryimage\"},\"thumbnailUrl\":\"\",\"datePublished\":\"2015-07-15T19:25:05+00:00\",\"author\":{\"@id\":\"\"},\"breadcrumb\":{\"@id\":\"https:\/\/sport.luiss.it\/2015\/07\/15\/serie-b-le-notizie-del-giorno\/#breadcrumb\"},\"inLanguage\":\"en-US\",\"potentialAction\":[{\"@type\":\"ReadAction\",\"target\":[\"https:\/\/sport.luiss.it\/2015\/07\/15\/serie-b-le-notizie-del-giorno\/\"]}]},{\"@type\":\"ImageObject\",\"inLanguage\":\"en-US\",\"@id\":\"https:\/\/sport.luiss.it\/2015\/07\/15\/serie-b-le-notizie-del-giorno\/#primaryimage\",\"url\":\"\",\"contentUrl\":\"\"},{\"@type\":\"BreadcrumbList\",\"@id\":\"https:\/\/sport.luiss.it\/2015\/07\/15\/serie-b-le-notizie-del-giorno\/#breadcrumb\",\"itemListElement\":[{\"@type\":\"ListItem\",\"position\":1,\"name\":\"Home\",\"item\":\"https:\/\/sport.luiss.it\/en\/\"},{\"@type\":\"ListItem\",\"position\":2,\"name\":\"Serie B: le notizie del giorno\"}]},{\"@type\":\"WebSite\",\"@id\":\"https:\/\/sport.luiss.it\/#website\",\"url\":\"https:\/\/sport.luiss.it\/\",\"name\":\"Luiss Sport - Luiss Guido Carli\",\"description\":\"Luiss Sport\",\"potentialAction\":[{\"@type\":\"SearchAction\",\"target\":{\"@type\":\"EntryPoint\",\"urlTemplate\":\"https:\/\/sport.luiss.it\/?s={search_term_string}\"},\"query-input\":{\"@type\":\"PropertyValueSpecification\",\"valueRequired\":true,\"valueName\":\"search_term_string\"}}],\"inLanguage\":\"en-US\"},{\"@type\":\"Person\",\"@id\":\"\"}]}<\/script>\n<!-- \/ Yoast SEO plugin. -->","yoast_head_json":{"title":"Serie B: le notizie del giorno - Luiss Sport - Luiss Guido Carli","robots":{"index":"index","follow":"follow","max-snippet":"max-snippet:-1","max-image-preview":"max-image-preview:large","max-video-preview":"max-video-preview:-1"},"canonical":"https:\/\/sport.luiss.it\/2015\/07\/15\/serie-b-le-notizie-del-giorno\/","og_locale":"en_US","og_type":"article","og_title":"Serie B: le notizie del giorno - Luiss Sport - Luiss Guido Carli","og_description":"Si \u00e8 conclusa questa sera la \u201cSummer League ASD LUISS\u201d che ha visto partecipare 70 atleti giunti da tutta Italia, con ragazzi provenienti da categorie superiori e da importanti settori [&hellip;]","og_url":"https:\/\/sport.luiss.it\/2015\/07\/15\/serie-b-le-notizie-del-giorno\/","og_site_name":"Luiss Sport - Luiss Guido Carli","article_publisher":"https:\/\/www.facebook.com\/sportluiss\/","article_published_time":"2015-07-15T19:25:05+00:00","twitter_card":"summary_large_image","twitter_misc":{"Written by":"","Est. reading time":"1 minute"},"schema":{"@context":"https:\/\/schema.org","@graph":[{"@type":"WebPage","@id":"https:\/\/sport.luiss.it\/2015\/07\/15\/serie-b-le-notizie-del-giorno\/","url":"https:\/\/sport.luiss.it\/2015\/07\/15\/serie-b-le-notizie-del-giorno\/","name":"Serie B: le notizie del giorno - Luiss Sport - Luiss Guido Carli","isPartOf":{"@id":"https:\/\/sport.luiss.it\/#website"},"primaryImageOfPage":{"@id":"https:\/\/sport.luiss.it\/2015\/07\/15\/serie-b-le-notizie-del-giorno\/#primaryimage"},"image":{"@id":"https:\/\/sport.luiss.it\/2015\/07\/15\/serie-b-le-notizie-del-giorno\/#primaryimage"},"thumbnailUrl":"","datePublished":"2015-07-15T19:25:05+00:00","author":{"@id":""},"breadcrumb":{"@id":"https:\/\/sport.luiss.it\/2015\/07\/15\/serie-b-le-notizie-del-giorno\/#breadcrumb"},"inLanguage":"en-US","potentialAction":[{"@type":"ReadAction","target":["https:\/\/sport.luiss.it\/2015\/07\/15\/serie-b-le-notizie-del-giorno\/"]}]},{"@type":"ImageObject","inLanguage":"en-US","@id":"https:\/\/sport.luiss.it\/2015\/07\/15\/serie-b-le-notizie-del-giorno\/#primaryimage","url":"","contentUrl":""},{"@type":"BreadcrumbList","@id":"https:\/\/sport.luiss.it\/2015\/07\/15\/serie-b-le-notizie-del-giorno\/#breadcrumb","itemListElement":[{"@type":"ListItem","position":1,"name":"Home","item":"https:\/\/sport.luiss.it\/en\/"},{"@type":"ListItem","position":2,"name":"Serie B: le notizie del giorno"}]},{"@type":"WebSite","@id":"https:\/\/sport.luiss.it\/#website","url":"https:\/\/sport.luiss.it\/","name":"Luiss Sport - Luiss Guido Carli","description":"Luiss Sport","potentialAction":[{"@type":"SearchAction","target":{"@type":"EntryPoint","urlTemplate":"https:\/\/sport.luiss.it\/?s={search_term_string}"},"query-input":{"@type":"PropertyValueSpecification","valueRequired":true,"valueName":"search_term_string"}}],"inLanguage":"en-US"},{"@type":"Person","@id":""}]}},"_links":{"self":[{"href":"https:\/\/sport.luiss.it\/en\/wp-json\/wp\/v2\/posts\/9271","targetHints":{"allow":["GET"]}}],"collection":[{"href":"https:\/\/sport.luiss.it\/en\/wp-json\/wp\/v2\/posts"}],"about":[{"href":"https:\/\/sport.luiss.it\/en\/wp-json\/wp\/v2\/types\/post"}],"author":[{"embeddable":true,"href":"https:\/\/sport.luiss.it\/en\/wp-json\/wp\/v2\/users\/441"}],"replies":[{"embeddable":true,"href":"https:\/\/sport.luiss.it\/en\/wp-json\/wp\/v2\/comments?post=9271"}],"version-history":[{"count":0,"href":"https:\/\/sport.luiss.it\/en\/wp-json\/wp\/v2\/posts\/9271\/revisions"}],"wp:featuredmedia":[{"embeddable":true,"href":"https:\/\/sport.luiss.it\/en\/wp-json\/"}],"wp:attachment":[{"href":"https:\/\/sport.luiss.it\/en\/wp-json\/wp\/v2\/media?parent=9271"}],"wp:term":[{"taxonomy":"category","embeddable":true,"href":"https:\/\/sport.luiss.it\/en\/wp-json\/wp\/v2\/categories?post=9271"},{"taxonomy":"post_tag","embeddable":true,"href":"https:\/\/sport.luiss.it\/en\/wp-json\/wp\/v2\/tags?post=9271"}],"curies":[{"name":"wp","href":"https:\/\/api.w.org\/{rel}","templated":true}]}}