
{"id":9390,"date":"2015-09-25T13:38:10","date_gmt":"2015-09-25T13:38:10","guid":{"rendered":"https:\/\/sport.luiss.it\/?p=9390"},"modified":"2015-09-25T13:38:10","modified_gmt":"2015-09-25T13:38:10","slug":"serie-b-esordio-domenica-a-napoli","status":"publish","type":"post","link":"https:\/\/sport.luiss.it\/en\/2015\/09\/25\/serie-b-esordio-domenica-a-napoli\/","title":{"rendered":"Serie B: domenica l&#8217;esordio a Napoli"},"content":{"rendered":"<p><a href=\"https:\/\/sport.luiss.it\/wp-content\/uploads\/2015\/09\/paccari\u00e8_201516.jpg\"><img loading=\"lazy\" decoding=\"async\" class=\"alignleft size-medium wp-image-9391\" src=\"https:\/\/sport.luiss.it\/wp-content\/uploads\/2015\/09\/paccari\u00e8_201516-300x225.jpg\" alt=\"paccari\u00e8_201516\" width=\"300\" height=\"225\" \/><\/a>\u00c8 tutto pronto per l\u2019esordio dell\u2019ASD LUISS Roma che per il secondo anno consecutivo prender\u00e0 parte al campionato di serie B al via domenica 27 settembre. La formazione guidata da Coach Paccari\u00e8 nel primo turno del girone C <strong>sar\u00e0 impegnata al Pala Veliero di San Giorgio a Cremano contro la formazione dell\u2019Azzurro Basket Napoli<\/strong>.<\/p>\n<p>Subito un impegno importante per i luissini che si troveranno di fronte una squadra reduce da un\u2019ottima pre-season che ha gi\u00e0 confermato le aspettative iniziali per i napoletani, desiderosi di riportare il grande basket in citt\u00e0 dopo anni travagliati. Sulla <strong>panchina partenopea siede Giampaolo Di Lorenzo<\/strong>, napoletano doc che in passato ha indossato i colori della sua citt\u00e0, e che ha oggi a disposizione un roster di tutto rispetto con giocatori provenienti da categorie superiori come <strong>Simone Berti<\/strong>, Davide Serino, Armando Iannone, Christian Villani, Nunzio Sabbatino, Salvatore Parrillo e Michele Giovanatto, che rendono Napoli tra le favorite del girone C.<\/p>\n<p>La LUISS arriva a quest\u2019appuntamento dopo un precampionato fatto di<strong> amichevoli che hanno dato modo a Coach Paccari\u00e8 di conoscere di giorno in giorno la nuova squadra<\/strong>, dopo alcuni addii importanti e con tanti nuovi arrivi. Lo Staff Tecnico ha potuto iniziare a lavorare con il roster definitivo solo a partire dal 5 settembre, il giorno dopo i test d\u2019ammissione alla LUISS Guido Carli che hanno consentito l\u2019accesso in squadra agli under Eugenio Beretta, Stefano Miriello, Piero De Dominicis e Giuseppe Sorrentino. oltre ai senior Giacomo Chiatti, Andrea Scuderi e Stefano Rambaldi che frequenteranno i Master della LUISS Business School.<\/p>\n<p>L\u2019esordio di domenica sar\u00e0 molto importante per gli universitari: \u201c<em>Come tutti gli anni l\u2019inizio \u00e8 sempre laborioso<\/em> \u2013 dichiara <strong>Coach Andrea Paccari\u00e8<\/strong>&#8211; <em>abbiamo 8 persone nuove da inserire, e dovremo capire bene cosa possiamo fare. Cominciamo contro Napoli che \u00e8 una squadra di grandi ambizioni, con giocatori di grande prestigio che conoscono bene sia questo campionato che quelli superiori, e poi l\u2019Azzurro Basket \u00e8 reduce, come struttura, da una stagione in A2, quindi anche per questo aspira a fare molto bene. Iniziamo il nostro campionato con tante motivazioni, vedremo nel corso delle settimane cosa potremo fare, cercando, come sempre, di compiere un passetto per volta per crescere.\u201d<\/em><\/p>\n<p>La sfida tra Azzurro Napoli Basket e ASD LUISS Roma si giocher\u00e0 <strong>domenica 27 settembre alle 18 al Pala Veliero di San Giorgio a Cremano (NA)<\/strong>, dove ad arbitrare sono chiamati i Signori Nicola Tammaro di Giffoni Valle Piana (SA) e Nicola Mancini di Caserta.<\/p>\n<p><strong>Danila Di Biase<\/strong><br \/>\n<strong>ASD LUISS<\/strong><\/p>\n","protected":false},"excerpt":{"rendered":"<p>\u00c8 tutto pronto per l\u2019esordio dell\u2019ASD LUISS Roma che per il secondo anno consecutivo prender\u00e0 parte al campionato di serie B al via domenica 27 settembre. La formazione guidata da [&hellip;]<\/p>\n","protected":false},"author":441,"featured_media":9391,"comment_status":"closed","ping_status":"closed","sticky":false,"template":"","format":"standard","meta":{"_monsterinsights_skip_tracking":false,"_monsterinsights_sitenote_active":false,"_monsterinsights_sitenote_note":"","_monsterinsights_sitenote_category":0,"footnotes":""},"categories":[114],"tags":[],"class_list":["post-9390","post","type-post","status-publish","format-standard","has-post-thumbnail","hentry","category-news-basket-c"],"yoast_head":"<!-- This site is optimized with the Yoast SEO plugin v26.5 - https:\/\/yoast.com\/wordpress\/plugins\/seo\/ -->\n<title>Serie B: domenica l&#039;esordio a Napoli - Luiss Sport - Luiss Guido Carli<\/title>\n<meta name=\"robots\" content=\"index, follow, max-snippet:-1, max-image-preview:large, max-video-preview:-1\" \/>\n<link rel=\"canonical\" href=\"https:\/\/sport.luiss.it\/2015\/09\/25\/serie-b-esordio-domenica-a-napoli\/\" \/>\n<meta property=\"og:locale\" content=\"en_US\" \/>\n<meta property=\"og:type\" content=\"article\" \/>\n<meta property=\"og:title\" content=\"Serie B: domenica l&#039;esordio a Napoli - Luiss Sport - Luiss Guido Carli\" \/>\n<meta property=\"og:description\" content=\"\u00c8 tutto pronto per l\u2019esordio dell\u2019ASD LUISS Roma che per il secondo anno consecutivo prender\u00e0 parte al campionato di serie B al via domenica 27 settembre. La formazione guidata da [&hellip;]\" \/>\n<meta property=\"og:url\" content=\"https:\/\/sport.luiss.it\/2015\/09\/25\/serie-b-esordio-domenica-a-napoli\/\" \/>\n<meta property=\"og:site_name\" content=\"Luiss Sport - Luiss Guido Carli\" \/>\n<meta property=\"article:publisher\" content=\"https:\/\/www.facebook.com\/sportluiss\/\" \/>\n<meta property=\"article:published_time\" content=\"2015-09-25T13:38:10+00:00\" \/>\n<meta name=\"twitter:card\" content=\"summary_large_image\" \/>\n<meta name=\"twitter:label1\" content=\"Written by\" \/>\n\t<meta name=\"twitter:data1\" content=\"\" \/>\n\t<meta name=\"twitter:label2\" content=\"Est. reading time\" \/>\n\t<meta name=\"twitter:data2\" content=\"2 minutes\" \/>\n<script type=\"application\/ld+json\" class=\"yoast-schema-graph\">{\"@context\":\"https:\/\/schema.org\",\"@graph\":[{\"@type\":\"WebPage\",\"@id\":\"https:\/\/sport.luiss.it\/2015\/09\/25\/serie-b-esordio-domenica-a-napoli\/\",\"url\":\"https:\/\/sport.luiss.it\/2015\/09\/25\/serie-b-esordio-domenica-a-napoli\/\",\"name\":\"Serie B: domenica l'esordio a Napoli - Luiss Sport - Luiss Guido Carli\",\"isPartOf\":{\"@id\":\"https:\/\/sport.luiss.it\/#website\"},\"primaryImageOfPage\":{\"@id\":\"https:\/\/sport.luiss.it\/2015\/09\/25\/serie-b-esordio-domenica-a-napoli\/#primaryimage\"},\"image\":{\"@id\":\"https:\/\/sport.luiss.it\/2015\/09\/25\/serie-b-esordio-domenica-a-napoli\/#primaryimage\"},\"thumbnailUrl\":\"\",\"datePublished\":\"2015-09-25T13:38:10+00:00\",\"author\":{\"@id\":\"\"},\"breadcrumb\":{\"@id\":\"https:\/\/sport.luiss.it\/2015\/09\/25\/serie-b-esordio-domenica-a-napoli\/#breadcrumb\"},\"inLanguage\":\"en-US\",\"potentialAction\":[{\"@type\":\"ReadAction\",\"target\":[\"https:\/\/sport.luiss.it\/2015\/09\/25\/serie-b-esordio-domenica-a-napoli\/\"]}]},{\"@type\":\"ImageObject\",\"inLanguage\":\"en-US\",\"@id\":\"https:\/\/sport.luiss.it\/2015\/09\/25\/serie-b-esordio-domenica-a-napoli\/#primaryimage\",\"url\":\"\",\"contentUrl\":\"\"},{\"@type\":\"BreadcrumbList\",\"@id\":\"https:\/\/sport.luiss.it\/2015\/09\/25\/serie-b-esordio-domenica-a-napoli\/#breadcrumb\",\"itemListElement\":[{\"@type\":\"ListItem\",\"position\":1,\"name\":\"Home\",\"item\":\"https:\/\/sport.luiss.it\/en\/\"},{\"@type\":\"ListItem\",\"position\":2,\"name\":\"Serie B: domenica l&#8217;esordio a Napoli\"}]},{\"@type\":\"WebSite\",\"@id\":\"https:\/\/sport.luiss.it\/#website\",\"url\":\"https:\/\/sport.luiss.it\/\",\"name\":\"Luiss Sport - Luiss Guido Carli\",\"description\":\"Luiss Sport\",\"potentialAction\":[{\"@type\":\"SearchAction\",\"target\":{\"@type\":\"EntryPoint\",\"urlTemplate\":\"https:\/\/sport.luiss.it\/?s={search_term_string}\"},\"query-input\":{\"@type\":\"PropertyValueSpecification\",\"valueRequired\":true,\"valueName\":\"search_term_string\"}}],\"inLanguage\":\"en-US\"},{\"@type\":\"Person\",\"@id\":\"\"}]}<\/script>\n<!-- \/ Yoast SEO plugin. -->","yoast_head_json":{"title":"Serie B: domenica l'esordio a Napoli - Luiss Sport - Luiss Guido Carli","robots":{"index":"index","follow":"follow","max-snippet":"max-snippet:-1","max-image-preview":"max-image-preview:large","max-video-preview":"max-video-preview:-1"},"canonical":"https:\/\/sport.luiss.it\/2015\/09\/25\/serie-b-esordio-domenica-a-napoli\/","og_locale":"en_US","og_type":"article","og_title":"Serie B: domenica l'esordio a Napoli - Luiss Sport - Luiss Guido Carli","og_description":"\u00c8 tutto pronto per l\u2019esordio dell\u2019ASD LUISS Roma che per il secondo anno consecutivo prender\u00e0 parte al campionato di serie B al via domenica 27 settembre. La formazione guidata da [&hellip;]","og_url":"https:\/\/sport.luiss.it\/2015\/09\/25\/serie-b-esordio-domenica-a-napoli\/","og_site_name":"Luiss Sport - Luiss Guido Carli","article_publisher":"https:\/\/www.facebook.com\/sportluiss\/","article_published_time":"2015-09-25T13:38:10+00:00","twitter_card":"summary_large_image","twitter_misc":{"Written by":"","Est. reading time":"2 minutes"},"schema":{"@context":"https:\/\/schema.org","@graph":[{"@type":"WebPage","@id":"https:\/\/sport.luiss.it\/2015\/09\/25\/serie-b-esordio-domenica-a-napoli\/","url":"https:\/\/sport.luiss.it\/2015\/09\/25\/serie-b-esordio-domenica-a-napoli\/","name":"Serie B: domenica l'esordio a Napoli - Luiss Sport - Luiss Guido Carli","isPartOf":{"@id":"https:\/\/sport.luiss.it\/#website"},"primaryImageOfPage":{"@id":"https:\/\/sport.luiss.it\/2015\/09\/25\/serie-b-esordio-domenica-a-napoli\/#primaryimage"},"image":{"@id":"https:\/\/sport.luiss.it\/2015\/09\/25\/serie-b-esordio-domenica-a-napoli\/#primaryimage"},"thumbnailUrl":"","datePublished":"2015-09-25T13:38:10+00:00","author":{"@id":""},"breadcrumb":{"@id":"https:\/\/sport.luiss.it\/2015\/09\/25\/serie-b-esordio-domenica-a-napoli\/#breadcrumb"},"inLanguage":"en-US","potentialAction":[{"@type":"ReadAction","target":["https:\/\/sport.luiss.it\/2015\/09\/25\/serie-b-esordio-domenica-a-napoli\/"]}]},{"@type":"ImageObject","inLanguage":"en-US","@id":"https:\/\/sport.luiss.it\/2015\/09\/25\/serie-b-esordio-domenica-a-napoli\/#primaryimage","url":"","contentUrl":""},{"@type":"BreadcrumbList","@id":"https:\/\/sport.luiss.it\/2015\/09\/25\/serie-b-esordio-domenica-a-napoli\/#breadcrumb","itemListElement":[{"@type":"ListItem","position":1,"name":"Home","item":"https:\/\/sport.luiss.it\/en\/"},{"@type":"ListItem","position":2,"name":"Serie B: domenica l&#8217;esordio a Napoli"}]},{"@type":"WebSite","@id":"https:\/\/sport.luiss.it\/#website","url":"https:\/\/sport.luiss.it\/","name":"Luiss Sport - Luiss Guido Carli","description":"Luiss Sport","potentialAction":[{"@type":"SearchAction","target":{"@type":"EntryPoint","urlTemplate":"https:\/\/sport.luiss.it\/?s={search_term_string}"},"query-input":{"@type":"PropertyValueSpecification","valueRequired":true,"valueName":"search_term_string"}}],"inLanguage":"en-US"},{"@type":"Person","@id":""}]}},"_links":{"self":[{"href":"https:\/\/sport.luiss.it\/en\/wp-json\/wp\/v2\/posts\/9390","targetHints":{"allow":["GET"]}}],"collection":[{"href":"https:\/\/sport.luiss.it\/en\/wp-json\/wp\/v2\/posts"}],"about":[{"href":"https:\/\/sport.luiss.it\/en\/wp-json\/wp\/v2\/types\/post"}],"author":[{"embeddable":true,"href":"https:\/\/sport.luiss.it\/en\/wp-json\/wp\/v2\/users\/441"}],"replies":[{"embeddable":true,"href":"https:\/\/sport.luiss.it\/en\/wp-json\/wp\/v2\/comments?post=9390"}],"version-history":[{"count":0,"href":"https:\/\/sport.luiss.it\/en\/wp-json\/wp\/v2\/posts\/9390\/revisions"}],"wp:featuredmedia":[{"embeddable":true,"href":"https:\/\/sport.luiss.it\/en\/wp-json\/"}],"wp:attachment":[{"href":"https:\/\/sport.luiss.it\/en\/wp-json\/wp\/v2\/media?parent=9390"}],"wp:term":[{"taxonomy":"category","embeddable":true,"href":"https:\/\/sport.luiss.it\/en\/wp-json\/wp\/v2\/categories?post=9390"},{"taxonomy":"post_tag","embeddable":true,"href":"https:\/\/sport.luiss.it\/en\/wp-json\/wp\/v2\/tags?post=9390"}],"curies":[{"name":"wp","href":"https:\/\/api.w.org\/{rel}","templated":true}]}}