
{"id":9595,"date":"2015-11-05T11:45:09","date_gmt":"2015-11-05T11:45:09","guid":{"rendered":"https:\/\/sport.luiss.it\/?p=9595"},"modified":"2015-11-05T11:45:09","modified_gmt":"2015-11-05T11:45:09","slug":"serie-b-sabato-scontro-salvezza-al-palaluiss","status":"publish","type":"post","link":"https:\/\/sport.luiss.it\/en\/2015\/11\/05\/serie-b-sabato-scontro-salvezza-al-palaluiss\/","title":{"rendered":"Serie B: sabato scontro salvezza al PalaLUISS"},"content":{"rendered":"<p><a href=\"https:\/\/sport.luiss.it\/wp-content\/uploads\/2015\/11\/venafro.png\"><img loading=\"lazy\" decoding=\"async\" class=\"alignleft size-medium wp-image-9596\" src=\"https:\/\/sport.luiss.it\/wp-content\/uploads\/2015\/11\/venafro-300x196.png\" alt=\"venafro\" width=\"300\" height=\"196\" \/><\/a>Sabato 7 novembre al PalaLUISS andr\u00e0 in scena il 7\u00b0 turno stagionale del campionato di serie B che vedr\u00e0 opposte l\u2019ASD LUISS Roma e la <strong>Dynamic Venafro<\/strong> in un autentico scontro per la salvezza.<\/p>\n<p>Le due squadre sono infatti appaiate all\u2019ultimo posto del girone C a quota 2 punti (<em>in compagnia di Isernia, Fondi e Maddaloni, nda<\/em>) e gi\u00e0 questo render\u00e0 il match particolarmente delicato. <strong>Entrambe le formazioni hanno assoluta necessit\u00e0 di smuovere la classifica<\/strong> per lasciarsi alle spalle qualche diretta concorrente per la permanenza in serie B. Venafro arriva a quest\u2019appuntamento dopo la sconfitta interna contro Palestrina (70-88) e con i due punti sinora conquistati grazie alla vittoria casalinga contro Isernia di tre settimane fa ottenuta per 77-76. Gli universitari sono invece reduci da quattro sconfitte consecutive, di cui tre arrivate in trasferta a Catanzaro, Maddaloni e Viterbo, ed una tra le mura amiche contro la quotata Cassino.<\/p>\n<p>I biancoblu hanno tutta la voglia e la determinazione per invertire questo trend negativo e per farlo si sono allenati duramente dopo il ko rimediato al Pala Mal\u00e8 di Viterbo, per preparare al meglio questa sfida contro i molisani che \u00e8 gi\u00e0 decisiva a questo punto della stagione. <strong>Francesco Ramenghi<\/strong>, uno dei senatori dell\u2019ASD LUISS, commenta cos\u00ec il periodo della squadra universitaria: \u201c<em>Speravamo sinceramente di avere meno sconfitte a questo punto, perch\u00e9 sapevamo sarebbe stata dura ma non cos\u00ec tanto e ci aspettavamo almeno 2\/4 punti in pi\u00f9 alla sesta giornata, cos\u00ec non \u00e8 e quindi per <strong>sabato non ci sono storie, dobbiamo arrivare con le motivazioni giuste a questa partita<\/strong>, perch\u00e9 dobbiamo salvare le penne. A Viterbo<\/em> \u2013 continua il pivot luissino \u2013 <em>il punteggio \u00e8 stato basso ma abbiamo disputato un\u2019ottima partita dopo la brutta prestazione di Maddaloni, purtroppo anche in questo caso, come gi\u00e0 successo con Cassino, gli ultimi minuti con qualche disattenzione di troppo ci sono stati fatali e abbiamo perso. Siamo tutti tesi, la situazione \u00e8 davvero scomoda, e per questo siamo consapevoli di quanto la gara con Venafro sia importante, perch\u00e9 abbiamo davvero bisogno di dare una zampata a questa classifica.\u201d<\/em><\/p>\n<p>Sono iniziati i pre-esami alla LUISS, di pari passo con le lezioni universitarie, e questo richiede uno sforzo fisico e mentale notevole ai ragazzi biancoblu: <em>\u201c<strong>La nostra giornata \u00e8 intensa e ci fa consumare molte energie, ma non abbiamo alibi<\/strong>, perch\u00e9 dobbiamo essere in grado di gestirla e arrivare concentrati agli allenamenti. La squadra \u00e8 nuova e soprattutto i pi\u00f9 giovani devono abituarsi a questo regime che \u00e8 diverso dalla scuola, quindi a questo stress inevitabile, ma <strong>siamo qui per questo progetto unico in Italia e non possiamo fuggire ai nostri impegni, abbiamo questa grande possibilit\u00e0 di fare sport e studiare ad alti livelli e non possiamo che essere grati e riconoscenti e per questo dare tutto in ogni ambito<\/strong>. Il marted\u00ec <\/em>\u2013 conclude il numero 10 biancoblu &#8211; <em>bisogna essere gi\u00e0 consapevoli che si deve guardare al sabato successivo e non alla domenica appena passata, perch\u00e9 solo cos\u00ec si trovano le motivazioni giuste per riscattare un momento difficile come questo. Con Venafro nessuno pu\u00f2 fare un passo indietro, pacta sunt servanda.\u201d<\/em><\/p>\n<p>La partita tra ASD LUISS Roma e Dynamic Venafro si giocher\u00e0<strong> sabato 7 novembre alle 18 al PalaLUISS<\/strong>, dove ad arbitrare sono chiamati i Signori Fabio Bonotto di Vazzola (TV) e Nicholas Pellicani di Ronchi dei Legionari (GO).<\/p>\n<p>Il live-match potr\u00e0 essere seguito sui canali social facebook e twitter Sport LUISS con l\u2019hashtag <strong>#LuissVenafro<\/strong>.<\/p>\n<p><strong>Danila Di Biase<\/strong><br \/>\n<strong>ASD LUISS<\/strong><\/p>\n","protected":false},"excerpt":{"rendered":"<p>Sabato 7 novembre al PalaLUISS andr\u00e0 in scena il 7\u00b0 turno stagionale del campionato di serie B che vedr\u00e0 opposte l\u2019ASD LUISS Roma e la Dynamic Venafro in un autentico [&hellip;]<\/p>\n","protected":false},"author":441,"featured_media":9596,"comment_status":"closed","ping_status":"closed","sticky":false,"template":"","format":"standard","meta":{"_monsterinsights_skip_tracking":false,"_monsterinsights_sitenote_active":false,"_monsterinsights_sitenote_note":"","_monsterinsights_sitenote_category":0,"footnotes":""},"categories":[114],"tags":[],"class_list":["post-9595","post","type-post","status-publish","format-standard","has-post-thumbnail","hentry","category-news-basket-c"],"yoast_head":"<!-- This site is optimized with the Yoast SEO plugin v26.5 - https:\/\/yoast.com\/wordpress\/plugins\/seo\/ -->\n<title>Serie B: sabato scontro salvezza al PalaLUISS - Luiss Sport - Luiss Guido Carli<\/title>\n<meta name=\"robots\" content=\"index, follow, max-snippet:-1, max-image-preview:large, max-video-preview:-1\" \/>\n<link rel=\"canonical\" href=\"https:\/\/sport.luiss.it\/2015\/11\/05\/serie-b-sabato-scontro-salvezza-al-palaluiss\/\" \/>\n<meta property=\"og:locale\" content=\"en_US\" \/>\n<meta property=\"og:type\" content=\"article\" \/>\n<meta property=\"og:title\" content=\"Serie B: sabato scontro salvezza al PalaLUISS - Luiss Sport - Luiss Guido Carli\" \/>\n<meta property=\"og:description\" content=\"Sabato 7 novembre al PalaLUISS andr\u00e0 in scena il 7\u00b0 turno stagionale del campionato di serie B che vedr\u00e0 opposte l\u2019ASD LUISS Roma e la Dynamic Venafro in un autentico [&hellip;]\" \/>\n<meta property=\"og:url\" content=\"https:\/\/sport.luiss.it\/2015\/11\/05\/serie-b-sabato-scontro-salvezza-al-palaluiss\/\" \/>\n<meta property=\"og:site_name\" content=\"Luiss Sport - Luiss Guido Carli\" \/>\n<meta property=\"article:publisher\" content=\"https:\/\/www.facebook.com\/sportluiss\/\" \/>\n<meta property=\"article:published_time\" content=\"2015-11-05T11:45:09+00:00\" \/>\n<meta name=\"twitter:card\" content=\"summary_large_image\" \/>\n<meta name=\"twitter:label1\" content=\"Written by\" \/>\n\t<meta name=\"twitter:data1\" content=\"\" \/>\n\t<meta name=\"twitter:label2\" content=\"Est. reading time\" \/>\n\t<meta name=\"twitter:data2\" content=\"3 minutes\" \/>\n<script type=\"application\/ld+json\" class=\"yoast-schema-graph\">{\"@context\":\"https:\/\/schema.org\",\"@graph\":[{\"@type\":\"WebPage\",\"@id\":\"https:\/\/sport.luiss.it\/2015\/11\/05\/serie-b-sabato-scontro-salvezza-al-palaluiss\/\",\"url\":\"https:\/\/sport.luiss.it\/2015\/11\/05\/serie-b-sabato-scontro-salvezza-al-palaluiss\/\",\"name\":\"Serie B: sabato scontro salvezza al PalaLUISS - Luiss Sport - Luiss Guido Carli\",\"isPartOf\":{\"@id\":\"https:\/\/sport.luiss.it\/#website\"},\"primaryImageOfPage\":{\"@id\":\"https:\/\/sport.luiss.it\/2015\/11\/05\/serie-b-sabato-scontro-salvezza-al-palaluiss\/#primaryimage\"},\"image\":{\"@id\":\"https:\/\/sport.luiss.it\/2015\/11\/05\/serie-b-sabato-scontro-salvezza-al-palaluiss\/#primaryimage\"},\"thumbnailUrl\":\"\",\"datePublished\":\"2015-11-05T11:45:09+00:00\",\"author\":{\"@id\":\"\"},\"breadcrumb\":{\"@id\":\"https:\/\/sport.luiss.it\/2015\/11\/05\/serie-b-sabato-scontro-salvezza-al-palaluiss\/#breadcrumb\"},\"inLanguage\":\"en-US\",\"potentialAction\":[{\"@type\":\"ReadAction\",\"target\":[\"https:\/\/sport.luiss.it\/2015\/11\/05\/serie-b-sabato-scontro-salvezza-al-palaluiss\/\"]}]},{\"@type\":\"ImageObject\",\"inLanguage\":\"en-US\",\"@id\":\"https:\/\/sport.luiss.it\/2015\/11\/05\/serie-b-sabato-scontro-salvezza-al-palaluiss\/#primaryimage\",\"url\":\"\",\"contentUrl\":\"\"},{\"@type\":\"BreadcrumbList\",\"@id\":\"https:\/\/sport.luiss.it\/2015\/11\/05\/serie-b-sabato-scontro-salvezza-al-palaluiss\/#breadcrumb\",\"itemListElement\":[{\"@type\":\"ListItem\",\"position\":1,\"name\":\"Home\",\"item\":\"https:\/\/sport.luiss.it\/en\/\"},{\"@type\":\"ListItem\",\"position\":2,\"name\":\"Serie B: sabato scontro salvezza al PalaLUISS\"}]},{\"@type\":\"WebSite\",\"@id\":\"https:\/\/sport.luiss.it\/#website\",\"url\":\"https:\/\/sport.luiss.it\/\",\"name\":\"Luiss Sport - Luiss Guido Carli\",\"description\":\"Luiss Sport\",\"potentialAction\":[{\"@type\":\"SearchAction\",\"target\":{\"@type\":\"EntryPoint\",\"urlTemplate\":\"https:\/\/sport.luiss.it\/?s={search_term_string}\"},\"query-input\":{\"@type\":\"PropertyValueSpecification\",\"valueRequired\":true,\"valueName\":\"search_term_string\"}}],\"inLanguage\":\"en-US\"},{\"@type\":\"Person\",\"@id\":\"\"}]}<\/script>\n<!-- \/ Yoast SEO plugin. -->","yoast_head_json":{"title":"Serie B: sabato scontro salvezza al PalaLUISS - Luiss Sport - Luiss Guido Carli","robots":{"index":"index","follow":"follow","max-snippet":"max-snippet:-1","max-image-preview":"max-image-preview:large","max-video-preview":"max-video-preview:-1"},"canonical":"https:\/\/sport.luiss.it\/2015\/11\/05\/serie-b-sabato-scontro-salvezza-al-palaluiss\/","og_locale":"en_US","og_type":"article","og_title":"Serie B: sabato scontro salvezza al PalaLUISS - Luiss Sport - Luiss Guido Carli","og_description":"Sabato 7 novembre al PalaLUISS andr\u00e0 in scena il 7\u00b0 turno stagionale del campionato di serie B che vedr\u00e0 opposte l\u2019ASD LUISS Roma e la Dynamic Venafro in un autentico [&hellip;]","og_url":"https:\/\/sport.luiss.it\/2015\/11\/05\/serie-b-sabato-scontro-salvezza-al-palaluiss\/","og_site_name":"Luiss Sport - Luiss Guido Carli","article_publisher":"https:\/\/www.facebook.com\/sportluiss\/","article_published_time":"2015-11-05T11:45:09+00:00","twitter_card":"summary_large_image","twitter_misc":{"Written by":"","Est. reading time":"3 minutes"},"schema":{"@context":"https:\/\/schema.org","@graph":[{"@type":"WebPage","@id":"https:\/\/sport.luiss.it\/2015\/11\/05\/serie-b-sabato-scontro-salvezza-al-palaluiss\/","url":"https:\/\/sport.luiss.it\/2015\/11\/05\/serie-b-sabato-scontro-salvezza-al-palaluiss\/","name":"Serie B: sabato scontro salvezza al PalaLUISS - Luiss Sport - Luiss Guido Carli","isPartOf":{"@id":"https:\/\/sport.luiss.it\/#website"},"primaryImageOfPage":{"@id":"https:\/\/sport.luiss.it\/2015\/11\/05\/serie-b-sabato-scontro-salvezza-al-palaluiss\/#primaryimage"},"image":{"@id":"https:\/\/sport.luiss.it\/2015\/11\/05\/serie-b-sabato-scontro-salvezza-al-palaluiss\/#primaryimage"},"thumbnailUrl":"","datePublished":"2015-11-05T11:45:09+00:00","author":{"@id":""},"breadcrumb":{"@id":"https:\/\/sport.luiss.it\/2015\/11\/05\/serie-b-sabato-scontro-salvezza-al-palaluiss\/#breadcrumb"},"inLanguage":"en-US","potentialAction":[{"@type":"ReadAction","target":["https:\/\/sport.luiss.it\/2015\/11\/05\/serie-b-sabato-scontro-salvezza-al-palaluiss\/"]}]},{"@type":"ImageObject","inLanguage":"en-US","@id":"https:\/\/sport.luiss.it\/2015\/11\/05\/serie-b-sabato-scontro-salvezza-al-palaluiss\/#primaryimage","url":"","contentUrl":""},{"@type":"BreadcrumbList","@id":"https:\/\/sport.luiss.it\/2015\/11\/05\/serie-b-sabato-scontro-salvezza-al-palaluiss\/#breadcrumb","itemListElement":[{"@type":"ListItem","position":1,"name":"Home","item":"https:\/\/sport.luiss.it\/en\/"},{"@type":"ListItem","position":2,"name":"Serie B: sabato scontro salvezza al PalaLUISS"}]},{"@type":"WebSite","@id":"https:\/\/sport.luiss.it\/#website","url":"https:\/\/sport.luiss.it\/","name":"Luiss Sport - Luiss Guido Carli","description":"Luiss Sport","potentialAction":[{"@type":"SearchAction","target":{"@type":"EntryPoint","urlTemplate":"https:\/\/sport.luiss.it\/?s={search_term_string}"},"query-input":{"@type":"PropertyValueSpecification","valueRequired":true,"valueName":"search_term_string"}}],"inLanguage":"en-US"},{"@type":"Person","@id":""}]}},"_links":{"self":[{"href":"https:\/\/sport.luiss.it\/en\/wp-json\/wp\/v2\/posts\/9595","targetHints":{"allow":["GET"]}}],"collection":[{"href":"https:\/\/sport.luiss.it\/en\/wp-json\/wp\/v2\/posts"}],"about":[{"href":"https:\/\/sport.luiss.it\/en\/wp-json\/wp\/v2\/types\/post"}],"author":[{"embeddable":true,"href":"https:\/\/sport.luiss.it\/en\/wp-json\/wp\/v2\/users\/441"}],"replies":[{"embeddable":true,"href":"https:\/\/sport.luiss.it\/en\/wp-json\/wp\/v2\/comments?post=9595"}],"version-history":[{"count":0,"href":"https:\/\/sport.luiss.it\/en\/wp-json\/wp\/v2\/posts\/9595\/revisions"}],"wp:featuredmedia":[{"embeddable":true,"href":"https:\/\/sport.luiss.it\/en\/wp-json\/"}],"wp:attachment":[{"href":"https:\/\/sport.luiss.it\/en\/wp-json\/wp\/v2\/media?parent=9595"}],"wp:term":[{"taxonomy":"category","embeddable":true,"href":"https:\/\/sport.luiss.it\/en\/wp-json\/wp\/v2\/categories?post=9595"},{"taxonomy":"post_tag","embeddable":true,"href":"https:\/\/sport.luiss.it\/en\/wp-json\/wp\/v2\/tags?post=9595"}],"curies":[{"name":"wp","href":"https:\/\/api.w.org\/{rel}","templated":true}]}}