
{"id":9643,"date":"2015-11-12T13:26:27","date_gmt":"2015-11-12T13:26:27","guid":{"rendered":"https:\/\/sport.luiss.it\/?p=9643"},"modified":"2015-11-12T13:26:27","modified_gmt":"2015-11-12T13:26:27","slug":"serie-b-la-luiss-a-fondi-cerca-la-prima-vittoria-esterna","status":"publish","type":"post","link":"https:\/\/sport.luiss.it\/en\/2015\/11\/12\/serie-b-la-luiss-a-fondi-cerca-la-prima-vittoria-esterna\/","title":{"rendered":"Serie B: la LUISS a Fondi cerca la prima vittoria esterna"},"content":{"rendered":"<p><a href=\"https:\/\/sport.luiss.it\/wp-content\/uploads\/2015\/11\/Giacomo_Chiatti.png\"><img loading=\"lazy\" decoding=\"async\" class=\"alignleft size-full wp-image-9644\" src=\"https:\/\/sport.luiss.it\/wp-content\/uploads\/2015\/11\/Giacomo_Chiatti.png\" alt=\"Giacomo_Chiatti\" width=\"293\" height=\"202\" \/><\/a>Dopo l\u2019importante successo contro Venafro, battuto al PalaLUISS con un netto 102-53, \u00e8 pronta ad affrontare una nuova trasferta<strong> l\u2019ASD LUISS che sabato 14 si recher\u00e0 a Fondi<\/strong> per l\u20198\u00b0 turno del campionato di serie B.<\/p>\n<p>Un\u2019altra sfida contro una diretta concorrente per la salvezza quella che affronteranno Capitan Faragalli e compagni che andranno nella citt\u00e0 pontina per provare ad ottenere il primo successo lontano dalle mura amiche. Di fronte si troveranno per\u00f2 una formazione rinfrancata dopo aver sbancato Maddaloni nell\u2019ultimo turno con il risultato di 83-68 e che vuole tornare a vincere al Pala Virtus dove l\u2019ultimo successo ottenuto risale allo scorso 10 ottobre. Anche questa stagione, come molte delle ultime, i punti di forza del team pontino sono <strong>Pino Romano<\/strong>, intramontabile ala classe \u201973 che viaggia ad oltre 15 punti di media a partita, e <strong>Antonello Lilliu<\/strong> che ne realizza 14.4 di media, con i 31 messi a segno nell\u2019ultimo turno a Maddaloni. La squadra guidata da Massimo Macaro occupa attualmente la stessa posizione dell\u2019ASD LUISS a quota 4 punti, dopo le vittorie ottenute appunto contro i casertani domenica scorsa e contro Venafro in occasione della terza giornata di campionato, e questo contro diretto sar\u00e0 quindi fondamentale per le due formazioni, perch\u00e9 chi vincer\u00e0 riuscir\u00e0 a mettersi alle spalle varie squadre in vista della seconda parte del girone d\u2019andata, che terminer\u00e0 il 3 gennaio 2016.<\/p>\n<p>Anche la LUISS, come la Virtus Fondi, arriva a quest\u2019appuntamento<strong> dopo aver ritrovato il sorriso<\/strong> nella vittoria contro la Dynamic Venafro, battuta nettamente al termine di una partita gestita nel migliore dei modi dalla squadra di Coach Paccari\u00e8, che ha potuto contare sul <strong>buon apporto da parte di ognuno dei giocatori, andati tutti a referto<\/strong>.<\/p>\n<p><strong>Giacomo Chiatti<\/strong>, l\u2019esperto playmaker classe \u201986 al primo anno con la maglia luissina, si esprime cos\u00ec sul prossimo impegno della squadra universitaria: <em>\u201cSecondo me siamo in un buon momento, la prestazione contro Venafro \u00e8 stata positiva, c\u2019\u00e8 pi\u00f9 merito nostro in questa vittoria che loro demerito, perch\u00e9 abbiamo giocato come dobbiamo, siamo stati tutti coinvolti e questo per noi \u00e8 importante, perch\u00e9 i vuoti e le pause che ci prendiamo ogni tanto derivano proprio dal fatto che non riusciamo sempre a coinvolgerci tutti, mentre sabato \u00e8 successo, e questo ci ha portato a vincere nel migliore dei modi. <strong>\u00c8 stata una vittoria partita dalla difesa, e dobbiamo cercare di riproporre il tutto a Fondi, perch\u00e9 sar\u00e0 la chiave per vincere l\u00ec<\/strong>. Purtroppo alterniamo delle partite in cui riusciamo a giocare di squadra con continuit\u00e0, al altre in cui ci spegniamo come successo a Maddaloni, quindi la partita a Fondi deve tracciare la linee guida per quelle successive. La Virtus<\/em> \u2013 continua Jack \u2013 <em>\u00e8 una squadra che ha da tanti anni continuit\u00e0 nei suoi giocatori chiave, quindi ha una struttura ben delineata, per questo dicevo che difensivamente dovremo fare una grande partita, soprattutto sugli uomini che si prendono maggiori responsabilit\u00e0 come Lilliu e Romano, ma concentrandosi comunque globalmente su tutti gli avversari.\u201d<\/em><\/p>\n<p>Sull\u2019andamento della stagione degli universitari, il numero 6 biancoblu dichiara:<em> \u201cSono partite, sia questa di Fondi che le prossime due contro Empoli e Stella Azzurra, che definiscono le posizioni in classifica, quindi sono importantissime e ne siamo consapevoli. La nostra \u00e8 una squadra giovane <\/em>(Chiatti, nonostante i 29 anni non ancora compiuti, \u00e8 il giocatore pi\u00f9 \u201canziano\u201d della formazione luissina, nda) <em>che qualche volta perde i suoi punti di riferimento, d\u2019altronde la maggior parte di noi gioca insieme da pochi mesi, in un sistema di gioco che stiamo assimilando, per questo \u00e8 <strong>importante tenere alta l\u2019attenzione sulle linee tecniche che stiamo cercando di costruire dall\u2019inizio dell\u2019anno con il Coach<\/strong>. Se riusciamo a tener sempre desta l\u2019attenzione, riusciamo a fare grossi passi in avanti, come dimostra il match contro Cassino, giocato in maniera stupenda per 35 minuti prima che si spegnesse la luce, complice sicuramente il fatto che loro fossero superiori, ma quella gara potevamo vincerla e nonostante i due punti non siano arrivati abbiamo dimostrato di poter fare tanti progressi anche contro formazioni con ambizioni importanti. \u00c8 fondamentale e giusto \u2013 conclude Chiatti \u2013 che uno si concentri in particolar modo sugli scontri diretti, per\u00f2 credo che le energie vadano convogliate sugli aspetti fondamentali a cui cerchiamo di dare valore da agosto, perch\u00e9 <strong>se quotidianamente alziamo il livello di concentrazione, se continuiamo a lavorare come stiamo facendo sulla nostra identit\u00e0, tutto il resto viene di conseguenza, senza focalizzarci esclusivamente sugli avversari di turno, ma su noi stessi di settimana in settimana. <\/strong>Nell\u2019ultima partita contro Venafro non abbiamo mai smesso di giocare per tutti i 40 minuti, anche quando sembrava gi\u00e0 finita, abbiamo continuato a dare il massimo, e questo \u00e8 ci\u00f2 che ha portato al divario cos\u00ec ampio. Sono quindi molto fiducioso perch\u00e9 quando si perde qualche partita di fila pu\u00f2 nascere la tendenza a demoralizzarsi, ma questo non \u00e8 successo e non deve succedere, dobbiamo semplicemente tenere alta la tensione e sono convinto che anche a lungo termine il lavoro pagher\u00e0.\u201d<\/em><\/p>\n<p>Il match tra Virtus Fondi e ASD LUISS Roma si giocher\u00e0 <strong>sabato 14 novembre alle 18.30 al Pala Virtus di Fondi <\/strong>(LT), dove ad arbitrare sono chiamati i Signori Fabrizio Suriano e Riccardo Falcetto, entrambi provenienti da Torino.<\/p>\n<p><strong>Danila Di Biase<\/strong><\/p>\n<p><strong>ASD LUISS<\/strong><\/p>\n<p>&nbsp;<\/p>\n","protected":false},"excerpt":{"rendered":"<p>Dopo l\u2019importante successo contro Venafro, battuto al PalaLUISS con un netto 102-53, \u00e8 pronta ad affrontare una nuova trasferta l\u2019ASD LUISS che sabato 14 si recher\u00e0 a Fondi per l\u20198\u00b0 [&hellip;]<\/p>\n","protected":false},"author":441,"featured_media":9644,"comment_status":"closed","ping_status":"closed","sticky":false,"template":"","format":"standard","meta":{"_monsterinsights_skip_tracking":false,"_monsterinsights_sitenote_active":false,"_monsterinsights_sitenote_note":"","_monsterinsights_sitenote_category":0,"footnotes":""},"categories":[114],"tags":[],"class_list":["post-9643","post","type-post","status-publish","format-standard","has-post-thumbnail","hentry","category-news-basket-c"],"yoast_head":"<!-- This site is optimized with the Yoast SEO plugin v26.5 - https:\/\/yoast.com\/wordpress\/plugins\/seo\/ -->\n<title>Serie B: la LUISS a Fondi cerca la prima vittoria esterna - Luiss Sport - Luiss Guido Carli<\/title>\n<meta name=\"robots\" content=\"index, follow, max-snippet:-1, max-image-preview:large, max-video-preview:-1\" \/>\n<link rel=\"canonical\" href=\"https:\/\/sport.luiss.it\/2015\/11\/12\/serie-b-la-luiss-a-fondi-cerca-la-prima-vittoria-esterna\/\" \/>\n<meta property=\"og:locale\" content=\"en_US\" \/>\n<meta property=\"og:type\" content=\"article\" \/>\n<meta property=\"og:title\" content=\"Serie B: la LUISS a Fondi cerca la prima vittoria esterna - Luiss Sport - Luiss Guido Carli\" \/>\n<meta property=\"og:description\" content=\"Dopo l\u2019importante successo contro Venafro, battuto al PalaLUISS con un netto 102-53, \u00e8 pronta ad affrontare una nuova trasferta l\u2019ASD LUISS che sabato 14 si recher\u00e0 a Fondi per l\u20198\u00b0 [&hellip;]\" \/>\n<meta property=\"og:url\" content=\"https:\/\/sport.luiss.it\/2015\/11\/12\/serie-b-la-luiss-a-fondi-cerca-la-prima-vittoria-esterna\/\" \/>\n<meta property=\"og:site_name\" content=\"Luiss Sport - Luiss Guido Carli\" \/>\n<meta property=\"article:publisher\" content=\"https:\/\/www.facebook.com\/sportluiss\/\" \/>\n<meta property=\"article:published_time\" content=\"2015-11-12T13:26:27+00:00\" \/>\n<meta name=\"twitter:card\" content=\"summary_large_image\" \/>\n<meta name=\"twitter:label1\" content=\"Written by\" \/>\n\t<meta name=\"twitter:data1\" content=\"\" \/>\n\t<meta name=\"twitter:label2\" content=\"Est. reading time\" \/>\n\t<meta name=\"twitter:data2\" content=\"4 minutes\" \/>\n<script type=\"application\/ld+json\" class=\"yoast-schema-graph\">{\"@context\":\"https:\/\/schema.org\",\"@graph\":[{\"@type\":\"WebPage\",\"@id\":\"https:\/\/sport.luiss.it\/2015\/11\/12\/serie-b-la-luiss-a-fondi-cerca-la-prima-vittoria-esterna\/\",\"url\":\"https:\/\/sport.luiss.it\/2015\/11\/12\/serie-b-la-luiss-a-fondi-cerca-la-prima-vittoria-esterna\/\",\"name\":\"Serie B: la LUISS a Fondi cerca la prima vittoria esterna - Luiss Sport - Luiss Guido Carli\",\"isPartOf\":{\"@id\":\"https:\/\/sport.luiss.it\/#website\"},\"primaryImageOfPage\":{\"@id\":\"https:\/\/sport.luiss.it\/2015\/11\/12\/serie-b-la-luiss-a-fondi-cerca-la-prima-vittoria-esterna\/#primaryimage\"},\"image\":{\"@id\":\"https:\/\/sport.luiss.it\/2015\/11\/12\/serie-b-la-luiss-a-fondi-cerca-la-prima-vittoria-esterna\/#primaryimage\"},\"thumbnailUrl\":\"\",\"datePublished\":\"2015-11-12T13:26:27+00:00\",\"author\":{\"@id\":\"\"},\"breadcrumb\":{\"@id\":\"https:\/\/sport.luiss.it\/2015\/11\/12\/serie-b-la-luiss-a-fondi-cerca-la-prima-vittoria-esterna\/#breadcrumb\"},\"inLanguage\":\"en-US\",\"potentialAction\":[{\"@type\":\"ReadAction\",\"target\":[\"https:\/\/sport.luiss.it\/2015\/11\/12\/serie-b-la-luiss-a-fondi-cerca-la-prima-vittoria-esterna\/\"]}]},{\"@type\":\"ImageObject\",\"inLanguage\":\"en-US\",\"@id\":\"https:\/\/sport.luiss.it\/2015\/11\/12\/serie-b-la-luiss-a-fondi-cerca-la-prima-vittoria-esterna\/#primaryimage\",\"url\":\"\",\"contentUrl\":\"\"},{\"@type\":\"BreadcrumbList\",\"@id\":\"https:\/\/sport.luiss.it\/2015\/11\/12\/serie-b-la-luiss-a-fondi-cerca-la-prima-vittoria-esterna\/#breadcrumb\",\"itemListElement\":[{\"@type\":\"ListItem\",\"position\":1,\"name\":\"Home\",\"item\":\"https:\/\/sport.luiss.it\/en\/\"},{\"@type\":\"ListItem\",\"position\":2,\"name\":\"Serie B: la LUISS a Fondi cerca la prima vittoria esterna\"}]},{\"@type\":\"WebSite\",\"@id\":\"https:\/\/sport.luiss.it\/#website\",\"url\":\"https:\/\/sport.luiss.it\/\",\"name\":\"Luiss Sport - Luiss Guido Carli\",\"description\":\"Luiss Sport\",\"potentialAction\":[{\"@type\":\"SearchAction\",\"target\":{\"@type\":\"EntryPoint\",\"urlTemplate\":\"https:\/\/sport.luiss.it\/?s={search_term_string}\"},\"query-input\":{\"@type\":\"PropertyValueSpecification\",\"valueRequired\":true,\"valueName\":\"search_term_string\"}}],\"inLanguage\":\"en-US\"},{\"@type\":\"Person\",\"@id\":\"\"}]}<\/script>\n<!-- \/ Yoast SEO plugin. -->","yoast_head_json":{"title":"Serie B: la LUISS a Fondi cerca la prima vittoria esterna - Luiss Sport - Luiss Guido Carli","robots":{"index":"index","follow":"follow","max-snippet":"max-snippet:-1","max-image-preview":"max-image-preview:large","max-video-preview":"max-video-preview:-1"},"canonical":"https:\/\/sport.luiss.it\/2015\/11\/12\/serie-b-la-luiss-a-fondi-cerca-la-prima-vittoria-esterna\/","og_locale":"en_US","og_type":"article","og_title":"Serie B: la LUISS a Fondi cerca la prima vittoria esterna - Luiss Sport - Luiss Guido Carli","og_description":"Dopo l\u2019importante successo contro Venafro, battuto al PalaLUISS con un netto 102-53, \u00e8 pronta ad affrontare una nuova trasferta l\u2019ASD LUISS che sabato 14 si recher\u00e0 a Fondi per l\u20198\u00b0 [&hellip;]","og_url":"https:\/\/sport.luiss.it\/2015\/11\/12\/serie-b-la-luiss-a-fondi-cerca-la-prima-vittoria-esterna\/","og_site_name":"Luiss Sport - Luiss Guido Carli","article_publisher":"https:\/\/www.facebook.com\/sportluiss\/","article_published_time":"2015-11-12T13:26:27+00:00","twitter_card":"summary_large_image","twitter_misc":{"Written by":"","Est. reading time":"4 minutes"},"schema":{"@context":"https:\/\/schema.org","@graph":[{"@type":"WebPage","@id":"https:\/\/sport.luiss.it\/2015\/11\/12\/serie-b-la-luiss-a-fondi-cerca-la-prima-vittoria-esterna\/","url":"https:\/\/sport.luiss.it\/2015\/11\/12\/serie-b-la-luiss-a-fondi-cerca-la-prima-vittoria-esterna\/","name":"Serie B: la LUISS a Fondi cerca la prima vittoria esterna - Luiss Sport - Luiss Guido Carli","isPartOf":{"@id":"https:\/\/sport.luiss.it\/#website"},"primaryImageOfPage":{"@id":"https:\/\/sport.luiss.it\/2015\/11\/12\/serie-b-la-luiss-a-fondi-cerca-la-prima-vittoria-esterna\/#primaryimage"},"image":{"@id":"https:\/\/sport.luiss.it\/2015\/11\/12\/serie-b-la-luiss-a-fondi-cerca-la-prima-vittoria-esterna\/#primaryimage"},"thumbnailUrl":"","datePublished":"2015-11-12T13:26:27+00:00","author":{"@id":""},"breadcrumb":{"@id":"https:\/\/sport.luiss.it\/2015\/11\/12\/serie-b-la-luiss-a-fondi-cerca-la-prima-vittoria-esterna\/#breadcrumb"},"inLanguage":"en-US","potentialAction":[{"@type":"ReadAction","target":["https:\/\/sport.luiss.it\/2015\/11\/12\/serie-b-la-luiss-a-fondi-cerca-la-prima-vittoria-esterna\/"]}]},{"@type":"ImageObject","inLanguage":"en-US","@id":"https:\/\/sport.luiss.it\/2015\/11\/12\/serie-b-la-luiss-a-fondi-cerca-la-prima-vittoria-esterna\/#primaryimage","url":"","contentUrl":""},{"@type":"BreadcrumbList","@id":"https:\/\/sport.luiss.it\/2015\/11\/12\/serie-b-la-luiss-a-fondi-cerca-la-prima-vittoria-esterna\/#breadcrumb","itemListElement":[{"@type":"ListItem","position":1,"name":"Home","item":"https:\/\/sport.luiss.it\/en\/"},{"@type":"ListItem","position":2,"name":"Serie B: la LUISS a Fondi cerca la prima vittoria esterna"}]},{"@type":"WebSite","@id":"https:\/\/sport.luiss.it\/#website","url":"https:\/\/sport.luiss.it\/","name":"Luiss Sport - Luiss Guido Carli","description":"Luiss Sport","potentialAction":[{"@type":"SearchAction","target":{"@type":"EntryPoint","urlTemplate":"https:\/\/sport.luiss.it\/?s={search_term_string}"},"query-input":{"@type":"PropertyValueSpecification","valueRequired":true,"valueName":"search_term_string"}}],"inLanguage":"en-US"},{"@type":"Person","@id":""}]}},"_links":{"self":[{"href":"https:\/\/sport.luiss.it\/en\/wp-json\/wp\/v2\/posts\/9643","targetHints":{"allow":["GET"]}}],"collection":[{"href":"https:\/\/sport.luiss.it\/en\/wp-json\/wp\/v2\/posts"}],"about":[{"href":"https:\/\/sport.luiss.it\/en\/wp-json\/wp\/v2\/types\/post"}],"author":[{"embeddable":true,"href":"https:\/\/sport.luiss.it\/en\/wp-json\/wp\/v2\/users\/441"}],"replies":[{"embeddable":true,"href":"https:\/\/sport.luiss.it\/en\/wp-json\/wp\/v2\/comments?post=9643"}],"version-history":[{"count":0,"href":"https:\/\/sport.luiss.it\/en\/wp-json\/wp\/v2\/posts\/9643\/revisions"}],"wp:featuredmedia":[{"embeddable":true,"href":"https:\/\/sport.luiss.it\/en\/wp-json\/"}],"wp:attachment":[{"href":"https:\/\/sport.luiss.it\/en\/wp-json\/wp\/v2\/media?parent=9643"}],"wp:term":[{"taxonomy":"category","embeddable":true,"href":"https:\/\/sport.luiss.it\/en\/wp-json\/wp\/v2\/categories?post=9643"},{"taxonomy":"post_tag","embeddable":true,"href":"https:\/\/sport.luiss.it\/en\/wp-json\/wp\/v2\/tags?post=9643"}],"curies":[{"name":"wp","href":"https:\/\/api.w.org\/{rel}","templated":true}]}}