
{"id":9696,"date":"2015-11-19T22:07:30","date_gmt":"2015-11-19T22:07:30","guid":{"rendered":"https:\/\/sport.luiss.it\/?p=9696"},"modified":"2015-11-19T22:07:30","modified_gmt":"2015-11-19T22:07:30","slug":"serie-b-sabato-al-palaluiss-arriva-empoli","status":"publish","type":"post","link":"https:\/\/sport.luiss.it\/en\/2015\/11\/19\/serie-b-sabato-al-palaluiss-arriva-empoli\/","title":{"rendered":"Serie B: sabato al Palaluiss arriva Empoli"},"content":{"rendered":"<p><a href=\"https:\/\/sport.luiss.it\/wp-content\/uploads\/2015\/11\/paccari\u00e8_15.jpg\"><img loading=\"lazy\" decoding=\"async\" class=\"alignleft size-medium wp-image-9697\" src=\"https:\/\/sport.luiss.it\/wp-content\/uploads\/2015\/11\/paccari\u00e8_15-300x259.jpg\" alt=\"paccari\u00e8_15\" width=\"300\" height=\"259\" \/><\/a><\/p>\n<p>Sar\u00e0 l\u2019<strong>USE Empoli <\/strong>l\u2019avversaria dell\u2019ASD LUISS Roma nel 9\u00b0 turno del campionato di serie B che vedr\u00e0 opposte le due squadre sabato 21 novembre al PalaLUISS di Roma.<\/p>\n<p>Sfida inedita quella tra le due formazioni che si affronteranno per confermare quanto di buono fatto vedere nell\u2019ultimo match disputato: la LUISS \u00e8 infatti reduce dall\u2019importantissima vittoria ottenuta in quel di Fondi dopo due tempi supplementari (95-97) che ha permesso ai ragazzi universitari di conquistare due punti fondamentali contro una diretta concorrente per la salvezza, mentre Empoli ha battuto la Nuova Aquila Palermo, una delle squadre pi\u00f9 accreditate del girone C, con il risultato di 62-51. Il match che andr\u00e0 in scena nella Capitale sar\u00e0 quindi molto importante per i due team in campo, che sono attualmente distanti solo 2 punti in classifica (Empoli 8, LUISS 6) e che per questo cercheranno una vittoria che consentirebbe sia ai capitolini che ai toscani di affrontare nel migliore dei modi il rush finale di questo girone d\u2019andata.<\/p>\n<p>L\u2019USE Empoli ha in <strong>Matteo Samoggia<\/strong> il suo punto di forza, con l\u2019ex-Palestrina che viaggia a 11.63 punti e 6.13 rimbalzi di media a partita, seguito da Bei, Mariotti, Terrosi\u00a0 e Mascagni che completano il quintetto titolare a disposizione di Coach Angelucci. I biancorossi non vincono in trasferta dal 10 ottobre quando espugnarono il campo della Cesarano Scafati per 67-66, e dopo l\u2019impegno in terra campana in occasione della terza giornata di campionato, hanno accumulato tre sconfitte e due vittorie.<\/p>\n<p>L\u2019ASD LUISS arriva a quest\u2019appuntamento con il morale alle stelle dopo aver battuto la Virtus Fondi al termine di una partita difficile, che per\u00f2 Faragalli e compagni sono riusciti a recuperare per ben due volte fino alla vittoria finale ottenuta solo al 50\u00b0 minuto. <strong>Coach Andrea Paccari\u00e8<\/strong>, a due giorni dal match contro l\u2019USE Empoli, dichiara: \u201c<em>\u00c8 un periodo molto intenso, dopo la partita di Fondi torniamo in casa contro una squadra che ha realizzato il risultato forse pi\u00f9 imprevisto della settimana scorsa con la vittoria contro Palermo. <strong>Noi ci godiamo, per quel poco che ci \u00e8 possibile fare, la bella prestazione di squadra e la vittoria del cuore di sabato sera a Fondi<\/strong> sperando che, oltre all\u2019accoppiata della vittoria con Venafro, produca quello che stiamo vedendo durante la settimana, cio\u00e8 entusiasmo, un po\u2019 pi\u00f9 di competitivit\u00e0 e soprattutto la consapevolezza di poter far bene indipendentemente dalle assenze e dalle serate storte. Questo potrebbe e dovrebbe essere la nostra forza, speriamo che poi sia effettivamente cos\u00ec.\u201d<\/em><\/p>\n<p>Sugli avversari che arriveranno sabato al PalaLUISS l\u2019allenatore biancoblu si esprime cos\u00ec: \u201c<strong><em>Empoli \u00e8 una squadra molto buona, con delle ottime individualit\u00e0<\/em><\/strong><em>, su tutti sicuramente Samoggia che \u00e8 un giocatore di grande talento e di elevata pericolosit\u00e0 offensiva, forse \u00e8 stato il giocatore che Palestrina ha perso pi\u00f9 malvolentieri nella ricostruzione della sua squadra, perch\u00e9 \u00e8 un atleta che ha varie capacit\u00e0 offensive, nell\u2019uno contro uno, nel tiro dalla lunga distanza. Ha, inoltre, una struttura fisica importante, oltre al talento per poter decidere effettivamente una partita, e questo non passer\u00e0 inosservato alla nostra difesa che tenter\u00e0 di arginarlo, magari meglio di quanto fatto proprio sul nostro campo nella passata stagione.\u201d<\/em><\/p>\n<p>La LUISS dopo l\u2019impegno con Empoli sar\u00e0 di scena gi\u00e0 <strong>mercoled\u00ec 25 in casa della Stella Azzurra per il primo derby stagionale e poi torner\u00e0 al PalaLUISS per ospitare proprio Palestrina sabato 28<\/strong>. Tre partite in 7 giorni, quindi, per gli universitari, ma questo non preoccupa oltremisura Coach Paccari\u00e8<em>: \u201cSicuramente molto dipender\u00e0 dal livello dei recuperi dei vari infortuni e dalla gestione di qualche problema che non manca mai, ma non sono eccessivamente preoccupato perch\u00e9 <strong>lavoriamo con impegno, stiamo facendo bene, e faremo il possibile per mettere in campo sempre la squadra migliore,<\/strong> vedremo come proceder\u00e0 il recupero di Rambaldi dopo l\u2019infortunio all\u2019occhio, sicuramente non saranno brevi i tempi previsti per il rientro di Scuderi, continueremo a monitorare con attenzione Gorrieri e Miriello, ma saremo pronti per queste sfide, a partire da quella importantissima contro Empoli.\u201d<\/em><\/p>\n<p>Il match tra ASD LUISS e USE Empoli si giocher\u00e0 <strong>sabato 21 novembre alle 18 al PalaLUISS<\/strong>, dove ad arbitrare sono chiamati il Signor Nicola Mancini di Caserta e la Signora Valentina Nioi di Assemini (CA).<\/p>\n<p>Tutti gli aggiornamenti potranno essere seguiti a partire dalle 17.30 con l\u2019hashtag <strong>#LuissEmpoli<\/strong> sulle fan-page di Facebook e Twitter Sport LUISS.<\/p>\n<p><strong>Danila Di Biase<\/strong><\/p>\n<p><strong>ASD LUISS <\/strong><\/p>\n","protected":false},"excerpt":{"rendered":"<p>Sar\u00e0 l\u2019USE Empoli l\u2019avversaria dell\u2019ASD LUISS Roma nel 9\u00b0 turno del campionato di serie B che vedr\u00e0 opposte le due squadre sabato 21 novembre al PalaLUISS di Roma. Sfida inedita [&hellip;]<\/p>\n","protected":false},"author":441,"featured_media":9697,"comment_status":"closed","ping_status":"closed","sticky":false,"template":"","format":"standard","meta":{"_monsterinsights_skip_tracking":false,"_monsterinsights_sitenote_active":false,"_monsterinsights_sitenote_note":"","_monsterinsights_sitenote_category":0,"footnotes":""},"categories":[114],"tags":[],"class_list":["post-9696","post","type-post","status-publish","format-standard","has-post-thumbnail","hentry","category-news-basket-c"],"yoast_head":"<!-- This site is optimized with the Yoast SEO plugin v26.5 - https:\/\/yoast.com\/wordpress\/plugins\/seo\/ -->\n<title>Serie B: sabato al Palaluiss arriva Empoli - Luiss Sport - Luiss Guido Carli<\/title>\n<meta name=\"robots\" content=\"index, follow, max-snippet:-1, max-image-preview:large, max-video-preview:-1\" \/>\n<link rel=\"canonical\" href=\"https:\/\/sport.luiss.it\/2015\/11\/19\/serie-b-sabato-al-palaluiss-arriva-empoli\/\" \/>\n<meta property=\"og:locale\" content=\"en_US\" \/>\n<meta property=\"og:type\" content=\"article\" \/>\n<meta property=\"og:title\" content=\"Serie B: sabato al Palaluiss arriva Empoli - Luiss Sport - Luiss Guido Carli\" \/>\n<meta property=\"og:description\" content=\"Sar\u00e0 l\u2019USE Empoli l\u2019avversaria dell\u2019ASD LUISS Roma nel 9\u00b0 turno del campionato di serie B che vedr\u00e0 opposte le due squadre sabato 21 novembre al PalaLUISS di Roma. Sfida inedita [&hellip;]\" \/>\n<meta property=\"og:url\" content=\"https:\/\/sport.luiss.it\/2015\/11\/19\/serie-b-sabato-al-palaluiss-arriva-empoli\/\" \/>\n<meta property=\"og:site_name\" content=\"Luiss Sport - Luiss Guido Carli\" \/>\n<meta property=\"article:publisher\" content=\"https:\/\/www.facebook.com\/sportluiss\/\" \/>\n<meta property=\"article:published_time\" content=\"2015-11-19T22:07:30+00:00\" \/>\n<meta name=\"twitter:card\" content=\"summary_large_image\" \/>\n<meta name=\"twitter:label1\" content=\"Written by\" \/>\n\t<meta name=\"twitter:data1\" content=\"\" \/>\n\t<meta name=\"twitter:label2\" content=\"Est. reading time\" \/>\n\t<meta name=\"twitter:data2\" content=\"4 minutes\" \/>\n<script type=\"application\/ld+json\" class=\"yoast-schema-graph\">{\"@context\":\"https:\/\/schema.org\",\"@graph\":[{\"@type\":\"WebPage\",\"@id\":\"https:\/\/sport.luiss.it\/2015\/11\/19\/serie-b-sabato-al-palaluiss-arriva-empoli\/\",\"url\":\"https:\/\/sport.luiss.it\/2015\/11\/19\/serie-b-sabato-al-palaluiss-arriva-empoli\/\",\"name\":\"Serie B: sabato al Palaluiss arriva Empoli - Luiss Sport - Luiss Guido Carli\",\"isPartOf\":{\"@id\":\"https:\/\/sport.luiss.it\/#website\"},\"primaryImageOfPage\":{\"@id\":\"https:\/\/sport.luiss.it\/2015\/11\/19\/serie-b-sabato-al-palaluiss-arriva-empoli\/#primaryimage\"},\"image\":{\"@id\":\"https:\/\/sport.luiss.it\/2015\/11\/19\/serie-b-sabato-al-palaluiss-arriva-empoli\/#primaryimage\"},\"thumbnailUrl\":\"\",\"datePublished\":\"2015-11-19T22:07:30+00:00\",\"author\":{\"@id\":\"\"},\"breadcrumb\":{\"@id\":\"https:\/\/sport.luiss.it\/2015\/11\/19\/serie-b-sabato-al-palaluiss-arriva-empoli\/#breadcrumb\"},\"inLanguage\":\"en-US\",\"potentialAction\":[{\"@type\":\"ReadAction\",\"target\":[\"https:\/\/sport.luiss.it\/2015\/11\/19\/serie-b-sabato-al-palaluiss-arriva-empoli\/\"]}]},{\"@type\":\"ImageObject\",\"inLanguage\":\"en-US\",\"@id\":\"https:\/\/sport.luiss.it\/2015\/11\/19\/serie-b-sabato-al-palaluiss-arriva-empoli\/#primaryimage\",\"url\":\"\",\"contentUrl\":\"\"},{\"@type\":\"BreadcrumbList\",\"@id\":\"https:\/\/sport.luiss.it\/2015\/11\/19\/serie-b-sabato-al-palaluiss-arriva-empoli\/#breadcrumb\",\"itemListElement\":[{\"@type\":\"ListItem\",\"position\":1,\"name\":\"Home\",\"item\":\"https:\/\/sport.luiss.it\/en\/\"},{\"@type\":\"ListItem\",\"position\":2,\"name\":\"Serie B: sabato al Palaluiss arriva Empoli\"}]},{\"@type\":\"WebSite\",\"@id\":\"https:\/\/sport.luiss.it\/#website\",\"url\":\"https:\/\/sport.luiss.it\/\",\"name\":\"Luiss Sport - Luiss Guido Carli\",\"description\":\"Luiss Sport\",\"potentialAction\":[{\"@type\":\"SearchAction\",\"target\":{\"@type\":\"EntryPoint\",\"urlTemplate\":\"https:\/\/sport.luiss.it\/?s={search_term_string}\"},\"query-input\":{\"@type\":\"PropertyValueSpecification\",\"valueRequired\":true,\"valueName\":\"search_term_string\"}}],\"inLanguage\":\"en-US\"},{\"@type\":\"Person\",\"@id\":\"\"}]}<\/script>\n<!-- \/ Yoast SEO plugin. -->","yoast_head_json":{"title":"Serie B: sabato al Palaluiss arriva Empoli - Luiss Sport - Luiss Guido Carli","robots":{"index":"index","follow":"follow","max-snippet":"max-snippet:-1","max-image-preview":"max-image-preview:large","max-video-preview":"max-video-preview:-1"},"canonical":"https:\/\/sport.luiss.it\/2015\/11\/19\/serie-b-sabato-al-palaluiss-arriva-empoli\/","og_locale":"en_US","og_type":"article","og_title":"Serie B: sabato al Palaluiss arriva Empoli - Luiss Sport - Luiss Guido Carli","og_description":"Sar\u00e0 l\u2019USE Empoli l\u2019avversaria dell\u2019ASD LUISS Roma nel 9\u00b0 turno del campionato di serie B che vedr\u00e0 opposte le due squadre sabato 21 novembre al PalaLUISS di Roma. Sfida inedita [&hellip;]","og_url":"https:\/\/sport.luiss.it\/2015\/11\/19\/serie-b-sabato-al-palaluiss-arriva-empoli\/","og_site_name":"Luiss Sport - Luiss Guido Carli","article_publisher":"https:\/\/www.facebook.com\/sportluiss\/","article_published_time":"2015-11-19T22:07:30+00:00","twitter_card":"summary_large_image","twitter_misc":{"Written by":"","Est. reading time":"4 minutes"},"schema":{"@context":"https:\/\/schema.org","@graph":[{"@type":"WebPage","@id":"https:\/\/sport.luiss.it\/2015\/11\/19\/serie-b-sabato-al-palaluiss-arriva-empoli\/","url":"https:\/\/sport.luiss.it\/2015\/11\/19\/serie-b-sabato-al-palaluiss-arriva-empoli\/","name":"Serie B: sabato al Palaluiss arriva Empoli - Luiss Sport - Luiss Guido Carli","isPartOf":{"@id":"https:\/\/sport.luiss.it\/#website"},"primaryImageOfPage":{"@id":"https:\/\/sport.luiss.it\/2015\/11\/19\/serie-b-sabato-al-palaluiss-arriva-empoli\/#primaryimage"},"image":{"@id":"https:\/\/sport.luiss.it\/2015\/11\/19\/serie-b-sabato-al-palaluiss-arriva-empoli\/#primaryimage"},"thumbnailUrl":"","datePublished":"2015-11-19T22:07:30+00:00","author":{"@id":""},"breadcrumb":{"@id":"https:\/\/sport.luiss.it\/2015\/11\/19\/serie-b-sabato-al-palaluiss-arriva-empoli\/#breadcrumb"},"inLanguage":"en-US","potentialAction":[{"@type":"ReadAction","target":["https:\/\/sport.luiss.it\/2015\/11\/19\/serie-b-sabato-al-palaluiss-arriva-empoli\/"]}]},{"@type":"ImageObject","inLanguage":"en-US","@id":"https:\/\/sport.luiss.it\/2015\/11\/19\/serie-b-sabato-al-palaluiss-arriva-empoli\/#primaryimage","url":"","contentUrl":""},{"@type":"BreadcrumbList","@id":"https:\/\/sport.luiss.it\/2015\/11\/19\/serie-b-sabato-al-palaluiss-arriva-empoli\/#breadcrumb","itemListElement":[{"@type":"ListItem","position":1,"name":"Home","item":"https:\/\/sport.luiss.it\/en\/"},{"@type":"ListItem","position":2,"name":"Serie B: sabato al Palaluiss arriva Empoli"}]},{"@type":"WebSite","@id":"https:\/\/sport.luiss.it\/#website","url":"https:\/\/sport.luiss.it\/","name":"Luiss Sport - Luiss Guido Carli","description":"Luiss Sport","potentialAction":[{"@type":"SearchAction","target":{"@type":"EntryPoint","urlTemplate":"https:\/\/sport.luiss.it\/?s={search_term_string}"},"query-input":{"@type":"PropertyValueSpecification","valueRequired":true,"valueName":"search_term_string"}}],"inLanguage":"en-US"},{"@type":"Person","@id":""}]}},"_links":{"self":[{"href":"https:\/\/sport.luiss.it\/en\/wp-json\/wp\/v2\/posts\/9696","targetHints":{"allow":["GET"]}}],"collection":[{"href":"https:\/\/sport.luiss.it\/en\/wp-json\/wp\/v2\/posts"}],"about":[{"href":"https:\/\/sport.luiss.it\/en\/wp-json\/wp\/v2\/types\/post"}],"author":[{"embeddable":true,"href":"https:\/\/sport.luiss.it\/en\/wp-json\/wp\/v2\/users\/441"}],"replies":[{"embeddable":true,"href":"https:\/\/sport.luiss.it\/en\/wp-json\/wp\/v2\/comments?post=9696"}],"version-history":[{"count":0,"href":"https:\/\/sport.luiss.it\/en\/wp-json\/wp\/v2\/posts\/9696\/revisions"}],"wp:featuredmedia":[{"embeddable":true,"href":"https:\/\/sport.luiss.it\/en\/wp-json\/"}],"wp:attachment":[{"href":"https:\/\/sport.luiss.it\/en\/wp-json\/wp\/v2\/media?parent=9696"}],"wp:term":[{"taxonomy":"category","embeddable":true,"href":"https:\/\/sport.luiss.it\/en\/wp-json\/wp\/v2\/categories?post=9696"},{"taxonomy":"post_tag","embeddable":true,"href":"https:\/\/sport.luiss.it\/en\/wp-json\/wp\/v2\/tags?post=9696"}],"curies":[{"name":"wp","href":"https:\/\/api.w.org\/{rel}","templated":true}]}}